{"id":27377,"date":"2026-09-04T07:00:11","date_gmt":"2026-09-04T05:00:11","guid":{"rendered":"https:\/\/www.generationsanstabac.org\/?post_type=actualites&#038;p=27377"},"modified":"2026-08-26T16:53:35","modified_gmt":"2026-08-26T14:53:35","slug":"le-bien-etre-mental-theme-de-la-journee-mondiale-sans-tabac-2027","status":"publish","type":"actualites","link":"https:\/\/www.generationsanstabac.org\/fr\/actualites\/le-bien-etre-mental-theme-de-la-journee-mondiale-sans-tabac-2027\/","title":{"rendered":"Le bien-\u00eatre mental, th\u00e8me de la Journ\u00e9e mondiale sans tabac 2027"},"content":{"rendered":"<p style=\"text-align: justify\"><em>L&rsquo;Organisation mondiale de la Sant\u00e9 (OMS) a rendu public, le 25 ao\u00fbt 2026, le th\u00e8me de la Journ\u00e9e mondiale sans tabac 2027, qui se tiendra le 31 mai : \u00ab Bien-\u00eatre mental : prot\u00e9ger les jeunes esprits du tabac et de la nicotine \u00bb<a href=\"#_ftn1\" name=\"_ftnref1\"><strong>[1]<\/strong><\/a>. La campagne entend documenter les liens entre consommation de tabac ou autre produit de nicotine, d\u00e9pendance et sant\u00e9 mentale chez les enfants et les adolescents, et contester les r\u00e9cits qui pr\u00e9sentent notamment ces produits comme des outils de gestion du stress. <\/em><\/p>\n<h2 style=\"text-align: justify\"><strong>Un discours industriel qui investit le champ du bien-\u00eatre<\/strong><\/h2>\n<p style=\"text-align: justify\">L&rsquo;OMS part de la r\u00e9alit\u00e9 : les enfants et les jeunes font face \u00e0 des pressions croissantes sur leur sant\u00e9 mentale. Par ailleurs, le bien-\u00eatre, la sant\u00e9 mentale et l&rsquo;\u00a0\u00ab\u00a0auto-soin\u00a0\u00bb occupent une place grandissante dans leurs pr\u00e9occupations. C&rsquo;est pr\u00e9cis\u00e9ment cet espace que les industries du tabac et de la nicotine cherchent aujourd&rsquo;hui \u00e0 investir et occuper. Ils positionnent ainsi leurs produits en les associant aux notions de d\u00e9tente, de r\u00e9duction du stress et de bien-\u00eatre \u00e9motionnel. Ils r\u00e9orientent plus largement leur communication d&rsquo;entreprise vers les secteurs du \u00ab bien-\u00eatre \u00bb et de la \u00ab sant\u00e9 \u00bb. L&rsquo;agence mondiale de sant\u00e9 souligne que cette approche prolonge \u00ab des d\u00e9cennies de marketing de l&rsquo;industrie du tabac visant \u00e0 associer le tabac et la nicotine en g\u00e9n\u00e9ral \u00e0 la d\u00e9tente, au plaisir et au soulagement du stress \u00bb.<\/p>\n<p style=\"text-align: justify\">Cette strat\u00e9gie industrielle a des cons\u00e9quences : les jeunes usagers d\u00e9clarent fr\u00e9quemment l&rsquo;anxi\u00e9t\u00e9, le stress ou la d\u00e9pression parmi leurs motifs de recours \u00e0 la cigarette \u00e9lectronique. Or rappelle l\u2019OMS l&rsquo;exposition \u00e0 la nicotine alt\u00e8re le cerveau en d\u00e9veloppement et conduit \u00e0 la d\u00e9pendance ainsi qu&rsquo;\u00e0 des effets d\u00e9favorables sur la sant\u00e9 mentale. Le manque entre deux consommations provoque \u00ab irritabilit\u00e9, anxi\u00e9t\u00e9 et envies imp\u00e9rieuses, incitant \u00e0 un usage r\u00e9p\u00e9t\u00e9 dans le seul but de soulager ces sympt\u00f4mes \u00bb. L&rsquo;argument du soulagement du stress constitue ainsi l&rsquo;un des b\u00e9n\u00e9fices per\u00e7us les plus solidement ancr\u00e9s chez les consommateurs, et pourtant l&rsquo;un des plus contredits par les donn\u00e9es scientifiques.<\/p>\n<h2 style=\"text-align: justify\"><strong>Le soulagement ressenti correspond \u00e0 la lev\u00e9e d&rsquo;un manque<\/strong><\/h2>\n<p style=\"text-align: justify\">La psychopharmacologie a document\u00e9 ce m\u00e9canisme d\u00e8s les ann\u00e9es 1990 sous le nom de \u00ab paradoxe de Nesbitt \u00bb<a href=\"#_ftn2\" name=\"_ftnref2\">[2]<\/a>. Entre deux cigarettes, la baisse de la nicotin\u00e9mie provoque chez la personne d\u00e9pendante des sympt\u00f4mes de sevrage : irritabilit\u00e9, nervosit\u00e9, tension, difficult\u00e9s de concentration, humeur d\u00e9grad\u00e9e. La cigarette suivante fait dispara\u00eetre ces sympt\u00f4mes et restaure un \u00e9tat de fonctionnement normal. Le fumeur interpr\u00e8te ce retour \u00e0 la normale comme une d\u00e9tente procur\u00e9e par le tabac, alors qu&rsquo;il s&rsquo;agit de la r\u00e9version d&rsquo;un \u00e9tat de manque que la consommation a elle-m\u00eame cr\u00e9\u00e9. Autrement dit, le produit vend la solution \u00e0 un probl\u00e8me qu&rsquo;il g\u00e9n\u00e8re, sur un cycle de quelques dizaines de minutes.<\/p>\n<p style=\"text-align: justify\">La revue Cochrane<a href=\"#_ftn3\" name=\"_ftnref3\">[3]<\/a> consacr\u00e9e \u00e0 cette question, publi\u00e9e en 2021, a rassembl\u00e9 102 \u00e9tudes d&rsquo;observation portant sur plus de 169 500 participants, avec des suivis allant de six semaines \u00e0 six ans. Les personnes ayant arr\u00eat\u00e9 de fumer pendant au moins six semaines pr\u00e9sentent une r\u00e9duction des sympt\u00f4mes d\u00e9pressifs, de l&rsquo;anxi\u00e9t\u00e9 et du stress, ainsi qu&rsquo;une am\u00e9lioration des affects positifs et du bien-\u00eatre psychologique, sans d\u00e9gradation de leur vie sociale.<\/p>\n<h2 style=\"text-align: justify\"><strong>Un lien \u00e9galement observ\u00e9 pour les produits du vapotage<\/strong><\/h2>\n<p style=\"text-align: justify\">Chez les adolescents, l&rsquo;association entre usage de nicotine et sympt\u00f4mes psychiques est \u00e9galement document\u00e9e. L&rsquo;analyse des donn\u00e9es de la National Youth Tobacco Survey am\u00e9ricaine de 2021 \u00e0 2023, portant sur 60 072 coll\u00e9giens et lyc\u00e9ens, fait \u00e9tat dans ses r\u00e9sultats de pr\u00e9valences de sympt\u00f4mes d\u00e9pressifs de 21,8 % chez les non-usagers, 35,9 % chez les usagers exclusifs de cigarette \u00e9lectronique et 43,4 % chez les usagers combinant vapotage et tabac. Apr\u00e8s ajustement, l&rsquo;usage exclusif de cigarette \u00e9lectronique est associ\u00e9 \u00e0 un risque accru de d\u00e9pression, d&rsquo;anxi\u00e9t\u00e9 et de d\u00e9tresse psychologique<a href=\"#_ftn4\" name=\"_ftnref4\">[4]<\/a>. Ces donn\u00e9es transversales n&rsquo;\u00e9tablissent pas \u00e0 elles seules un sens de causalit\u00e9, mais elles contredisent frontalement le positionnement du vapotage comme outil de gestion du stress.<\/p>\n<p style=\"text-align: justify\">\u00c0 ces \u00e9l\u00e9ments s&rsquo;ajoute l&rsquo;argument relatif au d\u00e9veloppement d\u2019un jeune rappel\u00e9 par l&rsquo;OMS : l&rsquo;exposition \u00e0 la nicotine pendant l&rsquo;adolescence, p\u00e9riode de maturation du cerveau, affecte le d\u00e9veloppement c\u00e9r\u00e9bral et favorise l&rsquo;installation rapide de la d\u00e9pendance.<\/p>\n<h2 style=\"text-align: justify\"><strong>Cinq objectifs de campagne et un appel aux politiques publiques<\/strong><\/h2>\n<p style=\"text-align: justify\">L&rsquo;OMS assigne cinq objectifs \u00e0 la campagne 2027 : sensibiliser aux liens entre usage de tabac ou autres produits de nicotine, d\u00e9pendance et bien-\u00eatre mental des jeunes ; contrer les r\u00e9cits trompeurs associant ces produits \u00e0 la gestion du stress ; diffuser aupr\u00e8s des jeunes des informations de pr\u00e9vention fond\u00e9es sur les donn\u00e9es probantes ; promouvoir des services d&rsquo;aide \u00e0 l&rsquo;arr\u00eat accessibles et fond\u00e9s sur les preuves ; encourager les gouvernements \u00e0 renforcer les politiques de protection de la jeunesse.<\/p>\n<p style=\"text-align: justify\">Ce th\u00e8me prolonge celui de l&rsquo;\u00e9dition 2026, consacr\u00e9e \u00e0 la protection des jeunes face \u00e0 la d\u00e9pendance aux produits du tabac et de la nicotine. L&rsquo;OMS y rappelait que 40 millions d&rsquo;enfants \u00e2g\u00e9s de 13 \u00e0 15 ans consomment des produits du tabac dans le monde. Le Dr Etienne Krug, directeur du D\u00e9partement des d\u00e9terminants commerciaux de la sant\u00e9 \u00e0 l&rsquo;OMS, y d\u00e9crivait des industriels qui \u00ab r\u00e9inventent leur mod\u00e8le \u00e9conomique \u00bb en promouvant \u00ab des cigarettes \u00e9lectroniques aromatis\u00e9es, des sachets de nicotine et d&rsquo;autres produits con\u00e7us pour rendre d\u00e9pendante la g\u00e9n\u00e9ration \u00e0 venir \u00bb<a href=\"#_ftn5\" name=\"_ftnref5\">[5]<\/a>.<\/p>\n<p style=\"text-align: justify\">En centrant l&rsquo;\u00e9dition 2027 sur la sant\u00e9 mentale, l&rsquo;OMS ouvre un front encore peu couvert par les cadres r\u00e9glementaires nationaux : celui des all\u00e9gations implicites de bien-\u00eatre port\u00e9es par le marketing des nouveaux produits nicotin\u00e9s.<\/p>\n<p style=\"text-align: justify\"><strong><a href=\"https:\/\/www.generationsanstabac.org\/\">\u00a9G\u00e9n\u00e9ration Sans Tabac<\/a><\/strong><\/p>\n<p style=\"text-align: right\"><em><strong>AE<\/strong><\/em><\/p>\n<hr \/>\n<p style=\"text-align: justify\"><a href=\"#_ftnref1\" name=\"_ftn1\">[1]<\/a> Communiqu\u00e9, <a href=\"https:\/\/www.who.int\/philippines\/news\/detail-global\/25-08-2026-world-no-tobacco-day-2027--mental-well-being---protecting-young-minds-from-tobacco-and-nicotine\">World No Tobacco Day 2027: Mental well-being, protecting young minds from tobacco and nicotine<\/a>, OMS, publi\u00e9 le 25 ao\u00fbt 2026, consult\u00e9 le jour-m\u00eame.<\/p>\n<p style=\"text-align: justify\"><a href=\"#_ftnref2\" name=\"_ftn2\">[2]<\/a> Parrott A.C., <a href=\"https:\/\/psy.swansea.ac.uk\/staff\/parrott\/parrott1998NesbittsParadoxAddiction.pdf\">Nesbitt&rsquo;s Paradox resolved? Stress and arousal modulation during cigarette smoking<\/a>, <em>Addiction<\/em>, 93(1), 27-39, 1998.<\/p>\n<p style=\"text-align: justify\"><a href=\"#_ftnref3\" name=\"_ftn3\">[3]<\/a> Taylor G.M.J. et al., <a href=\"https:\/\/www.cochranelibrary.com\/cdsr\/doi\/10.1002\/14651858.CD013522.pub2\/full\">Smoking cessation for improving mental health<\/a>, <em>Cochrane Database of Systematic Reviews<\/em>, 2021<\/p>\n<p style=\"text-align: justify\"><a href=\"#_ftnref4\" name=\"_ftn4\">[4]<\/a> Abdulhay N. et al., <a href=\"https:\/\/journals.plos.org\/mentalhealth\/article?id=10.1371\/journal.pmen.0000370\">Mental health outcomes associated with electronic cigarette use, combustible tobacco use, and dual use among U.S. adolescents: insights from the National Youth Tobacco Survey<\/a>, <em>PLOS Mental Health<\/em>, 2(7), 2025<\/p>\n<p style=\"text-align: justify\"><a href=\"#_ftnref5\" name=\"_ftn5\">[5]<\/a> Communiqu\u00e9, <a href=\"https:\/\/www.who.int\/fr\/news\/item\/29-05-2026-who-urges-governments-to-protect-young-people-from-addiction-to-tobacco-and-nicotine-products\">L&rsquo;OMS exhorte les gouvernements \u00e0 prot\u00e9ger les jeunes contre la d\u00e9pendance aux produits du tabac et \u00e0 base de nicotine<\/a>, OMS, publi\u00e9 le 29 mai 2026, consult\u00e9 le 26 ao\u00fbt 2026.<\/p>\n<p><strong><a href=\"http:\/\/www.cnct.fr\/\" target=\"_blank\" rel=\"noopener noreferrer\">Comit\u00e9 national contre le tabagisme |<\/a><\/strong><\/p>\n","protected":false},"excerpt":{"rendered":"<p>L&rsquo;Organisation mondiale de la Sant\u00e9 (OMS) a rendu public, le 25 ao\u00fbt 2026, le th\u00e8me de la Journ\u00e9e mondiale sans tabac 2027, qui se tiendra le 31 mai : \u00ab Bien-\u00eatre mental : prot\u00e9ger les jeunes esprits du tabac et de la nicotine \u00bb. La campagne entend documenter les liens entre consommation de tabac ou autre produit de nicotine, d\u00e9pendance et sant\u00e9 mentale chez les enfants et les adolescents, et contester les r\u00e9cits qui pr\u00e9sentent notamment ces produits comme des outils de gestion du stress.<\/p>\n","protected":false},"featured_media":27378,"template":"","tags":[],"thematique":[474],"class_list":["post-27377","actualites","type-actualites","status-publish","has-post-thumbnail","hentry","thematique-sante"],"acf":[],"_links":{"self":[{"href":"https:\/\/www.generationsanstabac.org\/fr\/wp-json\/wp\/v2\/actualites\/27377","targetHints":{"allow":["GET"]}}],"collection":[{"href":"https:\/\/www.generationsanstabac.org\/fr\/wp-json\/wp\/v2\/actualites"}],"about":[{"href":"https:\/\/www.generationsanstabac.org\/fr\/wp-json\/wp\/v2\/types\/actualites"}],"version-history":[{"count":1,"href":"https:\/\/www.generationsanstabac.org\/fr\/wp-json\/wp\/v2\/actualites\/27377\/revisions"}],"predecessor-version":[{"id":27379,"href":"https:\/\/www.generationsanstabac.org\/fr\/wp-json\/wp\/v2\/actualites\/27377\/revisions\/27379"}],"wp:featuredmedia":[{"embeddable":true,"href":"https:\/\/www.generationsanstabac.org\/fr\/wp-json\/wp\/v2\/media\/27378"}],"wp:attachment":[{"href":"https:\/\/www.generationsanstabac.org\/fr\/wp-json\/wp\/v2\/media?parent=27377"}],"wp:term":[{"taxonomy":"post_tag","embeddable":true,"href":"https:\/\/www.generationsanstabac.org\/fr\/wp-json\/wp\/v2\/tags?post=27377"},{"taxonomy":"thematique","embeddable":true,"href":"https:\/\/www.generationsanstabac.org\/fr\/wp-json\/wp\/v2\/thematique?post=27377"}],"curies":[{"name":"wp","href":"https:\/\/api.w.org\/{rel}","templated":true}]}}