{"id":26722,"date":"2026-04-29T07:00:28","date_gmt":"2026-04-29T05:00:28","guid":{"rendered":"https:\/\/www.generationsanstabac.org\/?post_type=actualites&#038;p=26722"},"modified":"2026-04-27T16:45:49","modified_gmt":"2026-04-27T14:45:49","slug":"la-societe-civile-alerte-sur-une-transparence-defaillante-des-institutions-face-au-lobbying-du-tabac-dans-lue","status":"publish","type":"actualites","link":"https:\/\/www.generationsanstabac.org\/fr\/actualites\/la-societe-civile-alerte-sur-une-transparence-defaillante-des-institutions-face-au-lobbying-du-tabac-dans-lue\/","title":{"rendered":"La soci\u00e9t\u00e9 civile alerte sur une transparence d\u00e9faillante des institutions face au lobbying du tabac dans l\u2019UE"},"content":{"rendered":"<p style=\"text-align: justify\"><em>Alors que plusieurs textes structurants de la politique europ\u00e9enne de lutte contre le tabagisme sont en cours de r\u00e9vision, notamment la directive sur les produits du tabac et celle sur la fiscalit\u00e9, la soci\u00e9t\u00e9 civile<a href=\"#_ftn1\" name=\"_ftnref1\"><strong>[1]<\/strong><\/a> alerte sur un manque persistant de transparence au sein des institutions europ\u00e9ennes. Malgr\u00e9 les obligations d\u00e9coulant de l\u2019article 5.3 de la Convention-cadre de l\u2019OMS pour la lutte antitabac, qui impose de limiter strictement les interactions avec l\u2019industrie du tabac et d\u2019en garantir la transparence lorsqu\u2019elles ont lieu, des rencontres continuent \u00e0 se tenir avec des repr\u00e9sentants industriels, parfois sans tra\u00e7abilit\u00e9 claire. Dans un contexte de forte activit\u00e9 r\u00e9glementaire, ces pratiques nourrissent des inqui\u00e9tudes croissantes quant au risque d\u2019ing\u00e9rence et \u00e0 la capacit\u00e9 des institutions europ\u00e9ennes \u00e0 prot\u00e9ger efficacement les politiques de sant\u00e9 publique.<\/em><\/p>\n<p style=\"text-align: justify\">Adopt\u00e9e dans le cadre de la Convention-cadre pour la lutte antitabac de l\u2019OMS, l\u2019article 5.3 impose aux Parties de prot\u00e9ger leurs politiques de sant\u00e9 publique des int\u00e9r\u00eats commerciaux et particuliers de l\u2019industrie du tabac. Concr\u00e8tement, cela implique de limiter les interactions avec cette industrie \u00e0 ce qui est strictement n\u00e9cessaire en lien avec la r\u00e9glementation de cette industrie et de ses produits et \u00e0 exclure l\u2019industrie pour tout le reste. Lorsque la participation de repr\u00e9sentants de l\u2019industrie est possible, il convient alors de garantir la transparence de ces interactions.. Ce principe constitue aujourd\u2019hui un standard international fond\u00e9 sur des d\u00e9cennies de documentation des strat\u00e9gies d\u2019ing\u00e9rence de l\u2019industrie dans les politiques publiques.<\/p>\n<h2 style=\"text-align: justify\"><strong>Des institutions europ\u00e9ennes encore marqu\u00e9es par des zones d\u2019ombre<\/strong><\/h2>\n<p style=\"text-align: justify\">Les donn\u00e9es disponibles<a href=\"#_ftn2\" name=\"_ftnref2\">[2]<\/a> confirment l\u2019ampleur du d\u00e9calage entre les principes et les pratiques. \u00c0 Bruxelles, au moins 49 organisations li\u00e9es \u00e0 l\u2019industrie du tabac sont d\u00e9clar\u00e9es actives, mobilisant pr\u00e8s de 14 millions d\u2019euros par an et plus de 130 lobbyistes pour influencer les processus d\u00e9cisionnels europ\u00e9ens. Cette pr\u00e9sence structur\u00e9e s\u2019accompagne d\u2019un volume significatif d\u2019interactions avec les d\u00e9cideurs publics : 257 r\u00e9unions avec des eurod\u00e9put\u00e9s ont ainsi \u00e9t\u00e9 recens\u00e9es entre 2023 et 2025. Dans le m\u00eame temps, la Commission europ\u00e9enne n\u2019a d\u00e9clar\u00e9 officiellement que cinq r\u00e9unions, un d\u00e9calage majeur remettant en cause l\u2019exhaustivit\u00e9 et la fiabilit\u00e9 des dispositifs de transparence existants.<\/p>\n<p style=\"text-align: justify\">Au sein de la Commission, si les services en charge de la sant\u00e9 appliquent globalement les dispositions de l\u2019article 5.3 et de ses lignes directrices, d\u2019autres directions g\u00e9n\u00e9rales continuent de recourir \u00e0 des cadres classiques de repr\u00e9sentation d\u2019int\u00e9r\u00eats, notamment dans les domaines du commerce ou des relations ext\u00e9rieures. Des \u00e9changes document\u00e9s avec des acteurs industriels, dont Philip Morris International, sugg\u00e8rent une application partielle et non transversale des obligations issues de la Convention-cadre. Cette fragmentation avait d\u00e9j\u00e0 \u00e9t\u00e9 point\u00e9e d\u00e8s 2016 par la M\u00e9diatrice europ\u00e9enne, qui d\u00e9non\u00e7ait un d\u00e9faut de transparence dans les relations entre la Commission et l\u2019industrie du tabac \u2013 un constat qui demeure largement d\u2019actualit\u00e9.<\/p>\n<p style=\"text-align: justify\">Le Parlement europ\u00e9en appara\u00eet, lui aussi, insuffisamment outill\u00e9 pour pr\u00e9venir ces risques d\u2019ing\u00e9rence. Si une obligation de d\u00e9claration des rencontres avec les repr\u00e9sentants d\u2019int\u00e9r\u00eats existe, sa mise en \u0153uvre reste lacunaire. Les entr\u00e9es dans le registre de transparence sont souvent impr\u00e9cises (\u00ab rendez-vous d\u2019introduction \u00bb, \u00ab tabac \u00bb, \u00ab visite de courtoisie \u00bb) et les m\u00e9canismes de contr\u00f4le comme de sanction sont tr\u00e8s rarement mobilis\u00e9s. Cette situation laisse une large place \u00e0 des pratiques h\u00e9t\u00e9rog\u00e8nes, reposant davantage sur la vigilance individuelle des parlementaires que sur un cadre institutionnel contraignant.<\/p>\n<p style=\"text-align: justify\">Enfin, le Conseil de l\u2019Union europ\u00e9enne demeure l\u2019institution la plus opaque en la mati\u00e8re. L\u2019absence de cadre harmonis\u00e9 et la d\u00e9pendance aux pratiques nationales des \u00c9tats membres entra\u00eenent des niveaux de protection tr\u00e8s variables. Certains \u00c9tats adoptent des approches rigoureuses, tandis que d\u2019autres reprennent des \u00e9l\u00e9ments de langage issus de l\u2019industrie du tabac. Cette h\u00e9t\u00e9rog\u00e9n\u00e9it\u00e9, combin\u00e9e \u00e0 la faible tra\u00e7abilit\u00e9 des \u00e9changes, limite fortement les capacit\u00e9s de contr\u00f4le externe et renforce les inqui\u00e9tudes quant \u00e0 des influences indirectes mais puissantes dans l\u2019\u00e9laboration des positions europ\u00e9ennes.<\/p>\n<p style=\"text-align: justify\">Dans ce contexte, la soci\u00e9t\u00e9 civile d\u00e9nonce un syst\u00e8me dans lequel les r\u00e8gles de transparence, bien que formellement \u00e9tablies, restent insuffisamment appliqu\u00e9es et ne permettent pas de pr\u00e9venir efficacement les strat\u00e9gies d\u2019ing\u00e9rence. Ce constat est d\u2019autant plus pr\u00e9occupant qu\u2019aucune am\u00e9lioration n\u2019est apparue au fil des \u00e9valuations alors que de nombreux textes essentiels sont en cours de r\u00e9vision.<\/p>\n<h2 style=\"text-align: justify\"><strong>Une vigilance fragilis\u00e9e dans un contexte de r\u00e9visions l\u00e9gislatives majeures<\/strong><\/h2>\n<p style=\"text-align: justify\">Ce d\u00e9ficit de transparence intervient en effet \u00e0 un moment charni\u00e8re pour les politiques europ\u00e9ennes de lutte contre le tabagisme. Plusieurs directives structurantes sont en cours de r\u00e9vision ou d\u2019\u00e9valuation, en particulier la directive sur les produits du tabac (TPD), coupl\u00e9e \u00e0 celle sur la publicit\u00e9 et celle relative \u00e0 la fiscalit\u00e9. Les priorit\u00e9s identifi\u00e9es par la soci\u00e9t\u00e9 civile sont d\u00e9sormais clairement \u00e9tablies : extension du champ d\u2019application \u00e0 l\u2019ensemble des produits nicotiniques, possibilit\u00e9 pour les \u00c9tats membres d\u2019interdire les produits \u00e9mergents non couverts par la directive de 2014, r\u00e9duction de l\u2019attractivit\u00e9 via un encadrement renforc\u00e9 des ar\u00f4mes et du packaging, r\u00e8glementation accrue des pratiques marketing (notamment num\u00e9riques), meilleure articulation avec les politiques fiscales, et mise en place d\u2019un syst\u00e8me de suivi et de tra\u00e7abilit\u00e9 pleinement ind\u00e9pendant des fabricants. La publication d\u2019une proposition de r\u00e9vision ambitieuse demeure retard\u00e9e, dans un contexte marqu\u00e9 par une pression persistante des acteurs industriels. \u00c0 travers des argumentaires centr\u00e9s sur la \u00ab r\u00e9duction des risques \u00bb, la \u00ab substitution \u00bb ou encore la \u00ab simplification r\u00e9glementaire \u00bb, ces derniers cherchent \u00e0 peser sur les orientations du cadre europ\u00e9en et \u00e0 limiter la port\u00e9e des mesures envisag\u00e9es.<\/p>\n<p style=\"text-align: justify\">Dans ce contexte, la soci\u00e9t\u00e9 civile joue un r\u00f4le cl\u00e9 de surveillance et d\u2019alerte, mais voit sa capacit\u00e9 d\u2019action fragilis\u00e9e par des contraintes de ressources et un acc\u00e8s incomplet \u00e0 l\u2019information. A cela s\u2019ajoutent des attaques des lobbys du tabac remettant en cause les dispositions existantes. L\u2019absence de tra\u00e7abilit\u00e9 des \u00e9changes avec l\u2019industrie limite le contr\u00f4le d\u00e9mocratique et entretient un risque d\u2019influence indirecte sur les politiques publiques. Cette situation s\u2019inscrit dans une tension persistante entre objectifs de sant\u00e9 publique et int\u00e9r\u00eats cat\u00e9goriels \u00e9conomiques. Les dynamiques de simplification r\u00e9glementaire peuvent conduire \u00e0 un affaiblissement des outils de surveillance, alors m\u00eame que les mesures jug\u00e9es contraignantes par l\u2019industrie (obligations de reporting, r\u00e8gles de conditionnement, restrictions de commercialisation et de promotion) constituent des leviers essentiels pour encadrer un march\u00e9 en constante \u00e9volution.<\/p>\n<p style=\"text-align: justify\">Dans ce cadre, la future r\u00e9vision des directives constitue un test d\u00e9terminant pour la cr\u00e9dibilit\u00e9 de l\u2019action europ\u00e9enne au sein de l\u2019Union europ\u00e9enne mais \u00e9galement \u00e0 l\u2019\u00e9chelle internationale. Elle devra non seulement combler les lacunes identifi\u00e9es, mais aussi garantir un processus d\u00e9cisionnel pleinement conforme aux exigences de l\u2019article 5.3 de la Convention-cadre de l\u2019OMS. Le renforcement de son application, son extension \u00e0 l\u2019ensemble des institutions europ\u00e9ennes et l\u2019am\u00e9lioration des standards de transparence apparaissent comme des conditions indispensables pour pr\u00e9server l\u2019int\u00e9grit\u00e9 des d\u00e9cisions publiques et assurer la primaut\u00e9 des objectifs de sant\u00e9.<\/p>\n<p style=\"text-align: justify\"><strong style=\"text-align: justify\"><a href=\"https:\/\/www.generationsanstabac.org\/\">\u00a9G\u00e9n\u00e9ration Sans Tabac<\/a><\/strong><\/p>\n<p style=\"text-align: right\"><em><strong>AE<\/strong><\/em><\/p>\n<hr \/>\n<p style=\"text-align: justify\"><a href=\"#_ftnref1\" name=\"_ftn1\">[1]<\/a> <a href=\"https:\/\/www.contexte.com\/fr\/article\/sante\/du-difficile-controle-du-lobbying-du-tabac-au-sein-des-institutions-europeennes_255001\">Enqu\u00eate &#8211; Du difficile contr\u00f4le du lobbying du tabac au sein des institutions europ\u00e9ennes,<\/a> Contexte, publi\u00e9 le 27 avril 2026, consult\u00e9 le jour-m\u00eame<\/p>\n<p style=\"text-align: justify\"><a href=\"#_ftnref2\" name=\"_ftn2\">[2]<\/a> <a href=\"https:\/\/www.generationsanstabac.org\/fr\/actualites\/le-lobby-du-tabac-au-coeur-de-lunion-europeenne\/\">Le lobby du tabac au c\u0153ur de l\u2019Union europ\u00e9enne<\/a>, G\u00e9n\u00e9ration sans tabac, publi\u00e9 le 13 d\u00e9cembre 2025, consult\u00e9 le 27 avril 2026<\/p>\n<p style=\"text-align: justify\"><strong style=\"color: #999999\"><a style=\"color: #999999\" href=\"http:\/\/www.cnct.fr\/\" target=\"_blank\" rel=\"noopener noreferrer\">Comit\u00e9 national contre le tabagisme |<\/a><\/strong><\/p>\n","protected":false},"excerpt":{"rendered":"<p>Alors que plusieurs textes structurants de la politique europ\u00e9enne de lutte contre le tabagisme sont en cours de r\u00e9vision, notamment la directive sur les produits du tabac et celle sur la fiscalit\u00e9, la soci\u00e9t\u00e9 civile alerte sur un manque persistant de transparence au sein des institutions europ\u00e9ennes. Malgr\u00e9 les obligations d\u00e9coulant de l\u2019article 5.3 de la Convention-cadre de l\u2019OMS pour la lutte antitabac, qui impose de limiter strictement les interactions avec l\u2019industrie du tabac et d\u2019en garantir la transparence lorsqu\u2019elles ont lieu, des rencontres continuent \u00e0 se tenir avec des repr\u00e9sentants industriels, parfois sans tra\u00e7abilit\u00e9 claire. Dans un contexte de forte activit\u00e9 r\u00e9glementaire, ces pratiques nourrissent des inqui\u00e9tudes croissantes quant au risque d\u2019ing\u00e9rence et \u00e0 la capacit\u00e9 des institutions europ\u00e9ennes \u00e0 prot\u00e9ger efficacement les politiques de sant\u00e9 publique.<\/p>\n","protected":false},"featured_media":26596,"template":"","tags":[],"thematique":[499],"class_list":["post-26722","actualites","type-actualites","status-publish","has-post-thumbnail","hentry","thematique-lobby"],"acf":[],"_links":{"self":[{"href":"https:\/\/www.generationsanstabac.org\/fr\/wp-json\/wp\/v2\/actualites\/26722","targetHints":{"allow":["GET"]}}],"collection":[{"href":"https:\/\/www.generationsanstabac.org\/fr\/wp-json\/wp\/v2\/actualites"}],"about":[{"href":"https:\/\/www.generationsanstabac.org\/fr\/wp-json\/wp\/v2\/types\/actualites"}],"version-history":[{"count":1,"href":"https:\/\/www.generationsanstabac.org\/fr\/wp-json\/wp\/v2\/actualites\/26722\/revisions"}],"predecessor-version":[{"id":26725,"href":"https:\/\/www.generationsanstabac.org\/fr\/wp-json\/wp\/v2\/actualites\/26722\/revisions\/26725"}],"wp:featuredmedia":[{"embeddable":true,"href":"https:\/\/www.generationsanstabac.org\/fr\/wp-json\/wp\/v2\/media\/26596"}],"wp:attachment":[{"href":"https:\/\/www.generationsanstabac.org\/fr\/wp-json\/wp\/v2\/media?parent=26722"}],"wp:term":[{"taxonomy":"post_tag","embeddable":true,"href":"https:\/\/www.generationsanstabac.org\/fr\/wp-json\/wp\/v2\/tags?post=26722"},{"taxonomy":"thematique","embeddable":true,"href":"https:\/\/www.generationsanstabac.org\/fr\/wp-json\/wp\/v2\/thematique?post=26722"}],"curies":[{"name":"wp","href":"https:\/\/api.w.org\/{rel}","templated":true}]}}