{"id":26715,"date":"2026-04-28T07:00:40","date_gmt":"2026-04-28T05:00:40","guid":{"rendered":"https:\/\/www.generationsanstabac.org\/?post_type=actualites&#038;p=26715"},"modified":"2026-04-27T11:38:56","modified_gmt":"2026-04-27T09:38:56","slug":"des-donnees-americaines-soulignent-le-role-des-aromes-dans-la-hausse-du-vapotage-des-jeunes","status":"publish","type":"actualites","link":"https:\/\/www.generationsanstabac.org\/fr\/actualites\/des-donnees-americaines-soulignent-le-role-des-aromes-dans-la-hausse-du-vapotage-des-jeunes\/","title":{"rendered":"Des donn\u00e9es am\u00e9ricaines soulignent le r\u00f4le des ar\u00f4mes dans la hausse du vapotage des jeunes"},"content":{"rendered":"<p style=\"text-align: justify\"><em>De nouvelles donn\u00e9es de la CDC Foundation confirment le r\u00f4le d\u00e9terminant des ar\u00f4mes dans l\u2019initiation et l\u2019usage des cigarettes \u00e9lectroniques chez les jeunes. Issues de l\u2019\u00e9tude TEEN+, elles montrent que plus de 90 % des utilisateurs ont commenc\u00e9 avec des produits aromatis\u00e9s, majoritairement fruit\u00e9s. Ces r\u00e9sultats renforcent les pr\u00e9occupations des autorit\u00e9s sanitaires, notamment de la Food and Drug Administration, quant \u00e0 l\u2019attractivit\u00e9 de ces produits pour les jeunes et appellent \u00e0 un encadrement r\u00e9glementaire plus strict, dans un contexte de diffusion persistante du vapotage et de forte pr\u00e9sence de produits non autoris\u00e9s sur le march\u00e9.<\/em><\/p>\n<h2 style=\"text-align: justify\">Les ar\u00f4mes, un facteur d\u2019initiation et de sous-estimation des risques chez les jeunes<\/h2>\n<p style=\"text-align: justify\">De nouvelles donn\u00e9es ont \u00e9t\u00e9 publi\u00e9es par la CDC Foundation dans le cadre de son \u00e9tude \u00ab Tobacco Epidemic Evaluation Network \u00bb (TEEN+), une cohorte longitudinale repr\u00e9sentative \u00e0 l&rsquo;\u00e9chelle nationale, bas\u00e9e sur l&rsquo;adresse, qui porte sur les adolescents et les jeunes adultes et qui est men\u00e9e deux fois par an depuis juillet 2022. TEEN+ permet de recueillir des estimations actualis\u00e9es afin d&rsquo;\u00e9valuer les comportements et les perceptions des adolescents et des jeunes adultes \u00e0 l&rsquo;\u00e9gard des produits du tabac et de la nicotine, dans un contexte o\u00f9 les politiques et l&rsquo;offre de produits \u00e9voluent rapidement. Le plan d&rsquo;\u00e9chantillonnage permet de calculer des estimations repr\u00e9sentatives \u00e0 l&rsquo;\u00e9chelle nationale.<\/p>\n<p style=\"text-align: justify\">L\u2019enqu\u00eate men\u00e9e en 2025 aupr\u00e8s de 1 984 adolescents (13-17 ans) et 7 690 jeunes adultes (18-28 ans) met en \u00e9vidence le r\u00f4le central des ar\u00f4mes dans l\u2019usage des cigarettes \u00e9lectroniques chez les jeunes<a href=\"#_ftn1\" name=\"_ftnref1\">[1]<\/a>.<\/p>\n<p style=\"text-align: justify\">La quasi-totalit\u00e9 (92,5 %) des adolescents et des jeunes adultes ayant d\u00e9j\u00e0 utilis\u00e9 des cigarettes \u00e9lectroniques ont commenc\u00e9 par un produit aromatis\u00e9, le fruit\u00e9 \u00e9tant le premier ar\u00f4me le plus fr\u00e9quemment cit\u00e9 par 59,8 % des adolescents et 48,2 % des jeunes adultes.<\/p>\n<p style=\"text-align: justify\">La quasi-totalit\u00e9 (94,6 %) \u00e9galement des adolescents et des jeunes adultes, d\u00e9clarant avoir utilis\u00e9 une cigarette \u00e9lectronique au cours des 30 jours pr\u00e9c\u00e9dant l\u2019enqu\u00eate, indiquent avoir utilis\u00e9 des cigarettes \u00e9lectroniques aromatis\u00e9es au cours de cette p\u00e9riode. Les proportions sont respectivement 96,3 % des jeunes et 94,2 % des jeunes adultes. Les saveurs de cigarettes \u00e9lectroniques les plus couramment utilis\u00e9es par les jeunes et les jeunes adultes sont les celles aux fruits, de confiseries et desserts y compris le chocolat, la menthe ou le menthol.<\/p>\n<p style=\"text-align: justify\">L\u2019ar\u00f4me tabac est en revanche peu mentionn\u00e9\u00a0: 5,4 % des consommateurs avaient utilis\u00e9 un produit ar\u00f4me tabac au cours des 30 jours pr\u00e9c\u00e9dant l\u2019enqu\u00eate.<\/p>\n<h2 style=\"text-align: justify\">Un appel \u00e0 r\u00e9glementer davantage les ar\u00f4mes de cigarettes \u00e9lectroniques aux \u00c9tats-Unis<\/h2>\n<p style=\"text-align: justify\">Ces r\u00e9sultats confirment que les ar\u00f4mes favorisent l\u2019initiation et l\u2019usage continu, en particulier chez les jeunes. Ils confortent la position de la Food and Drug Administration (FDA), selon laquelle ces produits pr\u00e9sentent un risque important pour cette population, justifiant le contr\u00f4le et<a href=\"https:\/\/www.generationsanstabac.org\/fr\/actualites\/la-fda-pourrait-legaliser-les-aromes-fruites-et-sucres-des-e-cigarettes-mais-demande-un-niveau-de-preuves-eleve\/\"> l\u2019autorisation conditionn\u00e9e des ar\u00f4mes attrayants \u00e0 des preuves scientifiques de niveau \u00e9lev\u00e9<\/a>. Ainsi, un produit ne peut \u00eatre autoris\u00e9 par la FDA que si sa commercialisation est jug\u00e9e \u00ab <em>appropri\u00e9e pour la protection de la sant\u00e9 publique<\/em> \u00bb, c\u2019est-\u00e0-dire que les b\u00e9n\u00e9fices potentiels pour les fumeurs adultes sont sup\u00e9rieurs sur les risques pour les non-consommateurs, en particulier les jeunes.<\/p>\n<p style=\"text-align: justify\">L\u2019ONG Campaign for Tobacco-Free Kids appelle ainsi les autorit\u00e9s \u00e0 des exigences strictes avant toute autorisation de mise sur le march\u00e9 de produits aromatis\u00e9s<a href=\"#_ftn2\" name=\"_ftnref2\">[2]<\/a> et \u00e0 renforcer les politiques publiques contre l\u2019usage de ces produits. Bien que les \u00c9tats-Unis aient r\u00e9alis\u00e9 des progr\u00e8s consid\u00e9rables dans la r\u00e9duction de l&rsquo;usage de la cigarette \u00e9lectronique chez les jeunes, avec une consommation entre 2023 et 2024 de cigarettes \u00e9lectroniques chez les \u00e9l\u00e8ves du secondaire pass\u00e9e de 7,7 % \u00e0 5,9 %, plus de 1,4 million d&rsquo;\u00e9l\u00e8ves du secondaire continuent d&rsquo;y avoir recours<a href=\"#_ftn3\" name=\"_ftnref3\">[3]<\/a>. Par ailleurs, ces donn\u00e9es soulignent \u00e9galement d\u2019apr\u00e8s l\u2019ONG l\u2019ampleur du march\u00e9 des produits non autoris\u00e9s : seuls 39 dispositifs ont \u00e9t\u00e9 approuv\u00e9s par la FDA, mais <a href=\"https:\/\/tobaccomonitoring.org\/wp-content\/uploads\/2026\/03\/Schoute_MGO_Poster.pdf\">environ 70 % des ventes concerneraient des produits ill\u00e9gaux<\/a>. Un renforcement des contr\u00f4les par les autorit\u00e9s comp\u00e9tentes est jug\u00e9 n\u00e9cessaire.<\/p>\n<p style=\"text-align: justify\">Actuellement, seuls\u00a0la Californie et le Massachusetts interdisent la vente de la plupart des produits de vapotage aromatis\u00e9s (hors tabac)\u00a0: une loi entr\u00e9e en vigueur mi-2020 a fait du Massachusetts le premier \u00c9tat du pays \u00e0 interdire la vente au d\u00e9tail de produits de tabac et de vapotage aromatis\u00e9s, y compris les cigarettes menthol\u00e9es. Ces produits ne peuvent d\u00e9sormais \u00eatre achet\u00e9s que pour consommation sur place dans les bars \u00e0 tabac agr\u00e9\u00e9s.<\/p>\n<p style=\"text-align: justify\">Le r\u00f4le des ar\u00f4mes dans l\u2019attractivit\u00e9 et l\u2019addiction aux cigarettes \u00e9lectroniques est point\u00e9 dans un nombre croissant de pays. Au Canada, <a href=\"https:\/\/www.generationsanstabac.org\/fr\/actualites\/les-provinces-canadiennes-appelees-a-intensifier-la-lutte-contre-les-aromes-dans-le-vapotage\/\">une coalition de sant\u00e9 publique et un d\u00e9cideur politique ont d\u00e9cid\u00e9 d\u2019accentuer la lutte contre les ar\u00f4mes de vapotage<\/a>. En Europe, <a href=\"https:\/\/www.generationsanstabac.org\/fr\/actualites\/la-belgique-demande-a-lue-de-limiter-les-ingredients-des-produits-de-vapotage-et-dinterdire-les-puffs\/\">la Belgique a encore r\u00e9cemment appel\u00e9 l\u2019UE \u00e0 r\u00e9glementer plus strictement ces produits<\/a>, notamment \u00e0 interdire les ar\u00f4mes autres que celui du tabac, \u00e0 l\u2019image de ce que les Pays-Bas ont d\u00e9j\u00e0 fait, afin de limiter l\u2019attrait des jeunes pour les ar\u00f4mes color\u00e9s, sucr\u00e9s ou fruit\u00e9s qui incitent \u00e0 l\u2019initiation et contribuent \u00e0 l\u2019installation de la d\u00e9pendance.<\/p>\n<p style=\"text-align: justify\"><strong style=\"text-align: justify\"><a href=\"https:\/\/www.generationsanstabac.org\/\">\u00a9G\u00e9n\u00e9ration Sans Tabac<\/a><\/strong><\/p>\n<p style=\"text-align: right\"><em><strong>AD<\/strong><\/em><\/p>\n<hr \/>\n<p style=\"text-align: justify\"><a href=\"#_ftnref1\" name=\"_ftn1\">[1]<\/a>CDC Foundation, <a href=\"https:\/\/tobaccomonitoring.org\/wp-content\/uploads\/2026\/04\/DataSnapshot_Issue03_ECigFlavors_v2.pdf\">Monitoring Tobacco Product Use Among Youth and Young Adults in the U.S.<\/a>, TEEN+ Data Snapshot, Volume 3, publi\u00e9 en 2026, consult\u00e9 le 24 avril 2026<\/p>\n<p style=\"text-align: justify\"><a href=\"#_ftnref2\" name=\"_ftn2\">[2]<\/a>Yolonda C. Richardson, <a href=\"https:\/\/www.tobaccofreekids.org\/press-releases\/2026_04_23_new-data-highlight-role-of-flavors-in-driving-e-cigarette-use\">New Data Highlight Role of Flavors in Driving E-Cigarette Use among Youth and Young Adults<\/a>, Campaign for Tobacco-Free Kids, publi\u00e9 le 23 avril 2026, consult\u00e9 le 24 avril 2026<\/p>\n<p style=\"text-align: justify\"><a href=\"#_ftnref3\" name=\"_ftn3\">[3]<\/a>Park-Lee E., Jamal A., Cowan H. et al., <a href=\"https:\/\/www.cdc.gov\/mmwr\/volumes\/73\/wr\/mm7335a3.htm\">Notes from the Field: E-Cigarette and Nicotine Pouch Use Among Middle and High School Students \u2014 United States, 2024<\/a>, MMWR Morb Mortal Wkly Rep 2024;73:774\u2013778, publi\u00e9 le 5 septembre 2024, consult\u00e9 le 27 avril 2026<\/p>\n<p style=\"text-align: justify\"><strong style=\"color: #999999\"><a style=\"color: #999999\" href=\"http:\/\/www.cnct.fr\/\" target=\"_blank\" rel=\"noopener noreferrer\">Comit\u00e9 national contre le tabagisme |<\/a><\/strong><\/p>\n","protected":false},"excerpt":{"rendered":"<p>De nouvelles donn\u00e9es de la CDC Foundation confirment le r\u00f4le d\u00e9terminant des ar\u00f4mes dans l\u2019initiation et l\u2019usage des cigarettes \u00e9lectroniques chez les jeunes. Issues de l\u2019\u00e9tude TEEN+, elles montrent que plus de 90 % des utilisateurs ont commenc\u00e9 avec des produits aromatis\u00e9s, majoritairement fruit\u00e9s. Ces r\u00e9sultats renforcent les pr\u00e9occupations des autorit\u00e9s sanitaires, notamment de la Food and Drug Administration, quant \u00e0 l\u2019attractivit\u00e9 de ces produits pour les jeunes et appellent \u00e0 un encadrement r\u00e9glementaire plus strict, dans un contexte de diffusion persistante du vapotage et de forte pr\u00e9sence de produits non autoris\u00e9s sur le march\u00e9.<\/p>\n","protected":false},"featured_media":26719,"template":"","tags":[],"thematique":[516,474],"class_list":["post-26715","actualites","type-actualites","status-publish","has-post-thumbnail","hentry","thematique-nouveaux-produits","thematique-sante"],"acf":[],"_links":{"self":[{"href":"https:\/\/www.generationsanstabac.org\/fr\/wp-json\/wp\/v2\/actualites\/26715","targetHints":{"allow":["GET"]}}],"collection":[{"href":"https:\/\/www.generationsanstabac.org\/fr\/wp-json\/wp\/v2\/actualites"}],"about":[{"href":"https:\/\/www.generationsanstabac.org\/fr\/wp-json\/wp\/v2\/types\/actualites"}],"version-history":[{"count":1,"href":"https:\/\/www.generationsanstabac.org\/fr\/wp-json\/wp\/v2\/actualites\/26715\/revisions"}],"predecessor-version":[{"id":26720,"href":"https:\/\/www.generationsanstabac.org\/fr\/wp-json\/wp\/v2\/actualites\/26715\/revisions\/26720"}],"wp:featuredmedia":[{"embeddable":true,"href":"https:\/\/www.generationsanstabac.org\/fr\/wp-json\/wp\/v2\/media\/26719"}],"wp:attachment":[{"href":"https:\/\/www.generationsanstabac.org\/fr\/wp-json\/wp\/v2\/media?parent=26715"}],"wp:term":[{"taxonomy":"post_tag","embeddable":true,"href":"https:\/\/www.generationsanstabac.org\/fr\/wp-json\/wp\/v2\/tags?post=26715"},{"taxonomy":"thematique","embeddable":true,"href":"https:\/\/www.generationsanstabac.org\/fr\/wp-json\/wp\/v2\/thematique?post=26715"}],"curies":[{"name":"wp","href":"https:\/\/api.w.org\/{rel}","templated":true}]}}