{"id":26571,"date":"2026-04-06T07:00:15","date_gmt":"2026-04-06T05:00:15","guid":{"rendered":"https:\/\/www.generationsanstabac.org\/?post_type=actualites&#038;p=26571"},"modified":"2026-04-03T14:55:37","modified_gmt":"2026-04-03T12:55:37","slug":"etats-unis-la-fda-freine-lexamen-accelere-des-sachets-de-nicotine","status":"publish","type":"actualites","link":"https:\/\/www.generationsanstabac.org\/fr\/actualites\/etats-unis-la-fda-freine-lexamen-accelere-des-sachets-de-nicotine\/","title":{"rendered":"\u00c9tats-Unis : la FDA freine l\u2019examen acc\u00e9l\u00e9r\u00e9 des sachets de nicotine"},"content":{"rendered":"<p style=\"text-align: justify\"><em>Aux \u00c9tats-Unis, la proc\u00e9dure acc\u00e9l\u00e9r\u00e9e mise en \u0153uvre par la Food and Drug Administration (FDA) pour l\u2019examen des demandes d\u2019autorisation de mise sur le march\u00e9 de sachets de nicotine conna\u00eet un ralentissement. Selon plusieurs informations concordantes, dont Reuters<a href=\"#_ftn1\" name=\"_ftnref1\"><strong>[1]<\/strong><\/a>, certains dossiers portant sur des produits largement diffus\u00e9s n\u2019ont pas \u00e9t\u00e9 finalis\u00e9s dans les d\u00e9lais initialement envisag\u00e9s, en raison d\u2019incertitudes persistantes quant \u00e0 la robustesse des donn\u00e9es scientifiques disponibles et aux effets potentiels en mati\u00e8re d\u2019initiation \u00e0 la nicotine, en particulier chez les jeunes et les non-consommateurs. Cette \u00e9volution intervient dans un contexte de forte croissance du march\u00e9 des sachets de nicotine aux \u00c9tats-Unis et de d\u00e9bats accrus sur les conditions de leur encadrement r\u00e9glementaire.<\/em><\/p>\n<h2 style=\"text-align: justify\"><strong>Une proc\u00e9dure acc\u00e9l\u00e9r\u00e9e confront\u00e9e \u00e0 des exigences de sant\u00e9 publique<\/strong><\/h2>\n<p style=\"text-align: justify\">La FDA a lanc\u00e9 en septembre 2025 un programme pilote visant \u00e0 acc\u00e9l\u00e9rer l\u2019examen de certaines demandes d\u2019autorisation, tout en maintenant les exigences scientifiques de la proc\u00e9dure de pr\u00e9-commercialisation des produits du tabac. Une premi\u00e8re s\u00e9rie de d\u00e9cisions a \u00e9t\u00e9 rendue en d\u00e9cembre 2025 avec l\u2019autorisation de six produits, pr\u00e9sent\u00e9s comme issus de ce dispositif d\u2019examen.<\/p>\n<p style=\"text-align: justify\">Toutefois, plusieurs dossiers instruits dans ce cadre n\u2019ont pas abouti dans les d\u00e9lais attendus. Les \u00e9l\u00e9ments fournis par les industriels sont jug\u00e9s insuffisants pour \u00e9tablir, \u00e0 ce stade, un b\u00e9n\u00e9fice net pour la sant\u00e9 publique. Les interrogations portent notamment sur l\u2019attractivit\u00e9 de ces produits aupr\u00e8s des jeunes et sur leur potentiel d\u2019initiation chez des adultes non-consommateurs de nicotine.<\/p>\n<p style=\"text-align: justify\">Conform\u00e9ment au cadre juridique am\u00e9ricain, la FDA fonde ses d\u00e9cisions sur une \u00e9valuation globale du produit, qui doit \u00eatre \u00ab appropri\u00e9 pour la protection de la sant\u00e9 publique \u00bb. Cette approche implique de mettre en balance les b\u00e9n\u00e9fices \u00e9ventuels pour les fumeurs avec les risques d\u2019extension de l\u2019usage \u00e0 de nouveaux publics. L\u2019agence rappelle \u00e0 cet \u00e9gard le caract\u00e8re fortement addictif de la nicotine et ses effets sur le d\u00e9veloppement c\u00e9r\u00e9bral des jeunes.<\/p>\n<h2 style=\"text-align: justify\"><strong>Un march\u00e9 en expansion rapide sous surveillance r\u00e9glementaire<\/strong><\/h2>\n<p style=\"text-align: justify\">Ce ralentissement intervient dans un contexte d\u2019essor marqu\u00e9 des sachets de nicotine aux \u00c9tats-Unis, d\u00e9sormais identifi\u00e9s comme le segment \u00e0 la croissance la plus rapide parmi les produits nicotiniques. Le march\u00e9 des alternatives au tabac fum\u00e9 est estim\u00e9 \u00e0 environ 22 milliards de dollars, avec des volumes de vente en forte progression. \u00c0 titre d\u2019exemple, pr\u00e8s de 794 millions de bo\u00eetes de ZYN ont \u00e9t\u00e9 \u00e9coul\u00e9es aux \u00c9tats-Unis en 2025, soit plus du double des ventes enregistr\u00e9es en 2023.<\/p>\n<p style=\"text-align: justify\">Cette dynamique conf\u00e8re \u00e0 ces produits une importance strat\u00e9gique pour les fabricants, pour lesquels l\u2019acc\u00e8s rapide au march\u00e9 constitue un enjeu majeur de comp\u00e9titivit\u00e9 et de profit. Elle s\u2019accompagne d\u2019une pression accrue sur les autorit\u00e9s de contr\u00f4le. Dans ce contexte, certaines \u00e9volutions du programme pilote, notamment le recours \u00e0 des donn\u00e9es g\u00e9n\u00e9rales plut\u00f4t qu\u2019\u00e0 des \u00e9tudes sp\u00e9cifiques \u00e0 chaque produit, ont suscit\u00e9 des critiques quant \u00e0 leur capacit\u00e9 \u00e0 appr\u00e9hender les diff\u00e9rences de composition, de dosage ou d\u2019ar\u00f4mes susceptibles d\u2019influencer les comportements d\u2019usage.<\/p>\n<h2 style=\"text-align: justify\"><strong>Le risque d\u2019initiation des jeunes au c\u0153ur des pr\u00e9occupations<\/strong><\/h2>\n<p style=\"text-align: justify\">La diffusion des sachets de nicotine aupr\u00e8s des jeunes constitue un point de vigilance central. Les donn\u00e9es de la National Youth Tobacco Survey indiquent que l\u2019usage actuel de ces produits chez les \u00e9l\u00e8ves am\u00e9ricains est pass\u00e9 de 1,5 % en 2023 \u00e0 1,8 % en 2024, soit pr\u00e8s d\u2019un demi-million de jeunes utilisateurs. Parmi eux, plus d\u2019un sur cinq d\u00e9clare un usage quotidien, avec une forte pr\u00e9dominance de certaines marques.<\/p>\n<p style=\"text-align: justify\">Si ces niveaux demeurent inf\u00e9rieurs \u00e0 ceux observ\u00e9s pour d\u2019autres produits, leur progression, combin\u00e9e \u00e0 des strat\u00e9gies marketing offensives, alimente les inqui\u00e9tudes des acteurs de sant\u00e9 publique. Dans le cadre de l\u2019examen des demandes, certains experts soulignent que les b\u00e9n\u00e9fices attendus pour les fumeurs ne sont pas suffisamment \u00e9tay\u00e9s au regard du risque d\u2019initiation, y compris chez les jeunes adultes.<\/p>\n<p style=\"text-align: justify\">Cette analyse conduit la FDA \u00e0 adopter une approche prudente, rappelant que les \u00e9ventuels gains en termes de r\u00e9duction des risques supposent un remplacement complet du tabac fum\u00e9, et non un usage concomitant ou une diffusion vers des publics non-consommateurs.<\/p>\n<p style=\"text-align: justify\">Au-del\u00e0 du seul crit\u00e8re de r\u00e9duction des risques par rapport \u00e0 la cigarette, l\u2019\u00e9valuation repose sur l\u2019impact global de ces produits sur les comportements de consommation et la sant\u00e9 publique dans son ensemble. Les h\u00e9sitations observ\u00e9es traduisent ainsi une pr\u00e9occupation croissante : \u00e9viter que des produits pr\u00e9sent\u00e9s par les industriels comme des alternatives au tabac ne contribuent, dans les faits, \u00e0 l\u2019\u00e9mergence de nouvelles formes d\u2019addiction nicotinique.<\/p>\n<p style=\"text-align: justify\"><strong style=\"text-align: justify\"><a href=\"https:\/\/www.generationsanstabac.org\/\">\u00a9G\u00e9n\u00e9ration Sans Tabac<\/a><\/strong><\/p>\n<p style=\"text-align: right\"><em><strong>AE<\/strong><\/em><\/p>\n<hr \/>\n<p style=\"text-align: justify\"><a href=\"#_ftnref1\" name=\"_ftn1\">[1]<\/a> Emma Rumney, Patrick Wingrove, <a href=\"https:\/\/www.reuters.com\/business\/healthcare-pharmaceuticals\/worries-over-science-new-addicts-stymie-us-nicotine-pouch-fast-track-scheme-2026-04-01\/\">Exclusive: US nicotine pouch fast-track scheme slowed by worries over youth, new users<\/a>, Reuters, publi\u00e9 le 1er avril 2026, consult\u00e9 le jour-m\u00eame<\/p>\n<p><strong style=\"color: #999999\"><a style=\"color: #999999\" href=\"http:\/\/www.cnct.fr\/\" target=\"_blank\" rel=\"noopener noreferrer\">Comit\u00e9 national contre le tabagisme |<\/a><\/strong><\/p>\n","protected":false},"excerpt":{"rendered":"<p>Aux \u00c9tats-Unis, la proc\u00e9dure acc\u00e9l\u00e9r\u00e9e mise en \u0153uvre par la Food and Drug Administration (FDA) pour l\u2019examen des demandes d\u2019autorisation de mise sur le march\u00e9 de sachets de nicotine conna\u00eet un ralentissement. Selon plusieurs informations concordantes, dont Reuters, certains dossiers portant sur des produits largement diffus\u00e9s n\u2019ont pas \u00e9t\u00e9 finalis\u00e9s dans les d\u00e9lais initialement envisag\u00e9s, en raison d\u2019incertitudes persistantes quant \u00e0 la robustesse des donn\u00e9es scientifiques disponibles et aux effets potentiels en mati\u00e8re d\u2019initiation \u00e0 la nicotine, en particulier chez les jeunes et les non-consommateurs. Cette \u00e9volution intervient dans un contexte de forte croissance du march\u00e9 des sachets de nicotine aux \u00c9tats-Unis et de d\u00e9bats accrus sur les conditions de leur encadrement r\u00e9glementaire.<\/p>\n","protected":false},"featured_media":23241,"template":"","tags":[],"thematique":[491],"class_list":["post-26571","actualites","type-actualites","status-publish","has-post-thumbnail","hentry","thematique-politiques-publiques"],"acf":[],"_links":{"self":[{"href":"https:\/\/www.generationsanstabac.org\/fr\/wp-json\/wp\/v2\/actualites\/26571","targetHints":{"allow":["GET"]}}],"collection":[{"href":"https:\/\/www.generationsanstabac.org\/fr\/wp-json\/wp\/v2\/actualites"}],"about":[{"href":"https:\/\/www.generationsanstabac.org\/fr\/wp-json\/wp\/v2\/types\/actualites"}],"version-history":[{"count":2,"href":"https:\/\/www.generationsanstabac.org\/fr\/wp-json\/wp\/v2\/actualites\/26571\/revisions"}],"predecessor-version":[{"id":26580,"href":"https:\/\/www.generationsanstabac.org\/fr\/wp-json\/wp\/v2\/actualites\/26571\/revisions\/26580"}],"wp:featuredmedia":[{"embeddable":true,"href":"https:\/\/www.generationsanstabac.org\/fr\/wp-json\/wp\/v2\/media\/23241"}],"wp:attachment":[{"href":"https:\/\/www.generationsanstabac.org\/fr\/wp-json\/wp\/v2\/media?parent=26571"}],"wp:term":[{"taxonomy":"post_tag","embeddable":true,"href":"https:\/\/www.generationsanstabac.org\/fr\/wp-json\/wp\/v2\/tags?post=26571"},{"taxonomy":"thematique","embeddable":true,"href":"https:\/\/www.generationsanstabac.org\/fr\/wp-json\/wp\/v2\/thematique?post=26571"}],"curies":[{"name":"wp","href":"https:\/\/api.w.org\/{rel}","templated":true}]}}