{"id":26492,"date":"2026-03-26T07:00:09","date_gmt":"2026-03-26T06:00:09","guid":{"rendered":"https:\/\/www.generationsanstabac.org\/?post_type=actualites&#038;p=26492"},"modified":"2026-03-23T17:12:51","modified_gmt":"2026-03-23T16:12:51","slug":"trois-ong-europeennes-invitent-le-luxembourg-a-cesser-son-dumping-fiscal-sur-le-tabac","status":"publish","type":"actualites","link":"https:\/\/www.generationsanstabac.org\/fr\/actualites\/trois-ong-europeennes-invitent-le-luxembourg-a-cesser-son-dumping-fiscal-sur-le-tabac\/","title":{"rendered":"Trois ONG europ\u00e9ennes invitent le Luxembourg \u00e0 cesser son dumping fiscal sur le tabac"},"content":{"rendered":"<p style=\"text-align: justify\"><em>Le Comit\u00e9 national contre le tabagisme (CNCT), la Fondation belge contre le cancer, ainsi que la Soci\u00e9t\u00e9 n\u00e9erlandaise du cancer (KWF) ont publi\u00e9 une tribune dans le m\u00e9dia Luxembourg Times, invitant les pouvoirs publics du Duch\u00e9 \u00e0 mettre fin \u00e0 sa politique de dumping fiscal sur les produits du tabac<a href=\"#_ftn1\" name=\"_ftnref1\"><strong>[1]<\/strong><\/a>. <\/em><\/p>\n<h2 style=\"text-align: justify\"><strong>L\u2019essentiel du tabac vendu au Luxembourg est consomm\u00e9 par ses voisins europ\u00e9ens <\/strong><\/h2>\n<p style=\"text-align: justify\">Alors que la plupart des pays europ\u00e9ens voient les volumes de vente l\u00e9gale de tabac diminuer depuis plusieurs ann\u00e9es, le Luxembourg se singularise par une forte augmentation de ses ventes de tabac. Ainsi, les ventes l\u00e9gales de tabac au Luxembourg ont augment\u00e9 de 53 % entre 2019 et 2024.\u00a0 \u00c0 titre de comparaison, les quantit\u00e9s de tabac vendues ont recul\u00e9 de 32 % aux Pays-Bas, de 31 % en France, et de 28 % en Belgique. Ces tendances sont \u00e0 mettre en lien avec les strat\u00e9gies de surapprovisionnement du march\u00e9 luxembourgeois par l\u2019industrie du tabac. En 2024, sur les cinq milliards de cigarettes vendues au Luxembourg, seulement 12 % ont \u00e9t\u00e9 effectivement consomm\u00e9es par des Luxembourgeois, l\u2019essentiel \u00e9tant en r\u00e9alit\u00e9 \u00e0 destination des pays frontaliers, ayant d\u2019ores et d\u00e9j\u00e0 mis en place des trajectoires fiscales haussi\u00e8res sur les produits du tabac.<\/p>\n<h2 style=\"text-align: justify\"><strong>Une externalisation des co\u00fbts du tabac<\/strong><\/h2>\n<p style=\"text-align: justify\">Pour les auteurs de la tribune, la volont\u00e9 des pouvoirs publics de maintenir d\u2019importants \u00e9carts tarifaires entre le Luxembourg et ses voisins entra\u00eene des cons\u00e9quences fiscales et sanitaires n\u00e9gatives pour ces derniers. Ainsi, ces pratiques de dumping fiscal tendent \u00e0 p\u00e9naliser une partie de l\u2019efficacit\u00e9 des politiques de lutte contre le tabagisme men\u00e9es en France, notamment dans les r\u00e9gions \u00e0 proximit\u00e9 du Luxembourg. Par ailleurs, le commerce transfrontalier entre les deux pays g\u00e9n\u00e8re un manque \u00e0 gagner fiscal de plusieurs centaines de millions d\u2019euros. Selon la tribune, de telles pratiques participent \u00e0 dynamiser l\u2019\u00e9conomie du tabac au Luxembourg, tout en en faisant supporter les co\u00fbts par ses partenaires europ\u00e9ens. Pour rappel, le co\u00fbt social net du tabagisme est \u00e9valu\u00e9 \u00e0 156 milliards d\u2019euros par an en France, tandis que les d\u00e9penses de sant\u00e9 attribuables au tabagisme demeurent significativement sup\u00e9rieures aux recettes g\u00e9n\u00e9r\u00e9es par la vente de tabac.<\/p>\n<h2 style=\"text-align: justify\"><strong>Anticiper la directive europ\u00e9enne sur la fiscalit\u00e9 du tabac<\/strong><\/h2>\n<p style=\"text-align: justify\">Dans la perspective des discussions relatives \u00e0 la r\u00e9vision de la directive sur la fiscalit\u00e9 du tabac (TTD), les trois organismes appellent les pouvoirs publics luxembourgeois \u00e0 anticiper une r\u00e9\u00e9valuation potentielle des droits d\u2019accise sur le tabac \u00e0 l\u2019\u00e9chelle europ\u00e9enne. En effet, la directive r\u00e9vis\u00e9e <a href=\"https:\/\/www.generationsanstabac.org\/fr\/actualites\/luxembourg-le-paquet-de-cigarettes-pourrait-augmenter-de-35e\/\">pourrait moduler les niveaux de fiscalit\u00e9<\/a> sur le tabac en fonction du pouvoir d\u2019achat des \u00c9tats membres. Une telle disposition pourrait se traduire par une augmentation substantielle de la fiscalit\u00e9 au Luxembourg, l\u2019un des pays les plus riches au monde. Ces propositions de r\u00e9vision font toutefois l\u2019objet d\u2019un fort lobbying de la part de l\u2019industrie du tabac, et ont \u00e9t\u00e9 qualifi\u00e9es d\u2019excessives par l\u2019actuel ministre des Finances luxembourgeois, Gilles Roth.<\/p>\n<p style=\"text-align: right\"><em><strong>FT<\/strong><\/em><\/p>\n<hr \/>\n<p style=\"text-align: justify\"><a href=\"#_ftnref1\" name=\"_ftn1\">[1]<\/a> Luxembourg Times, <a href=\"https:\/\/www.luxtimes.lu\/luxembourg\/how-long-can-luxembourgs-tobacco-model-last\/143476338.html\">How long can Luxembourg\u2019s tobacco model last?<\/a>, 20\/03\/2026, (consult\u00e9 le 23\/03\/2026)<\/p>\n<p style=\"text-align: justify\"><strong style=\"color: #999999\"><a style=\"color: #999999\" href=\"http:\/\/www.cnct.fr\/\" target=\"_blank\" rel=\"noopener noreferrer\">Comit\u00e9 national contre le tabagisme |<\/a><\/strong><\/p>\n","protected":false},"excerpt":{"rendered":"<p>Les ventes l\u00e9gales de tabac au Luxembourg ont augment\u00e9 de 53 % entre 2019 et 2024.\u00a0 \u00c0 titre de comparaison, les quantit\u00e9s de tabac vendues ont recul\u00e9 de 32 % aux Pays-Bas, de 31 % en France, et de 28 % en Belgique.<\/p>\n","protected":false},"featured_media":26496,"template":"","tags":[],"thematique":[491],"class_list":["post-26492","actualites","type-actualites","status-publish","has-post-thumbnail","hentry","thematique-politiques-publiques"],"acf":[],"_links":{"self":[{"href":"https:\/\/www.generationsanstabac.org\/fr\/wp-json\/wp\/v2\/actualites\/26492","targetHints":{"allow":["GET"]}}],"collection":[{"href":"https:\/\/www.generationsanstabac.org\/fr\/wp-json\/wp\/v2\/actualites"}],"about":[{"href":"https:\/\/www.generationsanstabac.org\/fr\/wp-json\/wp\/v2\/types\/actualites"}],"version-history":[{"count":4,"href":"https:\/\/www.generationsanstabac.org\/fr\/wp-json\/wp\/v2\/actualites\/26492\/revisions"}],"predecessor-version":[{"id":26500,"href":"https:\/\/www.generationsanstabac.org\/fr\/wp-json\/wp\/v2\/actualites\/26492\/revisions\/26500"}],"wp:featuredmedia":[{"embeddable":true,"href":"https:\/\/www.generationsanstabac.org\/fr\/wp-json\/wp\/v2\/media\/26496"}],"wp:attachment":[{"href":"https:\/\/www.generationsanstabac.org\/fr\/wp-json\/wp\/v2\/media?parent=26492"}],"wp:term":[{"taxonomy":"post_tag","embeddable":true,"href":"https:\/\/www.generationsanstabac.org\/fr\/wp-json\/wp\/v2\/tags?post=26492"},{"taxonomy":"thematique","embeddable":true,"href":"https:\/\/www.generationsanstabac.org\/fr\/wp-json\/wp\/v2\/thematique?post=26492"}],"curies":[{"name":"wp","href":"https:\/\/api.w.org\/{rel}","templated":true}]}}