{"id":26459,"date":"2026-03-22T07:00:43","date_gmt":"2026-03-22T06:00:43","guid":{"rendered":"https:\/\/www.generationsanstabac.org\/?post_type=actualites&#038;p=26459"},"modified":"2026-03-19T11:14:47","modified_gmt":"2026-03-19T10:14:47","slug":"des-ong-europeennes-alertent-sur-la-compromission-de-membres-du-comite-economique-et-social-europeen-avec-le-lobby-du-tabac","status":"publish","type":"actualites","link":"https:\/\/www.generationsanstabac.org\/fr\/actualites\/des-ong-europeennes-alertent-sur-la-compromission-de-membres-du-comite-economique-et-social-europeen-avec-le-lobby-du-tabac\/","title":{"rendered":"Des ONG europ\u00e9ennes alertent sur la compromission de membres du Comit\u00e9 \u00e9conomique et social europ\u00e9en avec le lobby du tabac"},"content":{"rendered":"<p style=\"text-align: justify\"><em>Seize ONG europ\u00e9ennes, dont Contre-Feu et le Comit\u00e9 national contre le tabagisme (CNCT) pour la France, mettent en garde contre les interf\u00e9rences industrielles dans la r\u00e9vision en cours de la directive sur la taxation du tabac (TTD). Le Comit\u00e9 \u00e9conomique et social europ\u00e9en (CESE), organe consultatif cl\u00e9 de l\u2019UE, reprend en effet dans son r\u00e9cent rapport des arguments de l\u2019industrie du tabac et de la nicotine, malgr\u00e9 des conflits d\u2019int\u00e9r\u00eats av\u00e9r\u00e9s entre objectifs de sant\u00e9 publique et industriels, au risque d\u2019affaiblir des mesures fiscales pourtant efficaces contre le tabagisme<a href=\"#_ftn1\" name=\"_ftnref1\"><strong>[1]<\/strong><\/a>. Les ONG appellent ainsi \u00e0 une stricte ind\u00e9pendance et transparence des politiques de sant\u00e9 publique vis-\u00e0-vis des industriels, et \u00e0 appliquer toutes les mesures \u00e9prouv\u00e9es de l\u2019OMS pour combattre l\u2019\u00e9pid\u00e9mie nicotinique.<\/em><\/p>\n<h2 style=\"text-align: justify\">Des arguments industriels repris par les institutions europ\u00e9ennes<\/h2>\n<p style=\"text-align: justify\">Le CESE, consult\u00e9 sur la r\u00e9vision de la TTD, reconna\u00eet la n\u00e9cessit\u00e9 d\u2019actualiser le cadre fiscal, mais promeut les arguments de l\u2019industrie du tabac\u00a0: moindre fiscalit\u00e9 pour les produits chauff\u00e9s ou sachets de nicotine (\u00ab\u00a0moins de risque, moins d\u2019imp\u00f4t\u00a0\u00bb) et objection d\u2019une explosion du march\u00e9 illicite en cas de hausses rapides des accises. Ces positions contredisent les donn\u00e9es scientifiques ind\u00e9pendantes.<\/p>\n<p style=\"text-align: justify\">Cet avis du CESE a \u00e9t\u00e9 exploit\u00e9 par le lobby du tabac pour influencer davantage le processus d\u00e9cisionnel europ\u00e9en. Il a ainsi \u00e9t\u00e9 largement relay\u00e9 par le site d&rsquo;information EU Reporter, qui s&rsquo;est souvent r\u00e9v\u00e9l\u00e9 \u00eatre un porte-voix du lobby du tabac, et la World Vapers\u2019 Alliance, une organisation de fa\u00e7ade de l\u2019industrie du tabac, s\u2019est \u00e9galement r\u00e9jouie que les propres conseillers de l\u2019Europe soutiennent d\u00e9sormais eux aussi le principe \u00ab moins de dommages, moins de taxes \u00bb. Sur LinkedIn, l\u2019article d\u2019EU Reporter a \u00e9t\u00e9 partag\u00e9 par Quit Like Sweden, une autre organisation de fa\u00e7ade de l\u2019industrie<a href=\"#_ftn2\" name=\"_ftnref2\">[2]<\/a>.<\/p>\n<h2 style=\"text-align: justify\">Conflits d\u2019int\u00e9r\u00eats au c\u0153ur du CESE et appel collectif \u00e0 l\u2019action<\/h2>\n<p style=\"text-align: justify\">Or il appara\u00eet que cet avis est loin d\u2019\u00eatre un avis \u00ab ind\u00e9pendant\u00a0\u00bb fond\u00e9 sur des faits valid\u00e9s comme le d\u00e9montrent les liens mis en exergue avec le lobby du tabac. Le rapporteur du CESE, Matteo Carlo Borsani, dirige en effet les affaires europ\u00e9ennes de Confindustria, f\u00e9d\u00e9ration italienne dont Philip Morris International (PMI) est membre influent. Dans un document sur la transparence publi\u00e9 par PMI, la soci\u00e9t\u00e9 dresse la liste des associations professionnelles et commerciales au sein desquelles elle a occup\u00e9 un r\u00f4le de direction en 2024, par le biais de si\u00e8ges au conseil d&rsquo;administration ou au comit\u00e9 ex\u00e9cutif. Sont \u00e9galement mentionn\u00e9es ses dix adh\u00e9sions les plus importantes financ\u00e9es cette ann\u00e9e-l\u00e0\u00a0: Confindustria figure sur cette liste. Ce lien soul\u00e8ve ainsi de s\u00e9rieuses pr\u00e9occupations quant \u00e0 d&rsquo;\u00e9ventuels conflits d&rsquo;int\u00e9r\u00eats et \u00e0 l&rsquo;impartialit\u00e9 du CESE.<\/p>\n<p style=\"text-align: justify\">Cassandre Bigaignon, charg\u00e9e de plaidoyer europ\u00e9en et international chez Contre-Feu, l\u2019alliance fran\u00e7aise r\u00e9unissant l\u2019ensemble des acteurs de la soci\u00e9t\u00e9 civile engag\u00e9s dans la lutte contre le tabagisme, a ainsi d\u00e9clar\u00e9\u00a0: \u00ab <em>Ce conflit d\u2019int\u00e9r\u00eats manifeste enfreint l\u2019article 5.3 de la Convention-cadre de l\u2019OMS pour la lutte antitabac, qui exige que les politiques de sant\u00e9 publique soient prot\u00e9g\u00e9es de l\u2019influence de l\u2019industrie du tabac. Les conclusions de ce rapport ne peuvent \u00eatre consid\u00e9r\u00e9es comme une contribution l\u00e9gitime au d\u00e9bat sur cette directive cruciale. Nous exigeons que l\u2019UE respecte pleinement ses obligations au titre de la Convention-cadre de l\u2019OMS pour la lutte antitabac, sensibilise le public aux tactiques utilis\u00e9es par l\u2019industrie du tabac pour influencer l\u2019\u00e9laboration des politiques, limite les contacts avec l\u2019industrie du tabac au strict n\u00e9cessaire pour la r\u00e9glementation, et rende publique toute interaction.<\/em> \u00bb<\/p>\n<p style=\"text-align: justify\">L\u2019enjeu est majeur comme l\u2019a par ailleurs rappel\u00e9 Erin Roman, directrice de la coalition europ\u00e9enne Smoke Free Partnership : \u00ab <em>La r\u00e9gion europ\u00e9enne de l\u2019OMS affiche les taux de consommation de tabac et de nicotine les plus \u00e9lev\u00e9s au monde, avec notamment des tendances inqui\u00e9tantes concernant la consommation de nicotine chez les jeunes. La r\u00e9vision de la directive-cadre sur le tabac (TTD) constitue une occasion cruciale d\u2019inverser cette tendance. La TTD doit \u00eatre ambitieuse, p\u00e9renne et s\u2019appuyer sur des donn\u00e9es scientifiques ind\u00e9pendantes ainsi que sur les priorit\u00e9s de sant\u00e9 publique, et non sur les discours v\u00e9hicul\u00e9s par l\u2019industrie du tabac. Les institutions de l\u2019UE ont la responsabilit\u00e9 de veiller \u00e0 ce que ce processus reste solide, transparent et \u00e0 l\u2019abri de l\u2019influence de l\u2019industrie, et d\u2019adopter une directive qui r\u00e9duise de mani\u00e8re significative la consommation de tabac et de nicotine dans toute l\u2019Europe.\u00a0<\/em>\u00bb<\/p>\n<p style=\"text-align: justify\"><strong style=\"text-align: justify\"><a href=\"https:\/\/www.generationsanstabac.org\/\">\u00a9G\u00e9n\u00e9ration Sans Tabac<\/a><\/strong><\/p>\n<p style=\"text-align: right\"><em><strong>AD<\/strong><\/em><\/p>\n<hr \/>\n<p style=\"text-align: justify\"><a href=\"#_ftnref1\" name=\"_ftn1\">[1]<\/a><a href=\"https:\/\/www.contre-feu.org\/app\/uploads\/2026\/03\/PR-Tobacco-industry-lobby-infiltrates-advisory-process-on-EU-Tobacco-Tax-Directive.pdf\">Tobacco Industry Lobby Infiltrates Advisory Process on EU Tobacco Tax Directive,<\/a> communiqu\u00e9 de presse collectif, publi\u00e9 le 17 mars 2026, consult\u00e9 le 18 mars 2026<\/p>\n<p style=\"text-align: justify\"><a href=\"#_ftnref2\" name=\"_ftn2\">[2]<\/a><a href=\"https:\/\/www.tabaknee.nl\/news\/item\/3455-eu-advisory-body-speaks-language-of-tobacco-lobby\">EU advisory body speaks language of tobacco lobby<\/a>, TabakNee, publi\u00e9 le 12 mars 2026, consult\u00e9 le 18 mars 2026<\/p>\n<p style=\"text-align: justify\"><strong style=\"color: #999999\"><a style=\"color: #999999\" href=\"http:\/\/www.cnct.fr\/\" target=\"_blank\" rel=\"noopener noreferrer\">Comit\u00e9 national contre le tabagisme |<\/a><\/strong><\/p>\n","protected":false},"excerpt":{"rendered":"<p>Seize ONG europ\u00e9ennes, dont Contre-Feu et le Comit\u00e9 national contre le tabagisme (CNCT) pour la France, mettent en garde contre les interf\u00e9rences industrielles dans la r\u00e9vision en cours de la directive sur la taxation du tabac (TTD). Le Comit\u00e9 \u00e9conomique et social europ\u00e9en (CESE), organe consultatif cl\u00e9 de l\u2019UE, reprend en effet dans son r\u00e9cent rapport des arguments de l\u2019industrie du tabac et de la nicotine, malgr\u00e9 des conflits d\u2019int\u00e9r\u00eats av\u00e9r\u00e9s entre objectifs de sant\u00e9 publique et industriels, au risque d\u2019affaiblir des mesures fiscales pourtant efficaces contre le tabagisme. Les ONG appellent ainsi \u00e0 une stricte ind\u00e9pendance et transparence des politiques de sant\u00e9 publique vis-\u00e0-vis des industriels, et \u00e0 appliquer toutes les mesures \u00e9prouv\u00e9es de l\u2019OMS pour combattre l\u2019\u00e9pid\u00e9mie nicotinique.<\/p>\n","protected":false},"featured_media":26463,"template":"","tags":[],"thematique":[499,491],"class_list":["post-26459","actualites","type-actualites","status-publish","has-post-thumbnail","hentry","thematique-lobby","thematique-politiques-publiques"],"acf":[],"_links":{"self":[{"href":"https:\/\/www.generationsanstabac.org\/fr\/wp-json\/wp\/v2\/actualites\/26459","targetHints":{"allow":["GET"]}}],"collection":[{"href":"https:\/\/www.generationsanstabac.org\/fr\/wp-json\/wp\/v2\/actualites"}],"about":[{"href":"https:\/\/www.generationsanstabac.org\/fr\/wp-json\/wp\/v2\/types\/actualites"}],"version-history":[{"count":1,"href":"https:\/\/www.generationsanstabac.org\/fr\/wp-json\/wp\/v2\/actualites\/26459\/revisions"}],"predecessor-version":[{"id":26464,"href":"https:\/\/www.generationsanstabac.org\/fr\/wp-json\/wp\/v2\/actualites\/26459\/revisions\/26464"}],"wp:featuredmedia":[{"embeddable":true,"href":"https:\/\/www.generationsanstabac.org\/fr\/wp-json\/wp\/v2\/media\/26463"}],"wp:attachment":[{"href":"https:\/\/www.generationsanstabac.org\/fr\/wp-json\/wp\/v2\/media?parent=26459"}],"wp:term":[{"taxonomy":"post_tag","embeddable":true,"href":"https:\/\/www.generationsanstabac.org\/fr\/wp-json\/wp\/v2\/tags?post=26459"},{"taxonomy":"thematique","embeddable":true,"href":"https:\/\/www.generationsanstabac.org\/fr\/wp-json\/wp\/v2\/thematique?post=26459"}],"curies":[{"name":"wp","href":"https:\/\/api.w.org\/{rel}","templated":true}]}}