{"id":26450,"date":"2026-03-21T07:00:11","date_gmt":"2026-03-21T06:00:11","guid":{"rendered":"https:\/\/www.generationsanstabac.org\/?post_type=actualites&#038;p=26450"},"modified":"2026-03-19T11:08:29","modified_gmt":"2026-03-19T10:08:29","slug":"la-bulgarie-interdira-les-cigarettes-electroniques-jetables","status":"publish","type":"actualites","link":"https:\/\/www.generationsanstabac.org\/fr\/actualites\/la-bulgarie-interdira-les-cigarettes-electroniques-jetables\/","title":{"rendered":"La Bulgarie interdira les cigarettes \u00e9lectroniques jetables"},"content":{"rendered":"<p style=\"text-align: justify\"><em>La Bulgarie va interdire les cigarettes \u00e9lectroniques jetables apr\u00e8s validation de la Commission europ\u00e9enne, invoquant la hausse de leur usage chez les adolescents et les risques sanitaires associ\u00e9s. Cette d\u00e9cision ouvre une p\u00e9riode de retrait progressif de trois mois et s\u2019inscrit dans une tendance europ\u00e9enne de durcissement des r\u00e9glementations. Malgr\u00e9 cette avanc\u00e9e, le pays reste confront\u00e9 \u00e0 une forte pr\u00e9valence du tabagisme classique et \u00e0 l\u2019influence persistante de l\u2019industrie du tabac.<\/em><\/p>\n<h2 style=\"text-align: justify\">Un encadrement juridique renforc\u00e9 au niveau national<\/h2>\n<p style=\"text-align: justify\">La Bulgarie a adopt\u00e9 une mesure relative aux produits du tabac et aux produits connexes fin juin 2025, et promulgu\u00e9e le 4 juillet 2025, incluant l\u2019interdiction de la mise sur le march\u00e9, la distribution et la vente des cigarettes \u00e9lectroniques jetables ou \u00ab\u00a0puffs\u00a0\u00bb. L\u2019entr\u00e9e en vigueur de cette mesure \u00e9tait cependant conditionn\u00e9e \u00e0 une validation de la Commission europ\u00e9enne, \u00e0 qui la d\u00e9cision avait \u00e9t\u00e9 notifi\u00e9e par le pays, dans le cadre de l\u2019application d\u2019une des dispositions de la directive sur les produits du tabac<a href=\"#_ftn1\" name=\"_ftnref1\">[1]<\/a>.<\/p>\n<p style=\"text-align: justify\">Apr\u00e8s examen, la Commission europ\u00e9enne a estim\u00e9 que l\u2019interdiction \u00e9tait justifi\u00e9e, n\u00e9cessaire et proportionn\u00e9e au regard de la protection de la sant\u00e9 publique. Les autres \u00c9tats membres n\u2019ayant pas formul\u00e9 d\u2019objections dans le d\u00e9lai des trois mois, expirant \u00e0 la fin janvier de cette ann\u00e9e, la d\u00e9cision a donc \u00e9t\u00e9 valid\u00e9e. Elle consid\u00e8re notamment que cette mesure peut contribuer \u00e0 pr\u00e9venir l\u2019\u00e9mergence d\u2019une nouvelle g\u00e9n\u00e9ration d\u00e9pendante \u00e0 la nicotine. La Commission souligne \u00e9galement que les dispositifs existants \u2014 interdiction de vente aux mineurs, interdiction de la vente en ligne et restrictions publicitaires \u2014 n\u2019ont pas suffi \u00e0 limiter l\u2019acc\u00e8s des jeunes \u00e0 ces produits.<\/p>\n<p style=\"text-align: justify\">Avec cette validation, la Bulgarie peut d\u00e9sormais appliquer la loi, qui pr\u00e9voit un m\u00e9canisme de d\u00e9claration des stocks, un d\u00e9lai de trois mois pour \u00e9couler les produits et, \u00e0 d\u00e9faut, leur retrait du march\u00e9, avec possibilit\u00e9 d\u2019exportation.<\/p>\n<h2 style=\"text-align: justify\">Une hausse de l\u2019usage chez les jeunes et des pr\u00e9occupations sanitaires<\/h2>\n<p style=\"text-align: justify\">Les autorit\u00e9s bulgares avaient justifi\u00e9 cette interdiction par une augmentation significative de l\u2019usage des cigarettes \u00e9lectroniques jetables chez les adolescents. Selon les donn\u00e9es cit\u00e9es, un \u00e9l\u00e8ve sur quatre \u00e2g\u00e9 de 13 \u00e0 15 ans utilise des produits de vapotage dans le pays et l\u2019initiation par ces produits \u00e9tait majeure. Les notifications adress\u00e9es \u00e0 Bruxelles soulignent que ces produits, souvent propos\u00e9s \u00e0 bas prix, avec des ar\u00f4mes fruit\u00e9s et des emballages attractifs, sont particuli\u00e8rement accessibles aux mineurs.<\/p>\n<p style=\"text-align: justify\">Les pouvoirs publics mettaient \u00e9galement en avant les risques sanitaires associ\u00e9s \u00e0 la nicotine, notamment ses effets sur le d\u00e9veloppement du cerveau des adolescents, ainsi que les probl\u00e8mes respiratoires et l\u2019exposition \u00e0 des substances nocives et addictives.<\/p>\n<p style=\"text-align: justify\">Enfin, les cigarettes \u00e9lectroniques jetables \u00e9taient point\u00e9es du doigt pour leur impact environnemental, en raison des d\u00e9chets qu\u2019elles g\u00e9n\u00e8rent (plastique, batteries et substances chimiques).<\/p>\n<h2 style=\"text-align: justify\">Une mesure adopt\u00e9e par de plus en plus de pays<\/h2>\n<p style=\"text-align: justify\">La Bulgarie devient ainsi le troisi\u00e8me pays de l\u2019Union europ\u00e9enne, apr\u00e8s la France et la Belgique, \u00e0 adopter une mesure aussi restrictive \u00e0 l\u2019encontre des cigarettes \u00e9lectroniques jetables, dans un contexte de pr\u00e9occupation croissante face \u00e0 leur usage chez les mineurs.<\/p>\n<p style=\"text-align: justify\">D\u2019autres pays comme l\u2019Allemagne, l\u2019Autriche, l\u2019Irlande, Monaco, l\u2019Espagne, le Danemark et la Pologne ont \u00e9galement annonc\u00e9 leur intention d\u2019interdire ces produits, tandis que hors UE, le Royaume-Uni et la Suisse ont d\u00e9j\u00e0 act\u00e9 leur interdiction. Ailleurs dans le monde, les \u00c9tats-Unis et la Nouvelle-Z\u00e9lande par exemple ont pour des raisons similaires interdit les puffs.<\/p>\n<h2 style=\"text-align: justify\">Le tabagisme classique et un lobby exacerb\u00e9 demeurent toutefois le principal probl\u00e8me de la Bulgarie<\/h2>\n<p style=\"text-align: justify\">Nonobstant ces mesures n\u00e9cessaires contre les puffs, la Bulgarie reste le pays europ\u00e9en o\u00f9 la pr\u00e9valence tabagique des adultes est la plus forte\u00a0: en 2024, 34,9 % des adultes fumaient, une proportion beaucoup plus importante que celle de consommateurs de cigarettes \u00e9lectroniques \u00e9valu\u00e9e \u00e0 3 % en 2023<a href=\"#_ftn2\" name=\"_ftnref2\">[2]<\/a>.<\/p>\n<p style=\"text-align: justify\">Le pays paye un lourd tribut au tabagisme avec 13,75 % des d\u00e9c\u00e8s qui lui \u00e9taient imputables en 2023, avec une part consid\u00e9rable chez les hommes<a href=\"#_ftn3\" name=\"_ftnref3\">[3]<\/a>.<\/p>\n<p style=\"text-align: justify\">Le pays est donc appel\u00e9 \u00e0 s\u2019attaquer \u00e0 ce probl\u00e8me pr\u00e9occupant, d\u2019autant que l\u2019efficacit\u00e9 des politiques de sant\u00e9 publique est constamment frein\u00e9e et sabot\u00e9e par un lobby intense de l\u2019industrie du tabac et de la nicotine. Selon l\u2019Indice mondial d\u2019ing\u00e9rence de l\u2019industrie du tabac, la Bulgarie enregistre l\u2019un des plus mauvais scores avec 72, le pla\u00e7ant en 76<sup>e<\/sup> position sur les 100 pays \u00e9tudi\u00e9s.<\/p>\n<p style=\"text-align: justify\">L\u2019industrie du tabac est ainsi particuli\u00e8rement puissante dans le pays, affaiblissant non seulement les politiques antitabac de celui-ci, mais parvenant m\u00eame par son interm\u00e9diaire \u00e0 peser pour ralentir voire bloquer les d\u00e9cisions de sant\u00e9 au niveau europ\u00e9en, voire international.<\/p>\n<p style=\"text-align: justify\"><strong style=\"text-align: justify\"><a href=\"https:\/\/www.generationsanstabac.org\/\">\u00a9G\u00e9n\u00e9ration Sans Tabac<\/a><\/strong><\/p>\n<p style=\"text-align: right\"><em><strong>AD<\/strong><\/em><\/p>\n<hr \/>\n<p style=\"text-align: justify\"><a href=\"#_ftnref1\" name=\"_ftn1\">[1]<\/a><a href=\"https:\/\/www.2firsts.com\/news\/bulgarias-disposable-vape-ban-receives-formal-approval-from-the-european-commission\">Bulgaria\u2019s Disposable Vape Ban Receives Formal Approval From the European Commission,<\/a> 2Firsts, publi\u00e9 le 17 mars 2026, consult\u00e9 le m\u00eame jour<\/p>\n<p style=\"text-align: justify\"><a href=\"#_ftnref2\" name=\"_ftn2\">[2]<\/a><a href=\"https:\/\/gsthr.org\/countries\/profile\/bgr\/cigarettes\/\">Tobacco smoking in Bulgaria<\/a>, Global State of Tobacco Harm Reduction, mis \u00e0 jour le 30 octobre 2025, consult\u00e9 le 17 mars 2026<\/p>\n<p style=\"text-align: justify\"><a href=\"#_ftnref3\" name=\"_ftn3\">[3]<\/a>Drope J, Hamill S, <a href=\"https:\/\/tobaccoatlas.org\/factsheets\/bulgaria\/\">Country profile: Bulgaria<\/a>, The Tobacco Atlas, New York: Vital Strategies and Economics for Health, mis \u00e0 jour en 2025, consult\u00e9 le 17 mars 2026<\/p>\n<p style=\"text-align: justify\"><strong style=\"color: #999999\"><a style=\"color: #999999\" href=\"http:\/\/www.cnct.fr\/\" target=\"_blank\" rel=\"noopener noreferrer\">Comit\u00e9 national contre le tabagisme |<\/a><\/strong><\/p>\n","protected":false},"excerpt":{"rendered":"<p>La Bulgarie va interdire les cigarettes \u00e9lectroniques jetables apr\u00e8s validation de la Commission europ\u00e9enne, invoquant la hausse de leur usage chez les adolescents et les risques sanitaires associ\u00e9s. Cette d\u00e9cision ouvre une p\u00e9riode de retrait progressif de trois mois et s\u2019inscrit dans une tendance europ\u00e9enne de durcissement des r\u00e9glementations. Malgr\u00e9 cette avanc\u00e9e, le pays reste confront\u00e9 \u00e0 une forte pr\u00e9valence du tabagisme classique et \u00e0 l\u2019influence persistante de l\u2019industrie du tabac.<\/p>\n","protected":false},"featured_media":26453,"template":"","tags":[],"thematique":[491],"class_list":["post-26450","actualites","type-actualites","status-publish","has-post-thumbnail","hentry","thematique-politiques-publiques"],"acf":[],"_links":{"self":[{"href":"https:\/\/www.generationsanstabac.org\/fr\/wp-json\/wp\/v2\/actualites\/26450","targetHints":{"allow":["GET"]}}],"collection":[{"href":"https:\/\/www.generationsanstabac.org\/fr\/wp-json\/wp\/v2\/actualites"}],"about":[{"href":"https:\/\/www.generationsanstabac.org\/fr\/wp-json\/wp\/v2\/types\/actualites"}],"version-history":[{"count":4,"href":"https:\/\/www.generationsanstabac.org\/fr\/wp-json\/wp\/v2\/actualites\/26450\/revisions"}],"predecessor-version":[{"id":26462,"href":"https:\/\/www.generationsanstabac.org\/fr\/wp-json\/wp\/v2\/actualites\/26450\/revisions\/26462"}],"wp:featuredmedia":[{"embeddable":true,"href":"https:\/\/www.generationsanstabac.org\/fr\/wp-json\/wp\/v2\/media\/26453"}],"wp:attachment":[{"href":"https:\/\/www.generationsanstabac.org\/fr\/wp-json\/wp\/v2\/media?parent=26450"}],"wp:term":[{"taxonomy":"post_tag","embeddable":true,"href":"https:\/\/www.generationsanstabac.org\/fr\/wp-json\/wp\/v2\/tags?post=26450"},{"taxonomy":"thematique","embeddable":true,"href":"https:\/\/www.generationsanstabac.org\/fr\/wp-json\/wp\/v2\/thematique?post=26450"}],"curies":[{"name":"wp","href":"https:\/\/api.w.org\/{rel}","templated":true}]}}