{"id":26444,"date":"2026-03-20T07:00:10","date_gmt":"2026-03-20T06:00:10","guid":{"rendered":"https:\/\/www.generationsanstabac.org\/?post_type=actualites&#038;p=26444"},"modified":"2026-03-20T16:06:42","modified_gmt":"2026-03-20T15:06:42","slug":"loms-exhorte-la-grece-a-renforcer-sa-lutte-contre-le-tabagisme-et-reglementer-les-nouveaux-produits","status":"publish","type":"actualites","link":"https:\/\/www.generationsanstabac.org\/fr\/actualites\/loms-exhorte-la-grece-a-renforcer-sa-lutte-contre-le-tabagisme-et-reglementer-les-nouveaux-produits\/","title":{"rendered":"L\u2019OMS exhorte la Gr\u00e8ce \u00e0 renforcer sa lutte contre le tabagisme et r\u00e9glementer les nouveaux produits"},"content":{"rendered":"<p style=\"text-align: justify\"><em>Alors que le tabagisme recule progressivement chez les adultes en Gr\u00e8ce, la situation \u00e9volue dans le sens inverse chez les jeunes. Selon de nouvelles donn\u00e9es, le pays fait d\u00e9sormais partie des rares en Europe o\u00f9 l\u2019usage de cigarettes traditionnelles et de cigarettes \u00e9lectroniques augmente chez les adolescents<a href=\"#_ftn1\" name=\"_ftnref1\"><strong>[1]<\/strong><\/a>. Dans ce contexte inqui\u00e9tant, l\u2019OMS invite le pays \u00e0 appliquer les dispositions de sa Convention-cadre pour la lutte antitabac, \u00e0 r\u00e9glementer les nouveaux produits et \u00e0 rejeter l\u2019influence de l\u2019industrie du tabac et de la nicotine.<\/em><\/p>\n<h2 style=\"text-align: justify\">Une pr\u00e9valence tabagique \u00e9lev\u00e9e associ\u00e9e \u00e0 une hausse du vapotage et de l\u2019usage des sachets de nicotine<\/h2>\n<p style=\"text-align: justify\">Les r\u00e9sultats de l\u2019Enqu\u00eate europ\u00e9enne en milieu scolaire sur l&rsquo;alcool et les autres drogues (ESPAD) montrent une progression marqu\u00e9e de la consommation de nicotine chez les jeunes de 16 ans. En 2019, 43 % d\u2019entre eux d\u00e9claraient avoir d\u00e9j\u00e0 utilis\u00e9 une cigarette classique ou \u00e9lectronique. En 2024, cette proportion atteint 54 %.<\/p>\n<p style=\"text-align: justify\">Parall\u00e8lement, la pr\u00e9valence du tabagisme classique chez les adultes reste \u00e9lev\u00e9e, autour de 30 %, soit le deuxi\u00e8me pire score europ\u00e9en derri\u00e8re la Bulgarie, mais suit une tendance \u00e0 la baisse. Chez les adolescents, en revanche, la consommation progresse, notamment sous l\u2019effet de la normalisation de nouveaux produits \u00e0 base de nicotine.<\/p>\n<p style=\"text-align: justify\">Au total, une enqu\u00eate nationale de Metron Analysis a r\u00e9v\u00e9l\u00e9 qu\u2019environ 37 % des Grecs consomment un produit de la nicotine, que ce soient des cigarettes, cigarettes \u00e9lectroniques ou du tabac chauff\u00e9<a href=\"#_ftn2\" name=\"_ftnref2\">[2]<\/a>.<\/p>\n<p style=\"text-align: justify\">Selon la m\u00e9decin-oncologue Zenia Saridaki, les adolescents qui vapotent ont environ trois fois plus de risques de commencer \u00e0 fumer des cigarettes classiques plus tard. D\u2019apr\u00e8s la m\u00eame enqu\u00eate de Metron Analysis, 3 % des personnes interrog\u00e9es \u00e9taient non-fumeuses avant de commencer la cigarette \u00e9lectronique.<\/p>\n<h2 style=\"text-align: justify\">Des politiques publiques insuffisantes<\/h2>\n<p style=\"text-align: justify\">Selon Jo\u00e3o Breda, chef du Bureau de l&rsquo;Organisation mondiale de la sant\u00e9 (OMS) pour la qualit\u00e9 des soins et la s\u00e9curit\u00e9 des patients \u00e0 Ath\u00e8nes, les politiques actuelles de lutte contre le tabac demeurent souvent trop faibles et inappliqu\u00e9es.<\/p>\n<p style=\"text-align: justify\">\u00c0 cela s\u2019ajoute l\u2019absence de r\u00e9glementation protectrice concernant les nouveaux produits mis sur le march\u00e9. Ces derniers ne seraient pas concern\u00e9s par les politiques de taxation, d\u2019interdiction de la publicit\u00e9 ou d\u2019apposition d\u2019avertissements sanitaires efficaces.<\/p>\n<p style=\"text-align: justify\">Or, souligne l\u2019organisation, des strat\u00e9gies marketing offensives sont d\u00e9ploy\u00e9es par les fabricants visant sp\u00e9cifiquement les adolescents : ar\u00f4mes sucr\u00e9s ou fruit\u00e9s rappelant des confiseries, promotion sur les r\u00e9seaux sociaux et les plateformes de jeux vid\u00e9o, ainsi que des appareils au design discret \u00e9voquant davantage des gadgets \u00e9lectroniques que des produits du tabac.<\/p>\n<p style=\"text-align: justify\">Pour Zenia Saridaki, la nicotine a ainsi \u00e9t\u00e9 reconfigur\u00e9e dans l\u2019espace num\u00e9rique comme un produit moderne et relativement inoffensif. La visibilit\u00e9 de ces pratiques sur les r\u00e9seaux sociaux contribuerait \u00e0 rendre le vapotage socialement acceptable aupr\u00e8s des jeunes.<\/p>\n<h2 style=\"text-align: justify\">L\u2019OMS appelle la Gr\u00e8ce \u00e0 renforcer sa r\u00e9glementation et \u00e0 se prot\u00e9ger de l\u2019influence du lobby tabac<\/h2>\n<p style=\"text-align: justify\">Pour r\u00e9duire la consommation chez les jeunes, l\u2019agence mondiale appelle \u00e0 l\u2019application forte des dispositions du trait\u00e9 que le pays a ratifi\u00e9. En outre, l\u2019organisation recommande d\u2019adopter des dispositions \u00e9quivalentes pour pr\u00e9venir la consommation des cigarettes \u00e9lectroniques et autres produits \u00e0 la nicotine qui auraient \u00e9t\u00e9 autoris\u00e9s sur le march\u00e9.<\/p>\n<p style=\"text-align: justify\">Les experts estiment toutefois que l\u2019efficacit\u00e9 de ces mesures d\u00e9pendra avant tout de leur mise en \u0153uvre effective, ainsi que d\u2019une sensibilisation et coordination accrue dans le cadre d\u2019une strat\u00e9gie d\u2019ensemble, avec un objectif clair de r\u00e9duction de la pr\u00e9valence.<\/p>\n<p style=\"text-align: justify\">Enfin, comme pour les autres pays, l\u2019OMS a appel\u00e9 \u00e0 pleinement mettre en \u0153uvre l\u2019article 5.3 de la\u00a0Convention-cadre de l\u2019OMS pour la lutte antitabac (CCLAT)\u00a0afin de prot\u00e9ger les politiques de sant\u00e9 publique contre toute ing\u00e9rence de l\u2019industrie du tabac. Cette probl\u00e9matique concerne particuli\u00e8rement la Gr\u00e8ce\u00a0: le lobbyisme pro-tabac et nouveaux produits est tr\u00e8s insistant dans ce pays et tente notamment d\u2019affaiblir les politiques de sant\u00e9 de la Gr\u00e8ce et des autres pays \u2013 comme <a href=\"https:\/\/www.generationsanstabac.org\/fr\/actualites\/generation-sans-tabac-plusieurs-etats-membres-de-lue-contestent-la-mesure-britannique\/\">la politique de \u00ab\u00a0g\u00e9n\u00e9ration sans tabac\u00a0\u00bb du Royaume-Uni<\/a>, la r\u00e9vision des directives europ\u00e9ennes sur les produits du tabac ou m\u00eame <a href=\"https:\/\/www.generationsanstabac.org\/fr\/decryptages\/cop11-decisions-structurantes-pressions-inedites-et-perspectives-pour-la-lutte-antitabac-mondiale\/\">les n\u00e9gociations internationales entre Parties lors des COP<\/a>.<\/p>\n<p style=\"text-align: justify\"><strong style=\"text-align: justify\"><a href=\"https:\/\/www.generationsanstabac.org\/\">\u00a9G\u00e9n\u00e9ration Sans Tabac<\/a><\/strong><\/p>\n<p style=\"text-align: right\"><em><strong>AD<\/strong><\/em><\/p>\n<hr \/>\n<p style=\"text-align: justify\"><a href=\"#_ftnref1\" name=\"_ftn1\">[1]<\/a>Tasos Kokkinidis, <a href=\"https:\/\/greekreporter.com\/2026\/03\/16\/vaping-smoking-surge-among-greek-youth\/\">Vaping and Smoking Surge Among Greek Youth<\/a>, GreekReporter, publi\u00e9 le 16 mars 2026, consult\u00e9 le m\u00eame jour<\/p>\n<p style=\"text-align: justify\"><a href=\"#_ftnref2\" name=\"_ftn2\">[2]<\/a>Giorgos Sakkas, <a href=\"https:\/\/www.tovima.com\/science\/smoking-in-greece-high-rates-shifting-habits\/amp\/\">Smoking in Greece: High Rates, Shifting Habits<\/a>, Tovima.com, publi\u00e9 le 3 mars 2026, consult\u00e9 le 16 mars 2026<\/p>\n<p style=\"text-align: justify\"><strong style=\"color: #999999\"><a style=\"color: #999999\" href=\"http:\/\/www.cnct.fr\/\" target=\"_blank\" rel=\"noopener noreferrer\">Comit\u00e9 national contre le tabagisme |<\/a><\/strong><\/p>\n","protected":false},"excerpt":{"rendered":"<p>Alors que le tabagisme recule progressivement chez les adultes en Gr\u00e8ce, la situation \u00e9volue dans le sens inverse chez les jeunes. Selon de nouvelles donn\u00e9es, le pays fait d\u00e9sormais partie des rares en Europe o\u00f9 l\u2019usage de cigarettes traditionnelles et de cigarettes \u00e9lectroniques augmente chez les adolescents. Dans ce contexte inqui\u00e9tant, l\u2019OMS invite le pays \u00e0 appliquer les dispositions de sa Convention-cadre pour la lutte antitabac, \u00e0 r\u00e9glementer les nouveaux produits et \u00e0 rejeter l\u2019influence de l\u2019industrie du tabac et de la nicotine.<\/p>\n","protected":false},"featured_media":26447,"template":"","tags":[],"thematique":[516,491],"class_list":["post-26444","actualites","type-actualites","status-publish","has-post-thumbnail","hentry","thematique-nouveaux-produits","thematique-politiques-publiques"],"acf":[],"_links":{"self":[{"href":"https:\/\/www.generationsanstabac.org\/fr\/wp-json\/wp\/v2\/actualites\/26444","targetHints":{"allow":["GET"]}}],"collection":[{"href":"https:\/\/www.generationsanstabac.org\/fr\/wp-json\/wp\/v2\/actualites"}],"about":[{"href":"https:\/\/www.generationsanstabac.org\/fr\/wp-json\/wp\/v2\/types\/actualites"}],"version-history":[{"count":1,"href":"https:\/\/www.generationsanstabac.org\/fr\/wp-json\/wp\/v2\/actualites\/26444\/revisions"}],"predecessor-version":[{"id":26448,"href":"https:\/\/www.generationsanstabac.org\/fr\/wp-json\/wp\/v2\/actualites\/26444\/revisions\/26448"}],"wp:featuredmedia":[{"embeddable":true,"href":"https:\/\/www.generationsanstabac.org\/fr\/wp-json\/wp\/v2\/media\/26447"}],"wp:attachment":[{"href":"https:\/\/www.generationsanstabac.org\/fr\/wp-json\/wp\/v2\/media?parent=26444"}],"wp:term":[{"taxonomy":"post_tag","embeddable":true,"href":"https:\/\/www.generationsanstabac.org\/fr\/wp-json\/wp\/v2\/tags?post=26444"},{"taxonomy":"thematique","embeddable":true,"href":"https:\/\/www.generationsanstabac.org\/fr\/wp-json\/wp\/v2\/thematique?post=26444"}],"curies":[{"name":"wp","href":"https:\/\/api.w.org\/{rel}","templated":true}]}}