{"id":26433,"date":"2026-03-18T07:00:53","date_gmt":"2026-03-18T06:00:53","guid":{"rendered":"https:\/\/www.generationsanstabac.org\/?post_type=actualites&#038;p=26433"},"modified":"2026-03-16T15:16:17","modified_gmt":"2026-03-16T14:16:17","slug":"la-consommation-de-tabac-poursuit-sa-baisse-aux-etats-unis","status":"publish","type":"actualites","link":"https:\/\/www.generationsanstabac.org\/fr\/actualites\/la-consommation-de-tabac-poursuit-sa-baisse-aux-etats-unis\/","title":{"rendered":"La consommation de tabac poursuit sa baisse aux \u00c9tats-Unis"},"content":{"rendered":"<p style=\"text-align: justify\"><em>Pour la premi\u00e8re fois, moins de 10 % des \u00c9tats-Uniens d\u00e9clarent consommer des cigarettes. Si ces r\u00e9sultats s\u2019inscrivent dans une r\u00e9duction progressive du tabagisme dans le pays, les auteurs de l\u2019\u00e9tude pointent la persistance d\u2019in\u00e9galit\u00e9s sociales, et la n\u00e9cessit\u00e9 de renforcer les politiques de sant\u00e9 publique. <\/em><\/p>\n<p style=\"text-align: justify\">Cette \u00e9tude se fonde sur une enqu\u00eate nationale repr\u00e9sentative men\u00e9e aupr\u00e8s de 32 629 adultes (18 ans et plus)<a href=\"#_ftn1\" name=\"_ftnref1\">[1]<\/a>.<\/p>\n<h2 style=\"text-align: justify\"><strong>De fortes in\u00e9galit\u00e9s selon les communaut\u00e9s ethniques<\/strong><\/h2>\n<p style=\"text-align: justify\">La pr\u00e9valence tabagique s\u2019\u00e9levait \u00e0 12,6 % en 2024, contre 13,5 % en 2023, illustrant la r\u00e9duction de la consommation observ\u00e9e au long cours. Toutefois, les auteurs de l\u2019\u00e9tude pointent la persistance de fortes in\u00e9galit\u00e9s face au tabagisme. Ainsi, la pr\u00e9valence tabagique des hommes, estim\u00e9e \u00e0 16,2 %, est significativement sup\u00e9rieure \u00e0 celle des femmes (9,1 %). Par ailleurs, les niveaux de consommation varient tr\u00e8s fortement selon les groupes ethniques\u00a0: si les populations asiatiques et hispaniques enregistrent une pr\u00e9valence relativement faible (4,8 % et 8,7 %), les communaut\u00e9s afro-am\u00e9ricaine (15,1 %), blanche (13,9 %) et les autres communaut\u00e9s non-hispaniques (15,2 %) sont nettement plus affect\u00e9es par l\u2019\u00e9pid\u00e9mie tabagique.<\/p>\n<h2 style=\"text-align: justify\"><strong>Le tabagisme demeure un marqueur social aux \u00c9tats-Unis<\/strong><\/h2>\n<p style=\"text-align: justify\">Comme l\u2019illustrent les donn\u00e9es de l\u2019\u00e9tude, le tabagisme demeure un marqueur social, aux \u00c9tats-Unis comme ailleurs. Les titulaires d\u2019un haut niveau de dipl\u00f4me (<em>graduate school<\/em>) enregistrent une pr\u00e9valence tabagique \u00e9valu\u00e9e \u00e0 5,8 %, soit pr\u00e8s de six fois inf\u00e9rieure \u00e0 celle des personnes dipl\u00f4m\u00e9es d\u2019une \u00e9quivalence de fin de lyc\u00e9e (32,3 %). Dans l\u2019ensemble, les r\u00e9sultats pointent une corr\u00e9lation nette entre le niveau de dipl\u00f4me et la pr\u00e9valence tabagique. De la m\u00eame mani\u00e8re, les populations aux plus faibles niveaux de revenus ont une pr\u00e9valence tabagique pr\u00e8s de deux fois sup\u00e9rieure \u00e0 celle des populations \u00e0 haut niveau de revenus. Enfin, les auteurs de l\u2019\u00e9tude notent une pr\u00e9valence significativement plus \u00e9lev\u00e9e aupr\u00e8s des personnes d\u00e9clarant un handicap, ou travaillant dans des secteurs comme celui du BTP, des industries extractives, ainsi que du commerce, des transports et de l\u2019h\u00f4tellerie.<\/p>\n<h2 style=\"text-align: justify\"><strong>La cigarette \u00e9lectronique en augmentation<\/strong><\/h2>\n<p style=\"text-align: justify\">La consommation de cigarettes \u00e9lectroniques est en revanche en progression, passant de 6,5 % \u00e0 7 % entre 2023 et 2024. Les donn\u00e9es font \u00e9galement \u00e9tat d\u2019in\u00e9galit\u00e9s sociales marqu\u00e9es, notamment en termes de genre, de revenus, de niveau de dipl\u00f4me et de m\u00e9tier. Surtout, les chercheurs font \u00e9tat de tr\u00e8s fortes disparit\u00e9s selon l\u2019orientation sexuelle des r\u00e9pondants, les personnes se d\u00e9clarant homosexuelles ou lesbiennes ayant une pr\u00e9valence plus de trois fois sup\u00e9rieure \u00e0 celle des personnes h\u00e9t\u00e9rosexuelles (19,3 % contre 6,3 %). De la m\u00eame mani\u00e8re, les 18-24 ans se caract\u00e9risent par des niveaux de consommation significativement sup\u00e9rieurs \u00e0 ceux du reste de la population. Si les auteurs de l\u2019\u00e9tude ne commentent pas ces r\u00e9sultats, ces diff\u00e9rences peuvent toutefois en partie s\u2019expliquer par les strat\u00e9gies des industriels, caract\u00e9ris\u00e9es par un <a href=\"https:\/\/www.generationsanstabac.org\/fr\/fiches\/tabac-et-communaute-lgbt\/\">ciblage sp\u00e9cifique<\/a> de ces populations.<\/p>\n<h2 style=\"text-align: justify\"><strong>Un objectif de sant\u00e9 publique atteignable sous certaines conditions <\/strong><\/h2>\n<p style=\"text-align: justify\">Fait marquant, la pr\u00e9valence de la consommation de cigarettes classiques est pass\u00e9e pour la premi\u00e8re fois sous la barre symbolique des 10 % (9,9 %). Si cette baisse continue, l\u2019objectif d\u2019une pr\u00e9valence de 6,1 % en 2030, fix\u00e9 par le programme Healthy People 2030, pourrait \u00eatre atteint. Toutefois, les auteurs soulignent que la poursuite de cette r\u00e9duction n\u00e9cessite le maintien d\u2019une strat\u00e9gie f\u00e9d\u00e9rale centralis\u00e9e de lutte contre le tabagisme, s\u2019appuyant sur les bonnes pratiques et les donn\u00e9es probantes. Ainsi, les chercheurs soulignent en particulier la n\u00e9cessit\u00e9 de mettre en place des trajectoires fiscales, de renforcer l\u2019aide au sevrage tabagique, et de mener des campagnes de pr\u00e9vention aupr\u00e8s des populations les plus touch\u00e9es par la consommation de tabac.<\/p>\n<p style=\"text-align: justify\"><strong style=\"text-align: justify\"><a href=\"https:\/\/www.generationsanstabac.org\/\">\u00a9G\u00e9n\u00e9ration Sans Tabac<\/a><\/strong><\/p>\n<p style=\"text-align: right\"><em><strong>FT<\/strong><\/em><\/p>\n<hr \/>\n<p style=\"text-align: justify\"><a href=\"#_ftnref1\" name=\"_ftn1\">[1]<\/a> NEJM Evidence, <a href=\"https:\/\/evidence.nejm.org\/doi\/full\/10.1056\/EVIDpha2500339\">Tobacco Product Use among U.S. Adults, 2023\u20132024<\/a>, 16\/03\/2026, (consult\u00e9 le jour-m\u00eame)<\/p>\n<p style=\"text-align: justify\"><strong style=\"color: #999999\"><a style=\"color: #999999\" href=\"http:\/\/www.cnct.fr\/\" target=\"_blank\" rel=\"noopener noreferrer\">Comit\u00e9 national contre le tabagisme |<\/a><\/strong><\/p>\n","protected":false},"excerpt":{"rendered":"<p>Comme l\u2019illustrent les donn\u00e9es de l\u2019\u00e9tude, le tabagisme demeure un marqueur social, aux \u00c9tats-Unis comme ailleurs. Les titulaires d\u2019un haut niveau de dipl\u00f4me (graduate school) enregistrent une pr\u00e9valence tabagique \u00e9valu\u00e9e \u00e0 5,8 %, soit pr\u00e8s de six fois inf\u00e9rieure \u00e0 celle des personnes dipl\u00f4m\u00e9es d\u2019une \u00e9quivalence de fin de lyc\u00e9e (32,3 %). Dans l\u2019ensemble, les r\u00e9sultats pointent une corr\u00e9lation nette entre le niveau de dipl\u00f4me et la pr\u00e9valence tabagique. De la m\u00eame mani\u00e8re, les populations aux plus faibles niveaux de revenus ont une pr\u00e9valence tabagique pr\u00e8s de deux fois sup\u00e9rieure \u00e0 celle des populations \u00e0 haut niveau de revenus.<\/p>\n","protected":false},"featured_media":26436,"template":"","tags":[],"thematique":[474],"class_list":["post-26433","actualites","type-actualites","status-publish","has-post-thumbnail","hentry","thematique-sante"],"acf":[],"_links":{"self":[{"href":"https:\/\/www.generationsanstabac.org\/fr\/wp-json\/wp\/v2\/actualites\/26433","targetHints":{"allow":["GET"]}}],"collection":[{"href":"https:\/\/www.generationsanstabac.org\/fr\/wp-json\/wp\/v2\/actualites"}],"about":[{"href":"https:\/\/www.generationsanstabac.org\/fr\/wp-json\/wp\/v2\/types\/actualites"}],"version-history":[{"count":1,"href":"https:\/\/www.generationsanstabac.org\/fr\/wp-json\/wp\/v2\/actualites\/26433\/revisions"}],"predecessor-version":[{"id":26437,"href":"https:\/\/www.generationsanstabac.org\/fr\/wp-json\/wp\/v2\/actualites\/26433\/revisions\/26437"}],"wp:featuredmedia":[{"embeddable":true,"href":"https:\/\/www.generationsanstabac.org\/fr\/wp-json\/wp\/v2\/media\/26436"}],"wp:attachment":[{"href":"https:\/\/www.generationsanstabac.org\/fr\/wp-json\/wp\/v2\/media?parent=26433"}],"wp:term":[{"taxonomy":"post_tag","embeddable":true,"href":"https:\/\/www.generationsanstabac.org\/fr\/wp-json\/wp\/v2\/tags?post=26433"},{"taxonomy":"thematique","embeddable":true,"href":"https:\/\/www.generationsanstabac.org\/fr\/wp-json\/wp\/v2\/thematique?post=26433"}],"curies":[{"name":"wp","href":"https:\/\/api.w.org\/{rel}","templated":true}]}}