{"id":26359,"date":"2026-03-07T07:00:57","date_gmt":"2026-03-07T06:00:57","guid":{"rendered":"https:\/\/www.generationsanstabac.org\/?post_type=actualites&#038;p=26359"},"modified":"2026-03-05T10:03:56","modified_gmt":"2026-03-05T09:03:56","slug":"nouveaux-produits-a-la-nicotine-le-gouvernement-irlandais-donne-son-feu-vert-pour-renforcer-la-reglementation","status":"publish","type":"actualites","link":"https:\/\/www.generationsanstabac.org\/fr\/actualites\/nouveaux-produits-a-la-nicotine-le-gouvernement-irlandais-donne-son-feu-vert-pour-renforcer-la-reglementation\/","title":{"rendered":"Nouveaux produits \u00e0 la nicotine : le gouvernement irlandais donne son feu vert pour renforcer la r\u00e9glementation"},"content":{"rendered":"<p style=\"text-align: justify\"><em>Le gouvernement irlandais a approuv\u00e9 un projet de loi visant \u00e0 renforcer la r\u00e9glementation relative aux nouveaux produits de la nicotine. Visant \u00e0 r\u00e9duire la consommation de cigarettes \u00e9lectroniques et de sachets de nicotine, notamment chez les jeunes, le texte doit d\u00e9sormais \u00eatre soumis pour adoption au Parlement. <\/em><\/p>\n<h2><strong>La vente de sachets de nicotine interdite pour les moins de 18 ans <\/strong><\/h2>\n<p style=\"text-align: justify\">Les sachets de nicotine, dont la commercialisation est relativement r\u00e9cente, ne sont actuellement pas couverts par la l\u00e9gislation irlandaise sur le tabac et les cigarettes \u00e9lectroniques. Le gouvernement irlandais souhaite ainsi adopter un cadre r\u00e9glementaire pour ces nouveaux produits, et interdire leur vente pour les mineurs de moins de 18 ans<a href=\"#_ftn1\" name=\"_ftnref1\">[1]<\/a>. Si cette proposition vise \u00e0 r\u00e9duire l\u2019accessibilit\u00e9 des pouches aupr\u00e8s des plus jeunes, elle offre n\u00e9anmoins un cadre l\u00e9gal \u00e0 la commercialisation de ces produits. De fait, alors que de nombreux acteurs de sant\u00e9 plaident pour l\u2019interdiction de ces produits dans l\u2019ensemble de l\u2019Union europ\u00e9enne, la d\u00e9cision du gouvernement irlandais peut \u00eatre consid\u00e9r\u00e9e comme une victoire pour les fabricants, qui profitaient jusque-l\u00e0 d\u2019un vide juridique pour installer la consommation des sachets de nicotine. En France, le Conseil d\u2019\u00c9tat a confirm\u00e9 le caract\u00e8re ill\u00e9gal de la commercialisation de ces produits, pourtant pratiqu\u00e9e par la majorit\u00e9 des bureaux de tabac.<\/p>\n<h2 style=\"text-align: justify\"><strong>Interdiction de la publicit\u00e9 et des \u00e9tals\u00a0: le gouvernement souhaite prot\u00e9ger les jeunes<\/strong><\/h2>\n<p style=\"text-align: justify\">Le Conseil des ministres irlandais souhaite \u00e9galement interdire la publicit\u00e9 pour l\u2019ensemble des produits de la nicotine, \u00e0 l\u2019instar des cigarettes \u00e9lectroniques, dans tous les points de vente. En outre, si le projet de loi \u00e9tait adopt\u00e9, il interdirait aux points de vente mixtes (supermarch\u00e9s, stations-service, etc.) d\u2019exposer ces produits \u00e0 la vue du client. Cette mesure, appel\u00e9e <em>display ban <\/em>ou suppression des \u00e9tals, vise \u00e0 r\u00e9duire l\u2019exposition, notamment des jeunes \u00e0 ces produits, et donc \u00e0 en diminuer l\u2019attractivit\u00e9.<\/p>\n<h2 style=\"text-align: justify\"><strong>Des dispositions applicables pour les futurs produits de l\u2019industrie <\/strong><\/h2>\n<p style=\"text-align: justify\">Dans cette m\u00eame optique, le gouvernement souhaite limiter les couleurs et les images figurant sur les emballages des produits de la nicotine, ainsi que sur les dispositifs (cigarettes \u00e9lectroniques). Pour les produits du vapotage, le texte pr\u00e9voit d\u2019interdire les descripteurs de marque relatifs aux ar\u00f4mes, \u00e0 l\u2019exception des saveurs de base. Dans son communiqu\u00e9, le gouvernement pr\u00e9cise que l\u2019ensemble de ces dispositions s\u2019appliquerait aux produits actuellement commercialis\u00e9s, mais \u00e9galement aux potentiels produits susceptibles d\u2019\u00eatre commercialis\u00e9s dans les prochaines ann\u00e9es. Enfin, le projet de loi pr\u00e9voit d\u2019interdire la vente des cigarettes \u00e9lectroniques imitant d\u2019autres produits, tels que les jouets ou les jeux, ces dispositifs \u00e9tant jug\u00e9s attractifs pour les plus jeunes.<\/p>\n<h2 style=\"text-align: justify\"><strong>Faire face \u00e0 l\u2019\u00e9volution rapide du march\u00e9 <\/strong><\/h2>\n<p style=\"text-align: justify\">Le gouvernement irlandais justifie ces nouvelles propositions par la volont\u00e9 de prot\u00e9ger les jeunes g\u00e9n\u00e9rations de l\u2019\u00e9pid\u00e9mie tabagique et nicotinique, dans un contexte d\u2019\u00e9volution rapide du march\u00e9. Le Premier ministre irlandais, Mich\u00e9al Martin, avait r\u00e9cemment mis en cause la strat\u00e9gie de reconqu\u00eate men\u00e9e par l\u2019industrie du tabac, caract\u00e9ris\u00e9e par une commercialisation agressive de nouveaux produits attractifs\u00a0: \u00ab Nous devons \u00e0 nouveau adopter une ligne dure contre le tabac. Avec l\u2019apparition de toutes ces nouvelles technologies, nous assistons \u00e0 une revanche [de l\u2019industrie] du tabac, faisant suite [\u2026] aux autres initiatives men\u00e9es dans le cadre de la lutte contre le tabagisme\u00a0\u00bb.<\/p>\n<p style=\"text-align: justify\"><strong style=\"text-align: justify\"><a href=\"https:\/\/www.generationsanstabac.org\/\">\u00a9G\u00e9n\u00e9ration Sans Tabac<\/a><\/strong><\/p>\n<p style=\"text-align: right\"><em><strong>FT<\/strong><\/em><\/p>\n<hr \/>\n<p style=\"text-align: justify\"><a href=\"#_ftnref1\" name=\"_ftn1\"><\/a><\/p>\n<p><a href=\"#_ftnref1\" name=\"_ftn1\">[1]<\/a> The Journal, <a href=\"https:\/\/www.thejournal.ie\/article.php?id=6973941\">New law will ban sale of nicotine pouches to under-18s<\/a>, 04\/03\/2026, (consult\u00e9 le jour m\u00eame)<\/p>\n<p style=\"text-align: justify\"><strong style=\"color: #999999\"><a style=\"color: #999999\" href=\"http:\/\/www.cnct.fr\/\" target=\"_blank\" rel=\"noopener noreferrer\">Comit\u00e9 national contre le tabagisme |<\/a><\/strong><\/p>\n","protected":false},"excerpt":{"rendered":"<p>Le gouvernement souhaite limiter les couleurs et les images figurant sur les emballages des produits de la nicotine, ainsi que sur les dispositifs (cigarettes \u00e9lectroniques). Pour les produits du vapotage, le texte pr\u00e9voit d\u2019interdire les descripteurs de marque relatifs aux ar\u00f4mes, \u00e0 l\u2019exception des saveurs de base.<\/p>\n","protected":false},"featured_media":26362,"template":"","tags":[],"thematique":[516,491],"class_list":["post-26359","actualites","type-actualites","status-publish","has-post-thumbnail","hentry","thematique-nouveaux-produits","thematique-politiques-publiques"],"acf":[],"_links":{"self":[{"href":"https:\/\/www.generationsanstabac.org\/fr\/wp-json\/wp\/v2\/actualites\/26359","targetHints":{"allow":["GET"]}}],"collection":[{"href":"https:\/\/www.generationsanstabac.org\/fr\/wp-json\/wp\/v2\/actualites"}],"about":[{"href":"https:\/\/www.generationsanstabac.org\/fr\/wp-json\/wp\/v2\/types\/actualites"}],"version-history":[{"count":3,"href":"https:\/\/www.generationsanstabac.org\/fr\/wp-json\/wp\/v2\/actualites\/26359\/revisions"}],"predecessor-version":[{"id":26365,"href":"https:\/\/www.generationsanstabac.org\/fr\/wp-json\/wp\/v2\/actualites\/26359\/revisions\/26365"}],"wp:featuredmedia":[{"embeddable":true,"href":"https:\/\/www.generationsanstabac.org\/fr\/wp-json\/wp\/v2\/media\/26362"}],"wp:attachment":[{"href":"https:\/\/www.generationsanstabac.org\/fr\/wp-json\/wp\/v2\/media?parent=26359"}],"wp:term":[{"taxonomy":"post_tag","embeddable":true,"href":"https:\/\/www.generationsanstabac.org\/fr\/wp-json\/wp\/v2\/tags?post=26359"},{"taxonomy":"thematique","embeddable":true,"href":"https:\/\/www.generationsanstabac.org\/fr\/wp-json\/wp\/v2\/thematique?post=26359"}],"curies":[{"name":"wp","href":"https:\/\/api.w.org\/{rel}","templated":true}]}}