{"id":26352,"date":"2026-03-06T07:00:16","date_gmt":"2026-03-06T06:00:16","guid":{"rendered":"https:\/\/www.generationsanstabac.org\/?post_type=actualites&#038;p=26352"},"modified":"2026-03-04T11:17:02","modified_gmt":"2026-03-04T10:17:02","slug":"la-syrie-annonce-une-interdiction-totale-des-cigarettes-electroniques","status":"publish","type":"actualites","link":"https:\/\/www.generationsanstabac.org\/fr\/actualites\/la-syrie-annonce-une-interdiction-totale-des-cigarettes-electroniques\/","title":{"rendered":"La Syrie annonce une interdiction totale des cigarettes \u00e9lectroniques"},"content":{"rendered":"<p style=\"text-align: justify\"><em>Les autorit\u00e9s de Damas, en Syrie, ont annonc\u00e9 une interdiction compl\u00e8te des cigarettes \u00e9lectroniques et tous leurs composants<a href=\"#_ftn1\" name=\"_ftnref1\"><strong>[1]<\/strong><\/a>. La d\u00e9cision couvre la production, la distribution, la vente et l\u2019achat de ces produits dans tous les commerces et \u00e9tablissements du pays ainsi que leur usage. Selon l\u2019agence de presse SANA, cette mesure vise \u00e0 prot\u00e9ger la sant\u00e9 publique, en particulier celle des enfants et des jeunes.<\/em><\/p>\n<h2 style=\"text-align: justify\">Des motivations sanitaires et un vide juridique pour justifier leur interdiction<\/h2>\n<p style=\"text-align: justify\">Le directeur des affaires sanitaires de Damas, Radwan Al-Sawwaq, a d\u00e9cid\u00e9 de faire appliquer strictement une circulaire de 2009. Cette derni\u00e8re bannit compl\u00e8tement ces produits de tous les magasins g\u00e9n\u00e9ralistes et sp\u00e9cialis\u00e9s. La mesure, jusqu\u2019alors non appliqu\u00e9e par les pouvoirs publics, a \u00e9t\u00e9 constamment viol\u00e9e par les responsables des magasins de vapotage et les cigarettes \u00e9lectroniques n\u2019ont cess\u00e9 de prolif\u00e9rer.<\/p>\n<p style=\"text-align: justify\">Radwan Al-Sawwaq a indiqu\u00e9 que l\u2019utilisation des cigarettes \u00e9lectroniques est associ\u00e9e \u00e0 des l\u00e9sions pulmonaires et potentiellement \u00e0 des maladies cardiovasculaires, en raison de substances toxiques inhal\u00e9es. Selon l&rsquo;Organisation mondiale de la sant\u00e9 (OMS), les cigarettes \u00e9lectroniques augmentent la pression art\u00e9rielle et le rythme cardiaque. Ceci peut entra\u00eener \u00e0 terme un r\u00e9tr\u00e9cissement des vaisseaux sanguins, provoquant des maladies cardiaques et accidents vasculaires c\u00e9r\u00e9braux. <a href=\"https:\/\/www.generationsanstabac.org\/fr\/fiches\/vapotage-synthese-des-risques-pour-la-sante\/\">Les effets sur la sant\u00e9 de ces produits tendent \u00e0 \u00eatre de plus en plus <\/a>. \u00c0 cela s\u2019ajoutent les ar\u00f4mes qui attirent les jeunes et le caract\u00e8re addictif des produits.<\/p>\n<p style=\"text-align: justify\">Al-Sawwaq a \u00e9voqu\u00e9 cette popularit\u00e9 croissante, notamment aupr\u00e8s des adolescents et des \u00e9coliers, soulignant un possible effet passerelle de ces produits vers les produits du tabac alors qu\u2019il s\u2019agissait au d\u00e9part d\u2019un outil de sevrage tabagique.<\/p>\n<p style=\"text-align: justify\">Le chef du d\u00e9partement de promotion de la sant\u00e9 communautaire a cit\u00e9 une enqu\u00eate de sant\u00e9 scolaire men\u00e9e en 2024 montrant qu&rsquo;environ 17 % des \u00e9l\u00e8ves \u00e2g\u00e9s de 11 \u00e0 17 ans utilisent des cigarettes \u00e9lectroniques.<\/p>\n<p style=\"text-align: justify\">En l\u2019absence de classification et de de r\u00e8glementation relative aux produits du vapotage ou encore concernant les sachets de nicotine, ceux-ci ont \u00e9t\u00e9 mis sur le march\u00e9 alors m\u00eame que leur origine et leurs composants sont inconnus.<\/p>\n<p style=\"text-align: justify\">De m\u00eame, s\u2019agissant du tabac chauff\u00e9, qui est un produit du tabac, les dispositions relatives \u00e0 ces produits n\u2019ont pas \u00e9t\u00e9 clairement appliqu\u00e9es en lien avec la confusion d\u00e9lib\u00e9r\u00e9ment entretenue par les fabricants de tabac qui les apparentent \u00e0 des cigarettes \u00e9lectroniques<a href=\"#_ftn2\" name=\"_ftnref2\">[2]<\/a>.<\/p>\n<p style=\"text-align: justify\">Avec cette d\u00e9cision d\u2019une interdiction g\u00e9n\u00e9ralis\u00e9e des cigarettes \u00e9lectroniques, la Syrie ne fait pas exception dans la r\u00e9gion. Au Moyen-Orient en effet, elles sont interdites \u00e0 la vente et \u00e0 la distribution au Bahre\u00efn, en Iran, Iraq, Jordanie, Kowe\u00eft, Liban, Oman, Qatar et en Turquie. \u00c0 l\u2019\u00e9chelle internationale, au moins 46 pays dans le monde ont pour l\u2019heure interdit la vente et la distribution des cigarettes \u00e9lectroniques\u00a0selon les recensements internationaux disponibles<a href=\"#_ftn3\" name=\"_ftnref3\">[3]<\/a>.<\/p>\n<h2 style=\"text-align: justify\">Une mesure d\u2019interdiction accompagn\u00e9e d\u2019un renforcement des contr\u00f4les et sanctions<\/h2>\n<p style=\"text-align: justify\">En cas d\u2019infraction, les produits seront saisis et d\u00e9truits, et des poursuites judiciaires seront engag\u00e9es contre les \u00e9tablissements concern\u00e9s.<\/p>\n<p style=\"text-align: justify\">Les commerces en infraction seront ferm\u00e9s pendant trois jours \u00e0 la suite d\u2019un premier manquement, et la dur\u00e9e de fermeture sera doubl\u00e9e en cas de r\u00e9cidive.<\/p>\n<p style=\"text-align: justify\">Les autorit\u00e9s ont par ailleurs renforc\u00e9 les contr\u00f4les dans la ville, notamment dans les march\u00e9s publics, les centres commerciaux et les galeries marchandes, afin d\u2019assurer l\u2019application de cette interdiction et de limiter la diffusion des cigarettes \u00e9lectroniques.<\/p>\n<h2 style=\"text-align: justify\">Un tabagisme classique qui semble encore \u00e9lev\u00e9 et doit \u00eatre combattu comme l\u2019ing\u00e9rence de l\u2019industrie<\/h2>\n<p style=\"text-align: justify\">La Syrie est par ailleurs un pays o\u00f9 le tabagisme classique est \u00e9lev\u00e9 et demeure peu combattu. Les derni\u00e8res donn\u00e9es pour l\u2019ann\u00e9e 2023 indiquaient une pr\u00e9valence de 14,71 % chez les jeunes gar\u00e7ons de 10-14 ans et 21,09 % de tous les d\u00e9c\u00e8s masculins en Syrie seraient attribuables au tabagisme<a href=\"#_ftn4\" name=\"_ftnref4\">[4]<\/a>.<\/p>\n<p style=\"text-align: justify\">Le pays est marqu\u00e9 par l\u2019existence d\u2019un monopole d\u2019\u00c9tat, qui d\u00e9tient des participations directes ou indirectes dans l\u2019industrie du tabac<a href=\"#_ftn5\" name=\"_ftnref5\">[5]<\/a> pla\u00e7ant l\u2019industrie au c\u0153ur de la d\u00e9cision publique. S\u2019y ajoute une forte instabilit\u00e9 politique et au sein de la soci\u00e9t\u00e9 civile qui contribue \u00e0 rendre le pays faiblement prot\u00e9g\u00e9 face \u00e0 l\u2019ing\u00e9rence industrielle. Le commerce des produits du tabac l\u00e9gal et ill\u00e9gal demeure cons\u00e9quent. En 2023, les exportations syriennes de cigares ou de cigarettes vers les principaux importateurs que sont le Liban, la Jordanie et le Qatar repr\u00e9sentaient encore des millions de dollars, alors m\u00eame que le pays \u00e9tait en guerre civile<a href=\"#_ftn6\" name=\"_ftnref6\">[6]<\/a>.<\/p>\n<p style=\"text-align: justify\">Les dispositions en vigueur sont souvent insuffisantes, comme les tailles tr\u00e8s r\u00e9duites accord\u00e9es aux avertissements sanitaires, ou bien elles ne sont pas appliqu\u00e9es, en particulier dans le domaine des interdictions de publicit\u00e9s, parrainage, promotions.<\/p>\n<p style=\"text-align: justify\">Pour r\u00e9duire la pr\u00e9valence tabagique globale et faire appliquer les dispositions adopt\u00e9es, le pays doit donc prot\u00e9ger les politiques de sant\u00e9 de l\u2019ing\u00e9rence de l\u2019industrie du tabac et veiller \u00e0 stabiliser la situation politique et sociale, conform\u00e9ment \u00e0 la Convention-cadre de l\u2019OMS pour la lutte antitabac qu\u2019elle a sign\u00e9e en 2013.<\/p>\n<p style=\"text-align: justify\"><strong style=\"text-align: justify\"><a href=\"https:\/\/www.generationsanstabac.org\/\">\u00a9G\u00e9n\u00e9ration Sans Tabac<\/a><\/strong><\/p>\n<p style=\"text-align: right\"><em><strong>AD<\/strong><\/em><\/p>\n<hr \/>\n<p style=\"text-align: justify\"><a href=\"#_ftnref1\" name=\"_ftn1\">[1]<\/a><a href=\"https:\/\/www.enabbaladi.net\/797227\/%D9%85%D8%AD%D8%A7%D9%81%D8%B8%D8%A9-%D8%AF%D9%85%D8%B4%D9%82-%D8%AA%D9%85%D9%86%D8%B9-%D8%A7%D9%84%D8%B3%D8%AC%D8%A7%D8%A6%D8%B1-%D8%A7%D9%84%D8%A5%D9%84%D9%83%D8%AA%D8%B1%D9%88%D9%86%D9%8A%D8%A9\/\">\u0645\u062d\u0627\u0641\u0638\u0629 \u062f\u0645\u0634\u0642 \u062a\u0645\u0646\u0639 \u0627\u0644\u0633\u062c\u0627\u0626\u0631 \u0627\u0644\u0625\u0644\u0643\u062a\u0631\u0648\u0646\u064a\u0629.. \u0645\u0627 \u0627\u0644\u0623\u0633\u0628\u0627\u0628\u061f<\/a>, Enab Baladi, publi\u00e9 le 25 f\u00e9vrier 2026, consult\u00e9 le 3 mars 2026<\/p>\n<p style=\"text-align: justify\"><a href=\"#_ftnref2\" name=\"_ftn2\">[2]<\/a><a href=\"https:\/\/gsthr.org\/countries\/profile\/syr\/htp\/\">Using HTP in Syria<\/a>, Global State of Tobacco Harm Reduction, mis \u00e0 jour le 31 mars 2025, consult\u00e9 le 3 mars 2026<\/p>\n<p style=\"text-align: justify\"><a href=\"#_ftnref3\" name=\"_ftn3\">[3]<\/a>Global Center for Good Governance in Tobacco Control,\u00a0<a href=\"https:\/\/files.ggtc.world\/uploads\/2025-06-04\/14-12-37-389180\/E-cigarette%20Factsheet%202025_v3.pdf\">E-CIGARETTE BAN &amp; REGULATION: Global Status as of May 2025<\/a>, publi\u00e9 le 4 juin 2025, consult\u00e9 le 3 mars 2026<\/p>\n<p style=\"text-align: justify\"><a href=\"#_ftnref4\" name=\"_ftn4\">[4]<\/a>Drope J, Hamill S, <a href=\"https:\/\/tobaccoatlas.org\/factsheets\/syrian-arab-republic\/\">Country profile: Syrian Arab Republic<\/a>,\u00a0The Tobacco Atlas. New York: Vital Strategies and Economics for Health, mis \u00e0 jour en 2025, consult\u00e9 le 3 mars 2026<\/p>\n<p style=\"text-align: justify\"><a href=\"#_ftnref5\" name=\"_ftn5\">[5]<\/a><a href=\"https:\/\/www.generationsanstabac.org\/fr\/actualites\/letat-et-le-tabac-quand-le-promoteur-est-aussi-le-lautorite-de-reglementation\/\">L\u2019\u00c9tat et le tabac : quand le promoteur est aussi l\u2019autorit\u00e9 de r\u00e9glementation<\/a>, G\u00e9n\u00e9ration sans tabac, publi\u00e9 le 6 septembre 2025, consult\u00e9 le 3 mars 2026<\/p>\n<p style=\"text-align: justify\"><a href=\"#_ftnref6\" name=\"_ftn6\">[6]<\/a><a href=\"https:\/\/www.generationsanstabac.org\/fr\/actualites\/les-guerres-et-les-conflits-terrains-prosperes-pour-lindustrie-du-tabac\/\">Les guerres et les conflits, terrains prosp\u00e8res pour l\u2019industrie du tabac<\/a>, G\u00e9n\u00e9ration sans tabac, publi\u00e9 le 8 octobre 2024, consult\u00e9 le 3 mars 2026<\/p>\n<p style=\"text-align: justify\"><strong style=\"color: #999999\"><a style=\"color: #999999\" href=\"http:\/\/www.cnct.fr\/\" target=\"_blank\" rel=\"noopener noreferrer\">Comit\u00e9 national contre le tabagisme |<\/a><\/strong><\/p>\n","protected":false},"excerpt":{"rendered":"<p>Les autorit\u00e9s de Damas, en Syrie, ont annonc\u00e9 une interdiction compl\u00e8te des cigarettes \u00e9lectroniques et tous leurs composants. La d\u00e9cision couvre la production, la distribution, la vente et l\u2019achat de ces produits dans tous les commerces et \u00e9tablissements du pays ainsi que leur usage. Selon l\u2019agence de presse SANA, cette mesure vise \u00e0 prot\u00e9ger la sant\u00e9 publique, en particulier celle des enfants et des jeunes.<\/p>\n","protected":false},"featured_media":26355,"template":"","tags":[],"thematique":[491],"class_list":["post-26352","actualites","type-actualites","status-publish","has-post-thumbnail","hentry","thematique-politiques-publiques"],"acf":[],"_links":{"self":[{"href":"https:\/\/www.generationsanstabac.org\/fr\/wp-json\/wp\/v2\/actualites\/26352","targetHints":{"allow":["GET"]}}],"collection":[{"href":"https:\/\/www.generationsanstabac.org\/fr\/wp-json\/wp\/v2\/actualites"}],"about":[{"href":"https:\/\/www.generationsanstabac.org\/fr\/wp-json\/wp\/v2\/types\/actualites"}],"version-history":[{"count":1,"href":"https:\/\/www.generationsanstabac.org\/fr\/wp-json\/wp\/v2\/actualites\/26352\/revisions"}],"predecessor-version":[{"id":26356,"href":"https:\/\/www.generationsanstabac.org\/fr\/wp-json\/wp\/v2\/actualites\/26352\/revisions\/26356"}],"wp:featuredmedia":[{"embeddable":true,"href":"https:\/\/www.generationsanstabac.org\/fr\/wp-json\/wp\/v2\/media\/26355"}],"wp:attachment":[{"href":"https:\/\/www.generationsanstabac.org\/fr\/wp-json\/wp\/v2\/media?parent=26352"}],"wp:term":[{"taxonomy":"post_tag","embeddable":true,"href":"https:\/\/www.generationsanstabac.org\/fr\/wp-json\/wp\/v2\/tags?post=26352"},{"taxonomy":"thematique","embeddable":true,"href":"https:\/\/www.generationsanstabac.org\/fr\/wp-json\/wp\/v2\/thematique?post=26352"}],"curies":[{"name":"wp","href":"https:\/\/api.w.org\/{rel}","templated":true}]}}