{"id":26339,"date":"2026-03-05T07:00:07","date_gmt":"2026-03-05T06:00:07","guid":{"rendered":"https:\/\/www.generationsanstabac.org\/?post_type=actualites&#038;p=26339"},"modified":"2026-03-03T17:03:07","modified_gmt":"2026-03-03T16:03:07","slug":"espagne-vers-une-interdiction-de-la-vente-en-ligne-pour-les-sachets-de-nicotine-et-les-cigarettes-electroniques","status":"publish","type":"actualites","link":"https:\/\/www.generationsanstabac.org\/fr\/actualites\/espagne-vers-une-interdiction-de-la-vente-en-ligne-pour-les-sachets-de-nicotine-et-les-cigarettes-electroniques\/","title":{"rendered":"Espagne : vers une interdiction de la vente en ligne pour les sachets de nicotine et les cigarettes \u00e9lectroniques ?"},"content":{"rendered":"<p style=\"text-align: justify\"><em>En Espagne, le parti socialiste (PSOE) a d\u00e9pos\u00e9 une proposition non-l\u00e9gislative visant \u00e0 interdire la vente de cigarettes \u00e9lectroniques ainsi que des sachets de nicotine, en ligne comme dans les magasins non-sp\u00e9cialis\u00e9s.<\/em><\/p>\n<p style=\"text-align: justify\">Le PSOE, actuellement \u00e0 la t\u00eate du gouvernement espagnol, a d\u00e9pos\u00e9 au Congr\u00e8s une proposition non-l\u00e9gislative (PNL) visant \u00e0 renforcer le contr\u00f4le de la commercialisation des cigarettes \u00e9lectroniques et des sachets de nicotine<a href=\"#_ftn1\" name=\"_ftnref1\">[1]<\/a>. Une proposition non-l\u00e9gislative est une initiative parlementaire sans valeur normative. Ainsi, si elle ne cr\u00e9e pas de norme juridique contraignante, elle permet n\u00e9anmoins aux parlementaires d\u2019arr\u00eater une position politique, et de recommander une action aupr\u00e8s du gouvernement. Une telle initiative se rapproche de la proposition de r\u00e9solution fran\u00e7aise, \u00e0 l\u2019instar de celle <a href=\"https:\/\/www.generationsanstabac.org\/fr\/actualites\/lassemblee-nationale-adopte-une-proposition-de-resolution-contre-les-marches-paralleles\/\">d\u00e9pos\u00e9e par le d\u00e9put\u00e9 Fr\u00e9d\u00e9ric Valletoux<\/a> pour lutter contre le commerce illicite des produits du tabac.<\/p>\n<h2 style=\"text-align: justify\"><strong>Manque de contr\u00f4le, pollution\u00a0: une situation jug\u00e9e probl\u00e9matique en Espagne <\/strong><\/h2>\n<p style=\"text-align: justify\">La proposition non-l\u00e9gislative espagnole (PNL) est motiv\u00e9e par plusieurs constats jug\u00e9s alarmants. D\u2019une part, les auteurs du texte rappellent que pr\u00e8s de la moiti\u00e9 des adolescents \u00e2g\u00e9s de 14 \u00e0 18 ans ont d\u00e9j\u00e0 utilis\u00e9 des cigarettes \u00e9lectroniques, soit le plus haut niveau jamais enregistr\u00e9 dans les \u00e9tudes disponibles. D\u2019autre part, la proposition estime que la forte augmentation de la consommation de cigarettes \u00e9lectroniques pose un probl\u00e8me environnemental, celles-ci \u00e9tant compos\u00e9es de batteries au lithium et souvent jet\u00e9es en dehors des syst\u00e8mes de collecte agr\u00e9\u00e9s. En effet, si l\u2019Espagne a <a href=\"https:\/\/www.generationsanstabac.org\/fr\/actualites\/lespagne-met-en-place-une-taxe-sur-les-produits-du-vapotage-et-les-sachets-de-nicotine\/\">augment\u00e9 la fiscalit\u00e9<\/a> applicable aux cigarettes \u00e9lectroniques depuis 2025, les dispositifs jetables ne sont pour l\u2019heure pas encore interdits. Enfin, la PNL souligne que la commercialisation des sachets de nicotine s\u2019inscrit actuellement dans un vide r\u00e9glementaire, ces produits ne relevant pas des produits de substitution nicotinique.<\/p>\n<h2 style=\"text-align: justify\"><strong>Renforcer le contr\u00f4le et financer la collecte des d\u00e9chets<\/strong><\/h2>\n<p style=\"text-align: justify\">Dans cette perspective, les auteurs proposent de restreindre la vente de produits du vapotage et des sachets de nicotine aux seuls canaux autoris\u00e9s, et de renforcer la tra\u00e7abilit\u00e9, la fiscalit\u00e9 et le respect des normes environnementales. La PNL souligne par ailleurs la n\u00e9cessit\u00e9 de contraindre les fabricants \u00e0 financer la collecte des d\u00e9chets, pour permettre un retour gratuit des dispositifs. Enfin, la PNL vise \u00e0 accro\u00eetre les contr\u00f4les \u00e0 l\u2019\u00e9gard des canaux autoris\u00e9s de vente, et tout particuli\u00e8rement des commerces non-sp\u00e9cialis\u00e9s, ainsi qu\u2019\u00e0 renforcer les sanctions relatives aux infractions concernant l\u2019interdiction de vente aux mineurs.<\/p>\n<h2 style=\"text-align: justify\"><strong>Des demandes similaires observ\u00e9es en France<\/strong><\/h2>\n<p style=\"text-align: justify\">Si la PNL demeure \u00e9vasive sur la d\u00e9limitation des \u00ab\u00a0canaux de vente autoris\u00e9s\u00a0\u00bb, la mise en place de ces mesures pourrait s\u2019av\u00e9rer profitable au r\u00e9seau des buralistes espagnols, en r\u00e9duisant le nombre de points de vente agr\u00e9\u00e9s. En France, de nombreux amendements allant dans le m\u00eame sens ont \u00e9t\u00e9 d\u00e9pos\u00e9s dans le cadre des discussions budg\u00e9taires, en proposant de conf\u00e9rer aux buralistes le monopole de la commercialisation des sachets de nicotine. Toutefois, le Comit\u00e9 national contre le tabagisme rappelle d\u2019une part qu\u2019une telle situation ne permettrait probablement pas de renforcer le contr\u00f4le de la vente de ces produits, au regard des infractions r\u00e9guli\u00e8rement constat\u00e9es dans ces points de vente, et d\u2019autre part que la commercialisation des sachets de nicotine est interdite en France. Ainsi, le CNCT recommande aux pouvoirs publics l\u2019interdiction de vente en ligne des produits du vapotage et la mise en place d\u2019un syst\u00e8me d\u2019agr\u00e9ment.<\/p>\n<p style=\"text-align: justify\"><strong style=\"text-align: justify\"><a href=\"https:\/\/www.generationsanstabac.org\/\">\u00a9G\u00e9n\u00e9ration Sans Tabac<\/a><\/strong><\/p>\n<p style=\"text-align: right\"><em><strong>FT<\/strong><\/em><\/p>\n<hr \/>\n<p style=\"text-align: justify\"><a href=\"#_ftnref1\" name=\"_ftn1\"><\/a><a href=\"#_ftnref1\" name=\"_ftn1\">[1]<\/a> Parti socialiste ouvrier espagnol, <a href=\"https:\/\/www.psoe.es\/media-content\/2026\/02\/260226-PNL-vapeadores.pdf?utm_source=chatgpt.com\">Proposition non-l\u00e9gislative visant \u00e0 encadrer la commercialisation des sachets de nicotine et des cigarettes \u00e9lectroniques<\/a>, publi\u00e9 le 24\/02\/2026, consult\u00e9 le 03\/03\/2026<\/p>\n<p style=\"text-align: justify\"><strong style=\"color: #999999\"><a style=\"color: #999999\" href=\"http:\/\/www.cnct.fr\/\" target=\"_blank\" rel=\"noopener noreferrer\">Comit\u00e9 national contre le tabagisme |<\/a><\/strong><\/p>\n","protected":false},"excerpt":{"rendered":"<p>Si la PNL demeure \u00e9vasive sur la d\u00e9limitation des \u00ab\u00a0canaux de vente autoris\u00e9s\u00a0\u00bb, la mise en place de ces mesures pourrait s\u2019av\u00e9rer profitable au r\u00e9seau des buralistes espagnols, en r\u00e9duisant le nombre de points de vente agr\u00e9\u00e9s.<\/p>\n","protected":false},"featured_media":26342,"template":"","tags":[],"thematique":[516,491],"class_list":["post-26339","actualites","type-actualites","status-publish","has-post-thumbnail","hentry","thematique-nouveaux-produits","thematique-politiques-publiques"],"acf":[],"_links":{"self":[{"href":"https:\/\/www.generationsanstabac.org\/fr\/wp-json\/wp\/v2\/actualites\/26339","targetHints":{"allow":["GET"]}}],"collection":[{"href":"https:\/\/www.generationsanstabac.org\/fr\/wp-json\/wp\/v2\/actualites"}],"about":[{"href":"https:\/\/www.generationsanstabac.org\/fr\/wp-json\/wp\/v2\/types\/actualites"}],"version-history":[{"count":4,"href":"https:\/\/www.generationsanstabac.org\/fr\/wp-json\/wp\/v2\/actualites\/26339\/revisions"}],"predecessor-version":[{"id":26347,"href":"https:\/\/www.generationsanstabac.org\/fr\/wp-json\/wp\/v2\/actualites\/26339\/revisions\/26347"}],"wp:featuredmedia":[{"embeddable":true,"href":"https:\/\/www.generationsanstabac.org\/fr\/wp-json\/wp\/v2\/media\/26342"}],"wp:attachment":[{"href":"https:\/\/www.generationsanstabac.org\/fr\/wp-json\/wp\/v2\/media?parent=26339"}],"wp:term":[{"taxonomy":"post_tag","embeddable":true,"href":"https:\/\/www.generationsanstabac.org\/fr\/wp-json\/wp\/v2\/tags?post=26339"},{"taxonomy":"thematique","embeddable":true,"href":"https:\/\/www.generationsanstabac.org\/fr\/wp-json\/wp\/v2\/thematique?post=26339"}],"curies":[{"name":"wp","href":"https:\/\/api.w.org\/{rel}","templated":true}]}}