{"id":26116,"date":"2026-01-30T07:00:27","date_gmt":"2026-01-30T06:00:27","guid":{"rendered":"https:\/\/www.generationsanstabac.org\/?post_type=actualites&#038;p=26116"},"modified":"2026-01-30T08:28:51","modified_gmt":"2026-01-30T07:28:51","slug":"lallemagne-alerte-sur-les-risques-des-agents-rafraichissants-pour-e-liquides-et-envisage-den-interdire-plusieurs","status":"publish","type":"actualites","link":"https:\/\/www.generationsanstabac.org\/fr\/actualites\/lallemagne-alerte-sur-les-risques-des-agents-rafraichissants-pour-e-liquides-et-envisage-den-interdire-plusieurs\/","title":{"rendered":"L&rsquo;Allemagne alerte sur les risques des \u00ab agents rafra\u00eechissants \u00bb pour e-liquides et envisage d\u2019en interdire plusieurs"},"content":{"rendered":"<p style=\"text-align: justify;\"><em>Une \u00e9tude r\u00e9cente de l\u2019Institut f\u00e9d\u00e9ral allemand d\u2019\u00e9valuation des risques (BfR) met en \u00e9vidence des risques sanitaires potentiels li\u00e9s \u00e0 l\u2019utilisation d\u2019agents rafra\u00eechissants dans les e-liquides pour cigarettes \u00e9lectroniques. Certaines de ces substances pourraient pr\u00e9senter des effets nocifs pour la sant\u00e9, y compris \u00e0 faible dose, notamment sur le foie et les reins. Dans ce contexte de risques, les autorit\u00e9s allemandes envisagent un durcissement du cadre r\u00e9glementaire, incluant l\u2019interdiction de plusieurs agents aromatiques, tandis que les experts appellent \u00e0 la prudence et \u00e0 une r\u00e9duction de l\u2019usage des cigarettes \u00e9lectroniques<a href=\"#_ftn1\" name=\"_ftnref1\"><strong>[1]<\/strong><\/a>.<\/em><\/p>\n<h2 style=\"text-align: justify;\">Les donn\u00e9es scientifiques font \u00e9tat de substances dangereuses m\u00eame \u00e0 faible dose<\/h2>\n<p style=\"text-align: justify;\">Les agents rafra\u00eechissants sont ajout\u00e9s aux e-liquides afin de produire une sensation de fra\u00eecheur au niveau de la bouche et de la gorge. Il s\u2019agit de diverses substances chimiques, souvent synth\u00e9tiques, dont certaines sont inodores et sans go\u00fbt, tandis que d\u2019autres, comme le menthol, l&rsquo;ac\u00e9tate de menthyle ou l\u2019eucalyptol, poss\u00e8dent des caract\u00e9ristiques aromatiques marqu\u00e9es. Les concentrations varient fortement selon les produits, et sont parfois pr\u00e9sentes \u00e0 des niveaux \u00e9lev\u00e9s.<\/p>\n<p style=\"text-align: justify;\">Les conclusions de l\u2019\u00e9tude reposent principalement sur des exp\u00e9rimentations animales sur des rats et souris portant sur l\u2019ingestion orale. En l\u2019absence de donn\u00e9es sp\u00e9cifiques, des substances chimiquement proches ont parfois \u00e9t\u00e9 utilis\u00e9es comme r\u00e9f\u00e9rences.<\/p>\n<p style=\"text-align: justify;\">L\u2019\u00e9valuation du BfR a port\u00e9 notamment sur les substances Isopulegol\/Coolact P, Menthylac\u00e9tate, L-menthyl lactate, menthol, Coolact 10, menthone, Frescolat MGA, eucalyptol et WS-12, compl\u00e9tant des analyses ant\u00e9rieures sur WS-23, WS-3 et WS-5.<\/p>\n<p style=\"text-align: justify;\">Pour trois substances (WS-12, Frescolat MGA et lactate de menthyle), des effets n\u00e9fastes sur la sant\u00e9 n\u2019ont pu \u00eatre exclus, m\u00eame avec une consommation quotidienne d&rsquo;un seul millilitre.<\/p>\n<p style=\"text-align: justify;\">Le BfR estime qu\u2019un risque sanitaire \u00e0 long terme est possible \u00e0 partir d\u2019une consommation moyenne, \u00e9valu\u00e9e \u00e0 environ cinq millilitres de liquide par jour. Tous les agents de ce type \u00e9valu\u00e9s \u00e0 ce jour pr\u00e9sentent un risque de dommages durables pour des organes tels que le foie et les reins.<\/p>\n<p style=\"text-align: justify;\">Le BfR souligne par ailleurs que l\u2019exposition r\u00e9elle pourrait \u00eatre plus \u00e9lev\u00e9e, de nombreux e-liquides contenant des m\u00e9langes de plusieurs agents rafra\u00eechissants. Le BfR a ainsi eu connaissance de m\u00e9langes contenant jusqu&rsquo;\u00e0 huit agents rafra\u00eechissants diff\u00e9rents.<\/p>\n<h2 style=\"text-align: justify;\">Le BfR recommande de r\u00e9duire voire arr\u00eater l\u2019usage des cigarettes \u00e9lectroniques par pr\u00e9caution<\/h2>\n<p style=\"text-align: justify;\">\u00c0 ce jour, aucun seuil r\u00e9glementaire n\u2019a \u00e9t\u00e9 fix\u00e9 pour d\u00e9finir des niveaux d\u2019exposition sans risque pour ces substances. Le BfR s\u2019est appuy\u00e9 sur les valeurs NOAEL (dose sans effet nocif observ\u00e9) issues d\u2019exp\u00e9rimentations animales, dans lesquelles des atteintes au foie et aux reins ont \u00e9t\u00e9 fr\u00e9quemment observ\u00e9es. L\u2019Institut souligne toutefois les incertitudes li\u00e9es au manque de donn\u00e9es, en particulier concernant l\u2019inhalation et les effets pulmonaires.<\/p>\n<p style=\"text-align: justify;\">Le BfR recommande donc aux consommateurs d\u2019\u00e9viter les e-liquides contenant des agents rafra\u00eechissants et rappelle que bien que les cigarettes \u00e9lectroniques soient consid\u00e9r\u00e9es comme moins nocives que les cigarettes, leurs effets \u00e0 long terme demeurent imparfaitement connus.<\/p>\n<p style=\"text-align: justify;\">La pr\u00e9valence de l\u2019usage de cigarettes \u00e9lectroniques s\u2019\u00e9levait en Allemagne \u00e0 2 % de la population adulte en 2023<a href=\"#_ftn2\" name=\"_ftnref2\">[2]<\/a>. Par comparaison, la pr\u00e9valence tabagique est beaucoup plus \u00e9lev\u00e9e\u00a0; l\u2019Allemagne paie un lourd tribut au tabagisme avec 120 000 d\u00e9c\u00e8s pr\u00e9matur\u00e9s chaque ann\u00e9e.<\/p>\n<p style=\"text-align: justify;\">Les acteurs de sant\u00e9 pr\u00e9conisent de d\u00e9velopper la prise en charge des fumeurs sur la base des traitements valid\u00e9s et sans risques plut\u00f4t que d\u2019orienter vers les cigarettes \u00e9lectroniques.<\/p>\n<p style=\"text-align: justify;\">Ainsi, \u00e0 titre de pr\u00e9caution, l\u2019Institut conseille de s\u2019abstenir compl\u00e8tement de l\u2019usage de cigarettes \u00e9lectroniques, dont les vapeurs inhal\u00e9es peuvent toujours \u00eatre nocives et canc\u00e9rig\u00e8nes. Les risques pour la sant\u00e9 physique et mentale concernant ces produits sont d\u00e9couverts au fil des avanc\u00e9es de la recherche scientifique ind\u00e9pendante. \u00c0 cela s\u2019ajoute leur caract\u00e8re rapidement addictif li\u00e9 \u00e0 la nicotine.<\/p>\n<h2 style=\"text-align: justify;\">En r\u00e9action, le gouvernement compte supprimer certains agents rafra\u00eechissants pour e-liquides, dont le menthol<\/h2>\n<p style=\"text-align: justify;\">Dans ce contexte, le ministre f\u00e9d\u00e9ral allemand de l\u2019Alimentation et de l\u2019Agriculture, Alois Rainer, a engag\u00e9 une modification r\u00e9glementaire de l&rsquo;ordonnance sur les produits du tabac, visant \u00e0 interdire l\u2019utilisation de 13 substances aromatiques et rafra\u00eechissantes, dont l\u2019eucalyptol et le menthol, d\u00e9j\u00e0 banni des cigarettes classiques dans toute l&rsquo;UE depuis 2020<a href=\"#_ftn3\" name=\"_ftnref3\">[3]<\/a>.<\/p>\n<p style=\"text-align: justify;\">Le minist\u00e8re a justifi\u00e9 cette mesure par l&rsquo;effet d&rsquo;entra\u00eenement des agents rafra\u00eechissants\u00a0: \u00a0la sensation de fra\u00eecheur masque l\u2019\u00e2cret\u00e9 de la nicotine et facilite ainsi l&rsquo;initiation au\u00a0tabagisme ou aux cigarettes \u00e9lectroniques, surtout chez les jeunes qui sous-estiment la nocivit\u00e9 de ces produits.<\/p>\n<p style=\"text-align: justify;\">Les pneumologues ont salu\u00e9 l\u2019annonce du gouvernement\u00a0: \u00ab l<em>es enfants et les adolescents, en particulier, en b\u00e9n\u00e9ficieraient<\/em> \u00bb, a ainsi d\u00e9clar\u00e9 le professeur Stefan Andreas de la Soci\u00e9t\u00e9 allemande de pneumologie et de m\u00e9decine respiratoire (DGP). \u00ab <em>La DGP se f\u00e9licite de l&rsquo;interdiction du menthol dans les cigarettes \u00e9lectroniques.<\/em> \u00bb.<\/p>\n<p style=\"text-align: justify;\">Les repr\u00e9sentants allemands de l\u2019industrie du tabac et de la nicotine ont affirm\u00e9 quant \u00e0 eux qu\u2019environ 80\u00a0% des cigarettes \u00e9lectroniques contiennent du menthol, et qu\u2019une telle interdiction reviendrait \u00e0 interdire la plupart des cigarettes \u00e9lectroniques dans le pays, reconnaissant que les saveurs ont pour but de banaliser le vapotage et fid\u00e9liser une nouvelle client\u00e8le<a href=\"#_ftn4\" name=\"_ftnref4\">[4]<\/a>.<\/p>\n<p style=\"text-align: justify;\">Le projet de r\u00e8glement est actuellement examin\u00e9 par le gouvernement, apr\u00e8s quoi les \u00c9tats f\u00e9d\u00e9r\u00e9s et les associations pourront soumettre leurs observations. La date de la d\u00e9cision du Conseil f\u00e9d\u00e9ral reste encore ind\u00e9termin\u00e9e.<\/p>\n<p style=\"text-align: justify;\">R\u00e9cemment, <a href=\"https:\/\/www.generationsanstabac.org\/fr\/actualites\/allemagne-vers-linterdiction-des-cigarettes-electroniques-jetables\/\">l\u2019Allemagne a aussi exprim\u00e9 sa volont\u00e9 de rejoindre la liste des pays qui envisagent ou ont d\u00e9j\u00e0 interdit les cigarettes \u00e9lectroniques jetables ou \u00ab\u00a0puffs\u00a0\u00bb<\/a> (France, Belgique, Royaume-Uni, Irlande, Suisse, Autriche\u2026), en raison de leur danger sanitaire et environnemental.<\/p>\n<p style=\"text-align: justify;\"><strong style=\"text-align: justify;\"><a href=\"https:\/\/www.generationsanstabac.org\/\">\u00a9G\u00e9n\u00e9ration Sans Tabac<\/a><\/strong><\/p>\n<p style=\"text-align: right;\"><em><strong>AD<\/strong><\/em><\/p>\n<hr \/>\n<p style=\"text-align: justify;\"><a href=\"#_ftnref1\" name=\"_ftn1\">[1]<\/a><a href=\"https:\/\/www.pharmazeutische-zeitung.de\/bfr-warnt-vor-cooling-agents-in-e-zigaretten-162207\/seite\/2\/?cHash=7e4dd3cb127a48dbb89f8f844529452a\">BfR warnt vor \u00bbCooling Agents\u00ab in E-Zigaretten<\/a>, Pharmazeutische Zeitung, publi\u00e9 le 26 janvier 2026, consult\u00e9 le 27 janvier 2026<\/p>\n<p style=\"text-align: justify;\"><a href=\"#_ftnref2\" name=\"_ftn2\">[2]<\/a><a href=\"https:\/\/www.who.int\/publications\/i\/item\/9789240116276\">WHO global report on trends in prevalence of tobacco use 2000\u20132024 and projections 2025\u20132030<\/a> (6e \u00e9dition), World Health Organization, publi\u00e9 le 6 octobre 2025, consult\u00e9 le 27 janvier 2026<\/p>\n<p style=\"text-align: justify;\"><a href=\"#_ftnref3\" name=\"_ftn3\">[3]<\/a>Felix Schneider, <a href=\"https:\/\/www.news.de\/gesundheit\/859293128\/cooling-agents-in-e-zigaretten-koennen-organschaeden-verursachen-bundesamt-fuer-risikobewertung-warnt-vor-kuehlstoffen-in-vapes\/1\/\">Experten schlagen Alarm:\u00a0Bundesamt warnt vor Organsch\u00e4den durch E-Zigaretten<\/a>, news.de, publi\u00e9 le 26 janvier 2026, consult\u00e9 le 27 janvier 2026<\/p>\n<p style=\"text-align: justify;\"><a href=\"#_ftnref4\" name=\"_ftn4\">[4]<\/a>Lena Gl\u00f6ckner, <a href=\"https:\/\/www.bild.de\/politik\/inland\/rauchen-lungenaerzte-atmen-auf-regierung-will-menthol-vapes-verbieten-6970bfe8707d4aa20757bea2#fromWall\">Rauchen: Lungen\u00e4rzte atmen auf! Regierung will Menthol-Vapes verbieten<\/a>, BILD, publi\u00e9 le 22 janvier 2026, consult\u00e9 le 27 janvier 2026<\/p>\n<p style=\"text-align: justify;\"><strong style=\"color: #999999;\"><a style=\"color: #999999;\" href=\"http:\/\/www.cnct.fr\/\" target=\"_blank\" rel=\"noopener noreferrer\">Comit\u00e9 national contre le tabagisme |<\/a><\/strong><\/p>\n","protected":false},"excerpt":{"rendered":"<p>Une \u00e9tude r\u00e9cente de l\u2019Institut f\u00e9d\u00e9ral allemand d\u2019\u00e9valuation des risques (BfR) met en \u00e9vidence des risques sanitaires potentiels li\u00e9s \u00e0 l\u2019utilisation d\u2019agents rafra\u00eechissants dans les e-liquides pour cigarettes \u00e9lectroniques. Certaines de ces substances pourraient pr\u00e9senter des effets nocifs pour la sant\u00e9, y compris \u00e0 faible dose, notamment sur le foie et les reins. Dans ce contexte de risques, les autorit\u00e9s allemandes envisagent un durcissement du cadre r\u00e9glementaire, incluant l\u2019interdiction de plusieurs agents aromatiques, tandis que les experts appellent \u00e0 la prudence et \u00e0 une r\u00e9duction de l\u2019usage des cigarettes \u00e9lectroniques.<\/p>\n","protected":false},"featured_media":26119,"template":"","tags":[],"thematique":[491,474],"class_list":["post-26116","actualites","type-actualites","status-publish","has-post-thumbnail","hentry","thematique-politiques-publiques","thematique-sante"],"acf":[],"_links":{"self":[{"href":"https:\/\/www.generationsanstabac.org\/fr\/wp-json\/wp\/v2\/actualites\/26116","targetHints":{"allow":["GET"]}}],"collection":[{"href":"https:\/\/www.generationsanstabac.org\/fr\/wp-json\/wp\/v2\/actualites"}],"about":[{"href":"https:\/\/www.generationsanstabac.org\/fr\/wp-json\/wp\/v2\/types\/actualites"}],"version-history":[{"count":3,"href":"https:\/\/www.generationsanstabac.org\/fr\/wp-json\/wp\/v2\/actualites\/26116\/revisions"}],"predecessor-version":[{"id":26148,"href":"https:\/\/www.generationsanstabac.org\/fr\/wp-json\/wp\/v2\/actualites\/26116\/revisions\/26148"}],"wp:featuredmedia":[{"embeddable":true,"href":"https:\/\/www.generationsanstabac.org\/fr\/wp-json\/wp\/v2\/media\/26119"}],"wp:attachment":[{"href":"https:\/\/www.generationsanstabac.org\/fr\/wp-json\/wp\/v2\/media?parent=26116"}],"wp:term":[{"taxonomy":"post_tag","embeddable":true,"href":"https:\/\/www.generationsanstabac.org\/fr\/wp-json\/wp\/v2\/tags?post=26116"},{"taxonomy":"thematique","embeddable":true,"href":"https:\/\/www.generationsanstabac.org\/fr\/wp-json\/wp\/v2\/thematique?post=26116"}],"curies":[{"name":"wp","href":"https:\/\/api.w.org\/{rel}","templated":true}]}}