{"id":26026,"date":"2026-01-25T07:00:13","date_gmt":"2026-01-25T06:00:13","guid":{"rendered":"https:\/\/www.generationsanstabac.org\/?post_type=actualites&#038;p=26026"},"modified":"2026-01-22T12:53:58","modified_gmt":"2026-01-22T11:53:58","slug":"une-etude-met-en-lumiere-les-degats-ecologiques-et-sociaux-de-la-culture-du-tabac-au-zimbabwe","status":"publish","type":"actualites","link":"https:\/\/www.generationsanstabac.org\/fr\/actualites\/une-etude-met-en-lumiere-les-degats-ecologiques-et-sociaux-de-la-culture-du-tabac-au-zimbabwe\/","title":{"rendered":"Une \u00e9tude met en lumi\u00e8re les d\u00e9g\u00e2ts \u00e9cologiques et sociaux de la culture du tabac au Zimbabwe"},"content":{"rendered":"<p style=\"text-align: justify\"><em>Une \u00e9tude men\u00e9e par le Tobacco Control Research Group de l\u2019Universit\u00e9 de Bath a analys\u00e9 les effets environnementaux et socio-\u00e9conomiques de la production du tabac de Virginie s\u00e9ch\u00e9 \u00e0 l\u2019air chaud (FCV), l\u2019un des types de feuilles de tabac les plus utilis\u00e9s dans le monde. Les r\u00e9sultats mettent en \u00e9vidence des impacts significatifs sur les \u00e9cosyst\u00e8mes forestiers et sur les conditions de vie des agriculteurs, en particulier au Zimbabwe<a href=\"#_ftn1\" name=\"_ftnref1\"><strong>[1]<\/strong><\/a>.<\/em><\/p>\n<h2 style=\"text-align: justify\">Des petits producteurs maintenus dans la d\u00e9pendance \u00e9conomique vis-\u00e0-vis du tabac<\/h2>\n<p style=\"text-align: justify\">Le Zimbabwe figure parmi les principaux producteurs mondiaux de tabac FCV. Le pays occupe le troisi\u00e8me rang mondial. Ce tabac repr\u00e9sente 99,95 % des exportations nationales de feuilles de tabac, pour une valeur d\u2019environ 1 milliard de dollars am\u00e9ricains (USD), soit plus de 2 % du PIB du pays qui est \u00e9valu\u00e9 \u00e0 44 milliards de USD.<\/p>\n<p style=\"text-align: justify\">Environ 100 000 petits agriculteurs sont impliqu\u00e9s dans cette culture, dont des enfants. Ces planteurs sont g\u00e9n\u00e9ralement sous contrat avec de grandes entreprises de tabac. Les contrats incluent des pr\u00eats pour l\u2019achat d\u2019intrants agricoles, mais imposent aux agriculteurs de vendre leur production exclusivement \u00e0 l\u2019entreprise contractante, qui fixe les prix.<\/p>\n<p style=\"text-align: justify\">Ce syst\u00e8me limite la concurrence et r\u00e9duit la capacit\u00e9 des producteurs \u00e0 d\u00e9gager des marges suffisantes pour investir dans la protection de l\u2019environnement ou se tourner vers d\u2019autres cultures.<\/p>\n<h2 style=\"text-align: justify\">Un proc\u00e9d\u00e9 de production qui contribue \u00e0 la pollution et la d\u00e9forestation mondiales<\/h2>\n<p style=\"text-align: justify\">Le tabac FCV est principalement utilis\u00e9 dans la fabrication de cigarettes. Apr\u00e8s la r\u00e9colte, les feuilles sont s\u00e9ch\u00e9es pendant plusieurs jours dans des granges chauff\u00e9es, un proc\u00e9d\u00e9 n\u00e9cessitant de grandes quantit\u00e9s de bois.<\/p>\n<p style=\"text-align: justify\">Selon l\u2019\u00e9tude, environ 60 000 hectares de for\u00eats de Miombo, le plus vaste \u00e9cosyst\u00e8me forestier tropical sec au monde qui s&rsquo;\u00e9tend sur sept pays, dont le nord-est du Zimbabwe, seraient d\u00e9truits chaque ann\u00e9e pour alimenter ce processus de fabricant du Zimbabwe, contribuant \u00e0 la d\u00e9forestation et aux \u00e9missions de gaz \u00e0 effet de serre, et donc au changement climatique mondial.<\/p>\n<p style=\"text-align: justify\">Les auteurs soulignent que ce type de tabac est recherch\u00e9 par l\u2019industrie pour sa forte teneur en sucre et sa faible teneur en nicotine, caract\u00e9ristiques obtenues au terme d\u2019un processus de production intensif en ressources naturelles.<\/p>\n<p style=\"text-align: justify\">Les auteurs de l\u2019\u00e9tude soulignent \u00e9galement que certaines entreprises multinationales externalisent de plus en plus les activit\u00e9s de s\u00e9chage du tabac vers des pays \u00e0 revenu faible ou interm\u00e9diaire, o\u00f9 les cadres r\u00e9glementaires environnementaux sont moins stricts.<\/p>\n<p style=\"text-align: justify\">Le Dr. Michael Bloomfield, co-auteur de l&rsquo;\u00e9tude et membre du\u00a0Centre d&rsquo;\u00e9tudes du d\u00e9veloppement,\u00a0explique ainsi que les entreprises de tabac de pays comme les \u00c9tats-Unis et la Chine d\u00e9localisent de plus en plus le s\u00e9chage du tabac vers des pays comme le Zimbabwe, o\u00f9 la surveillance est moins stricte, externalisant ainsi de fait la d\u00e9forestation.<\/p>\n<h2 style=\"text-align: justify\">R\u00e9duire l\u2019offre et la demande de FCV dans un pays o\u00f9 l\u2019industrie est omnipr\u00e9sente<\/h2>\n<p style=\"text-align: justify\">Les auteurs rappellent que la protection de l\u2019environnement et la diversification des cultures agricoles constituent l\u2019une des dispositions de la Convention-cadre de l\u2019OMS pour la lutte antitabac (CCLAT), notamment dans ses articles 17 et 18.<\/p>\n<p style=\"text-align: justify\">Ces dispositions pr\u00e9voient le soutien au d\u00e9veloppement de fili\u00e8res agricoles alternatives \u00e9conomiquement viables pour les exploitants, permettant aux agriculteurs de r\u00e9duire leur d\u00e9pendance au tabac, voire de d\u00e9sengagement complet dans cette culture, avec un soutien financier et logistique accru. En 2023, le Zimbabwe a produit, d\u2019apr\u00e8s le Tobacco Atlas, 236\u00a0818 tonnes de tabac sur 136\u00a0126 hectares de terres agricoles de qualit\u00e9 qui auraient pu \u00eatre utilis\u00e9es pour des cultures vivri\u00e8res.<\/p>\n<p style=\"text-align: justify\">Les auteurs de l\u2019\u00e9tude sugg\u00e8rent par ailleurs que des mesures visant \u00e0 r\u00e9duire la demande de tabac FCV pourraient \u00eatre envisag\u00e9es dans le cadre des dispositions de la CCLAT relatives \u00e0 la r\u00e9glementation du contenu des produits du tabac (articles 9 et 10), \u00e0 travers une r\u00e9glementation sur les additifs, la saveur, et potentiellement la limitation de la feuille FCV dans la fabrication. En outre, une meilleure information des consommateurs sur les cons\u00e9quences environnementales des modes de production du tabac devrait, selon eux, \u00eatre assur\u00e9e \u00e0 ce niveau.<\/p>\n<p style=\"text-align: justify\">Enfin, les efforts de reforestation doivent \u00eatre renforc\u00e9s et mieux encadr\u00e9s pour pr\u00e9server l\u2019\u00e9cosyst\u00e8me Miombo, en privil\u00e9giant des actions efficaces et durables.<\/p>\n<p style=\"text-align: justify\">Cela permettrait \u00e0 ce pays, qui est devenu Partie au trait\u00e9 de la CCLAT par voie d\u2019adh\u00e9sion le 4 d\u00e9cembre 2014, d\u2019\u00eatre moins d\u00e9pendant \u00e9conomiquement de l\u2019industrie du tabac. Cette derni\u00e8re demeure pour l\u2019heure tr\u00e8s pr\u00e9sente et influente dans le pays. Elle<a href=\"https:\/\/www.generationsanstabac.org\/fr\/decryptages\/des-delegations-mises-en-cause-dans-le-blocage-des-negociations-internationales-de-loms\/\"> affaiblit \u00e9galement les politiques de sant\u00e9 multilat\u00e9rales lors des n\u00e9gociations internationales<\/a> via ce pays.<\/p>\n<p style=\"text-align: justify\">Cette m\u00eame industrie commercialise ses produits de mani\u00e8re agressive aupr\u00e8s des populations \u00e0 faibles revenus et des jeunes, dans un pays o\u00f9 le tabagisme des enfants et adolescents de 10-14 ans \u00e9tait extr\u00eamement \u00e9lev\u00e9 en 2023 (17,05 % pour les gar\u00e7ons et 11,2 % pour les filles).<\/p>\n<p style=\"text-align: justify\">Le pays d\u2019Afrique australe est de ce fait tr\u00e8s en retard dans la mise en \u0153uvre de politiques antitabac\u00a0: absence de lieux sans tabac dans les lieux publics et \u00e0 usage collectif (bureaux, restaurants, bars\u2026), pas de services de sevrage tabagique, des avertissements uniquement textuels sur les paquets de cigarettes qui ne recouvrent que 20 % en moyenne des faces avant et arri\u00e8re, aucune campagne m\u00e9diatique antitabac, et aucune interdiction directe ou indirecte de la publicit\u00e9, promotion ou du parrainage du tabac<a href=\"#_ftn2\" name=\"_ftnref2\">[2]<\/a>.<\/p>\n<p style=\"text-align: justify\">Par ailleurs, les nouveaux produits \u2013 cigarettes \u00e9lectroniques, sachets de nicotine, snus \u2013 ne sont encadr\u00e9s par aucune loi sp\u00e9cifique dans le pays<a href=\"#_ftn3\" name=\"_ftnref3\">[3]<\/a> tandis que les rares dispositions applicables aux produits du tabac ne sont pas appliqu\u00e9es pour le tabac chauff\u00e9.<\/p>\n<p style=\"text-align: justify\">Seule la mise en place de mesures de sant\u00e9 publique strictes correspondant \u00e0 la transposition des mesures de la CCLAT dans le droit interne de ce pays et leur application permettraient au Zimbabwe de r\u00e9duire l\u2019emprise du FCV et plus globalement de l\u2019industrie du tabac sur la sant\u00e9, l\u2019\u00e9conomie et l\u2019environnemental local.<\/p>\n<p style=\"text-align: justify\"><strong style=\"text-align: justify\"><a href=\"https:\/\/www.generationsanstabac.org\/\">\u00a9G\u00e9n\u00e9ration Sans Tabac<\/a><\/strong><\/p>\n<p style=\"text-align: right\"><em><strong>AD<\/strong><\/em><\/p>\n<hr \/>\n<p style=\"text-align: justify\"><a href=\"#_ftnref1\" name=\"_ftn1\">[1]<\/a>Hiscock\u00a0R,\u00a0Matthes\u00a0BK,\u00a0Bloomfield\u00a0MJ, <a href=\"https:\/\/tobaccocontrol.bmj.com\/content\/early\/2026\/01\/05\/tc-2025-059570\">Flue-cured tobacco in Zimbabwe: a particularly harmful commodity requiring the attention of tobacco control<\/a>, Tobacco Control, publi\u00e9 le\u00a012 janvier 2026, consult\u00e9 le 19 janvier 2026<\/p>\n<p style=\"text-align: justify\"><a href=\"#_ftnref2\" name=\"_ftn2\">[2]<\/a>Drope J, Hamill S, <a href=\"https:\/\/tobaccoatlas.org\/factsheets\/zimbabwe\/\">Country profile: Zimbabwe<\/a>, The Tobacco Atlas, New York: Vital Strategies and Economics for Health, publi\u00e9 en 2025, consult\u00e9 le 20 janvier 2026<\/p>\n<p style=\"text-align: justify\"><a href=\"#_ftnref3\" name=\"_ftn3\">[3]<\/a><a href=\"https:\/\/gsthr.org\/countries\/profile\/zwe\/1\/\">Tobacco smoking in Zimbabwe<\/a>, Global State of Tobacco Harm Reduction, mis \u00e0 jour le 11 d\u00e9cembre 2025, consult\u00e9 le 20 janvier 2026<\/p>\n<p style=\"text-align: justify\"><strong style=\"color: #999999\"><a style=\"color: #999999\" href=\"http:\/\/www.cnct.fr\/\" target=\"_blank\" rel=\"noopener noreferrer\">Comit\u00e9 national contre le tabagisme |<\/a><\/strong><\/p>\n","protected":false},"excerpt":{"rendered":"<p>Une \u00e9tude men\u00e9e par le Tobacco Control Research Group de l\u2019Universit\u00e9 de Bath a analys\u00e9 les effets environnementaux et socio-\u00e9conomiques de la production du tabac de Virginie s\u00e9ch\u00e9 \u00e0 l\u2019air chaud (FCV), l\u2019un des types de feuilles de tabac les plus utilis\u00e9s dans le monde. Les r\u00e9sultats mettent en \u00e9vidence des impacts significatifs sur les \u00e9cosyst\u00e8mes forestiers et sur les conditions de vie des agriculteurs, en particulier au Zimbabwe.<\/p>\n","protected":false},"featured_media":26029,"template":"","tags":[],"thematique":[480,491],"class_list":["post-26026","actualites","type-actualites","status-publish","has-post-thumbnail","hentry","thematique-environnement","thematique-politiques-publiques"],"acf":[],"_links":{"self":[{"href":"https:\/\/www.generationsanstabac.org\/fr\/wp-json\/wp\/v2\/actualites\/26026","targetHints":{"allow":["GET"]}}],"collection":[{"href":"https:\/\/www.generationsanstabac.org\/fr\/wp-json\/wp\/v2\/actualites"}],"about":[{"href":"https:\/\/www.generationsanstabac.org\/fr\/wp-json\/wp\/v2\/types\/actualites"}],"version-history":[{"count":2,"href":"https:\/\/www.generationsanstabac.org\/fr\/wp-json\/wp\/v2\/actualites\/26026\/revisions"}],"predecessor-version":[{"id":26032,"href":"https:\/\/www.generationsanstabac.org\/fr\/wp-json\/wp\/v2\/actualites\/26026\/revisions\/26032"}],"wp:featuredmedia":[{"embeddable":true,"href":"https:\/\/www.generationsanstabac.org\/fr\/wp-json\/wp\/v2\/media\/26029"}],"wp:attachment":[{"href":"https:\/\/www.generationsanstabac.org\/fr\/wp-json\/wp\/v2\/media?parent=26026"}],"wp:term":[{"taxonomy":"post_tag","embeddable":true,"href":"https:\/\/www.generationsanstabac.org\/fr\/wp-json\/wp\/v2\/tags?post=26026"},{"taxonomy":"thematique","embeddable":true,"href":"https:\/\/www.generationsanstabac.org\/fr\/wp-json\/wp\/v2\/thematique?post=26026"}],"curies":[{"name":"wp","href":"https:\/\/api.w.org\/{rel}","templated":true}]}}