{"id":25901,"date":"2026-01-05T07:00:11","date_gmt":"2026-01-05T06:00:11","guid":{"rendered":"https:\/\/www.generationsanstabac.org\/?post_type=actualites&#038;p=25901"},"modified":"2025-12-31T10:03:14","modified_gmt":"2025-12-31T09:03:14","slug":"allemagne-vers-linterdiction-des-cigarettes-electroniques-jetables","status":"publish","type":"actualites","link":"https:\/\/www.generationsanstabac.org\/fr\/actualites\/allemagne-vers-linterdiction-des-cigarettes-electroniques-jetables\/","title":{"rendered":"Allemagne : vers l\u2019interdiction des cigarettes \u00e9lectroniques jetables"},"content":{"rendered":"<p style=\"text-align: justify\"><em>Le ministre f\u00e9d\u00e9ral allemand de l\u2019Environnement, Carsten Schneider, a exprim\u00e9 son soutien clair \u00e0 une interdiction des cigarettes \u00e9lectroniques jetables en Allemagne. Si les arguments avanc\u00e9s mettent en avant des risques environnementaux et de s\u00e9curit\u00e9, cette prise de position s\u2019inscrit \u00e9galement dans un contexte de pr\u00e9occupations croissantes en mati\u00e8re de sant\u00e9 publique, notamment face \u00e0 la diffusion rapide de ces produits nicotin\u00e9s aupr\u00e8s des jeunes. Le d\u00e9bat rejoint les enjeux plus larges de pr\u00e9vention de l\u2019addiction \u00e0 la nicotine et de la lutte contre le tabagisme en Europe<a href=\"#_ftn1\" name=\"_ftnref1\"><strong>[1]<\/strong><\/a>.<\/em><\/p>\n<h2 style=\"text-align: justify\"><strong>Une volont\u00e9 politique fond\u00e9e sur des risques av\u00e9r\u00e9s de s\u00e9curit\u00e9 et de gestion des d\u00e9chets<\/strong><\/h2>\n<p style=\"text-align: justify\">La prise de position du ministre f\u00e9d\u00e9ral allemand de l\u2019Environnement s\u2019inscrit dans une dynamique politique d\u00e9j\u00e0 engag\u00e9e au niveau f\u00e9d\u00e9ral. Le Bundestag (chambre basse du Parlement f\u00e9d\u00e9ral) a en effet adopt\u00e9 une r\u00e9solution appelant le gouvernement \u00e0 examiner une interdiction de ces produits, position \u00e9galement soutenue par le Bundesrat (Chambre haute du Parlement repr\u00e9sentant les 16 \u00e9tats f\u00e9d\u00e9r\u00e9s). Si le ministre a reconnu l\u2019existence de contraintes juridiques et institutionnelles \u00e0 clarifier, notamment en mati\u00e8re de r\u00e9partition des comp\u00e9tences entre minist\u00e8res, il a n\u00e9anmoins indiqu\u00e9 que l\u2019interdiction constituait son option privil\u00e9gi\u00e9e face aux risques pos\u00e9s par ces dispositifs.<\/p>\n<p style=\"text-align: justify\">Les arguments avanc\u00e9s reposent en grande partie sur des consid\u00e9rations de s\u00e9curit\u00e9 li\u00e9es \u00e0 la conception m\u00eame des cigarettes \u00e9lectroniques jetables. Ces produits contiennent des batteries lithium-ion int\u00e9gr\u00e9es, qui, une fois jet\u00e9es avec les d\u00e9chets m\u00e9nagers, repr\u00e9sentent un danger r\u00e9el pour les infrastructures de collecte et de traitement des d\u00e9chets<a href=\"#_ftn2\" name=\"_ftnref2\">[2]<\/a>. Les autorit\u00e9s allemandes ont alert\u00e9 sur des incidents r\u00e9p\u00e9t\u00e9s, incluant des d\u00e9parts de feu et des explosions dans les centres de tri, exposant directement les agents \u00e0 des risques professionnels \u00e9vitables. Ces \u00e9v\u00e9nements soulignent l\u2019inad\u00e9quation entre des dispositifs \u00e9lectroniques complexes et leur caract\u00e8re jetable, dans un contexte o\u00f9 leur r\u00e9cup\u00e9ration et leur recyclage effectifs restent tr\u00e8s limit\u00e9s.<\/p>\n<p style=\"text-align: justify\">Au-del\u00e0 des enjeux techniques, cette situation met en \u00e9vidence les failles structurelles du cadre de gestion des d\u00e9chets appliqu\u00e9 aux cigarettes \u00e9lectroniques jetables. La diss\u00e9mination de ces produits, combin\u00e9e \u00e0 l\u2019absence de fili\u00e8res de collecte adapt\u00e9es et \u00e0 un faible taux de retour des appareils usag\u00e9s, entra\u00eene une accumulation de d\u00e9chets dangereux et une perte de ressources critiques. Pour les pouvoirs publics, ces constats renforcent la l\u00e9gitimit\u00e9 d\u2019une r\u00e9ponse r\u00e9glementaire forte, l\u2019interdiction apparaissant comme une mesure proportionn\u00e9e face \u00e0 des risques environnementaux et de s\u00e9curit\u00e9 qui ne peuvent \u00eatre corrig\u00e9s par de simples ajustements techniques.<\/p>\n<h2 style=\"text-align: justify\"><strong>Une r\u00e9ponse de sant\u00e9 publique face \u00e0 une diffusion rapide chez les jeunes, en coh\u00e9rence avec les dynamiques europ\u00e9ennes<\/strong><\/h2>\n<p style=\"text-align: justify\">La question des cigarettes \u00e9lectroniques jetables d\u00e9passe largement les seuls enjeux environnementaux pour s\u2019inscrire pleinement dans le champ de la sant\u00e9 publique, en particulier au regard de leur diffusion massive aupr\u00e8s des adolescents et des jeunes adultes. En Allemagne, comme dans de nombreux autres pays europ\u00e9ens, ces produits se sont impos\u00e9s en quelques ann\u00e9es comme une porte d\u2019entr\u00e9e privil\u00e9gi\u00e9e vers la consommation de nicotine, notamment en raison de leur faible co\u00fbt, de leur facilit\u00e9 d\u2019acc\u00e8s, de leur design attractif et de la diversit\u00e9 des ar\u00f4mes propos\u00e9s. Cette banalisation de l\u2019usage de dispositifs jetables contribue \u00e0 l\u2019initiation pr\u00e9coce \u00e0 la nicotine et au maintien d\u2019une d\u00e9pendance chez des publics qui n\u2019\u00e9taient g\u00e9n\u00e9ralement pas fumeurs auparavant.<\/p>\n<p style=\"text-align: justify\">Dans une perspective de lutte contre le tabagisme et les produits connexes, cette \u00e9volution est particuli\u00e8rement pr\u00e9occupante. Les autorit\u00e9s sanitaires rappellent que la nicotine est une substance hautement addictive, dont l\u2019exposition \u00e0 l\u2019adolescence est associ\u00e9e \u00e0 des effets d\u00e9l\u00e9t\u00e8res sur le d\u00e9veloppement c\u00e9r\u00e9bral et \u00e0 un risque accru de consommation prolong\u00e9e de produits du tabac ou de la nicotine. Les cigarettes \u00e9lectroniques jetables, par leur caract\u00e8re discret et leur forte attractivit\u00e9, compliquent les strat\u00e9gies de pr\u00e9vention et fragilisent les politiques visant \u00e0 r\u00e9duire l\u2019initiation des jeunes aux produits nicotin\u00e9s.<\/p>\n<p style=\"text-align: justify\">La position allemande s\u2019inscrit dans un mouvement plus large d\u2019alignement avec les \u00e9volutions r\u00e9glementaires observ\u00e9es au niveau europ\u00e9en. Plusieurs \u00c9tats membres ont d\u00e9j\u00e0 adopt\u00e9 ou annonc\u00e9 des interdictions des cigarettes \u00e9lectroniques jetables, consid\u00e9rant que ces produits posent des risques disproportionn\u00e9s au regard de leur contribution limit\u00e9e \u00e0 la r\u00e9duction du tabagisme. Cette convergence refl\u00e8te une reconnaissance croissante du fait que les dispositifs jetables ne constituent pas un outil de sevrage valid\u00e9, mais participent au contraire \u00e0 l\u2019expansion du march\u00e9 de la nicotine, notamment chez les jeunes.<\/p>\n<p style=\"text-align: justify\">Dans ce contexte, l\u2019\u00e9ventuelle interdiction en Allemagne appara\u00eet comme une mesure coh\u00e9rente avec les objectifs europ\u00e9ens de pr\u00e9vention, de protection des mineurs et de r\u00e9duction de l\u2019exposition aux produits addictifs. Elle traduit une approche de sant\u00e9 publique visant \u00e0 anticiper l\u2019\u00e9mergence de nouvelles g\u00e9n\u00e9rations d\u00e9pendantes \u00e0 la nicotine, plut\u00f4t qu\u2019\u00e0 g\u00e9rer a posteriori les cons\u00e9quences sanitaires, sociales et \u00e9conomiques de cette diffusion rapide des produits jetables.<\/p>\n<p style=\"text-align: justify\"><strong style=\"text-align: justify\"><a href=\"https:\/\/www.generationsanstabac.org\/\">\u00a9G\u00e9n\u00e9ration Sans Tabac<\/a><\/strong><\/p>\n<p style=\"text-align: right\"><em><strong>AE<\/strong><\/em><\/p>\n<hr \/>\n<p style=\"text-align: justify\"><a href=\"#_ftnref1\" name=\"_ftn1\">[1]<\/a> Sonja Thomaser, <a href=\"https:\/\/www.tz.de\/politik\/vape-verbot-umweltminister-schneider-will-einweg-zigaretten-verbieten-koennen-explodieren-zr-94101762.html\">Vape-Verbot? Umweltminister Schneider will Einweg-E-Zigaretten verbieten \u2013 \u201eK\u00f6nnen explodieren\u201c,<\/a> TZ, publi\u00e9 le 29 d\u00e9cembre 2025, consult\u00e9 le jour-m\u00eame<\/p>\n<p style=\"text-align: justify\"><a href=\"#_ftnref2\" name=\"_ftn2\">[2]<\/a> <a href=\"https:\/\/www.tagesschau.de\/inland\/gesellschaft\/verbot-e-zigaretten-schneider-100.html\">Schneider will Einweg-E-Zigaretten verbieten<\/a>, Tagesschau, publi\u00e9 le 29 d\u00e9cembre 2025, consult\u00e9 le jour-m\u00eame<\/p>\n<p><strong style=\"color: #999999\"><a style=\"color: #999999\" href=\"http:\/\/www.cnct.fr\/\" target=\"_blank\" rel=\"noopener noreferrer\">Comit\u00e9 national contre le tabagisme |<\/a><\/strong><\/p>\n","protected":false},"excerpt":{"rendered":"<p>Le ministre f\u00e9d\u00e9ral allemand de l\u2019Environnement, Carsten Schneider, a exprim\u00e9 son soutien clair \u00e0 une interdiction des cigarettes \u00e9lectroniques jetables en Allemagne. Si les arguments avanc\u00e9s mettent en avant des risques environnementaux et de s\u00e9curit\u00e9, cette prise de position s\u2019inscrit \u00e9galement dans un contexte de pr\u00e9occupations croissantes en mati\u00e8re de sant\u00e9 publique, notamment face \u00e0 la diffusion rapide de ces produits nicotin\u00e9s aupr\u00e8s des jeunes. Le d\u00e9bat rejoint les enjeux plus larges de pr\u00e9vention de l\u2019addiction \u00e0 la nicotine et de la lutte contre le tabagisme en Europe<\/p>\n","protected":false},"featured_media":24734,"template":"","tags":[],"thematique":[491],"class_list":["post-25901","actualites","type-actualites","status-publish","has-post-thumbnail","hentry","thematique-politiques-publiques"],"acf":[],"_links":{"self":[{"href":"https:\/\/www.generationsanstabac.org\/fr\/wp-json\/wp\/v2\/actualites\/25901","targetHints":{"allow":["GET"]}}],"collection":[{"href":"https:\/\/www.generationsanstabac.org\/fr\/wp-json\/wp\/v2\/actualites"}],"about":[{"href":"https:\/\/www.generationsanstabac.org\/fr\/wp-json\/wp\/v2\/types\/actualites"}],"version-history":[{"count":1,"href":"https:\/\/www.generationsanstabac.org\/fr\/wp-json\/wp\/v2\/actualites\/25901\/revisions"}],"predecessor-version":[{"id":25904,"href":"https:\/\/www.generationsanstabac.org\/fr\/wp-json\/wp\/v2\/actualites\/25901\/revisions\/25904"}],"wp:featuredmedia":[{"embeddable":true,"href":"https:\/\/www.generationsanstabac.org\/fr\/wp-json\/wp\/v2\/media\/24734"}],"wp:attachment":[{"href":"https:\/\/www.generationsanstabac.org\/fr\/wp-json\/wp\/v2\/media?parent=25901"}],"wp:term":[{"taxonomy":"post_tag","embeddable":true,"href":"https:\/\/www.generationsanstabac.org\/fr\/wp-json\/wp\/v2\/tags?post=25901"},{"taxonomy":"thematique","embeddable":true,"href":"https:\/\/www.generationsanstabac.org\/fr\/wp-json\/wp\/v2\/thematique?post=25901"}],"curies":[{"name":"wp","href":"https:\/\/api.w.org\/{rel}","templated":true}]}}