{"id":25847,"date":"2025-12-28T07:00:54","date_gmt":"2025-12-28T06:00:54","guid":{"rendered":"https:\/\/www.generationsanstabac.org\/?post_type=actualites&#038;p=25847"},"modified":"2025-12-22T10:50:29","modified_gmt":"2025-12-22T09:50:29","slug":"la-norvege-envisage-de-renforcer-la-reglementation-de-plusieurs-formes-de-tabac-oral-dont-le-snus","status":"publish","type":"actualites","link":"https:\/\/www.generationsanstabac.org\/fr\/actualites\/la-norvege-envisage-de-renforcer-la-reglementation-de-plusieurs-formes-de-tabac-oral-dont-le-snus\/","title":{"rendered":"La Norv\u00e8ge envisage de renforcer la r\u00e9glementation de plusieurs formes de tabac oral dont le snus"},"content":{"rendered":"<p style=\"text-align: justify\"><em>Le minist\u00e8re de la Sant\u00e9 et des Affaires sociales norv\u00e9gien a soumis \u00e0 consultation une proposition de modification de la loi sur les m\u00e9faits du tabac, qui pr\u00e9voit notamment une limite maximale pour la teneur en nicotine du snus, un produit de tabac oral humidifi\u00e9 en sachet. Cette proposition fait partie du suivi de la strat\u00e9gie nationale de lutte contre le tabac, elle-m\u00eame inscrite dans la Strat\u00e9gie nationale pour la r\u00e9duction des in\u00e9galit\u00e9s sociales en mati\u00e8re de sant\u00e9. Le projet vise notamment \u00e0 r\u00e9duire l\u2019acc\u00e8s des mineurs aux produits contenant de la nicotine<a href=\"#_ftn1\" name=\"_ftnref1\"><strong>[1]<\/strong><\/a>, et doit encore \u00eatre examin\u00e9 par le Storting, l\u2019assembl\u00e9e l\u00e9gislative monocam\u00e9rale du royaume.<\/em><\/p>\n<h2 style=\"text-align: justify\">Des objectifs de sant\u00e9 publique mis en avant par les autorit\u00e9s<\/h2>\n<p style=\"text-align: justify\">Le texte propos\u00e9 par le ministre de la Sant\u00e9, Jan Christian Vestre, pr\u00e9voit un plafond de 12 mg de nicotine par gramme de snus, un poids maximal de 1 gramme par sachet, des r\u00e8gles sur la taille maximale des sachets et l\u2019interdiction de certains additifs qui rendent le snus attrayant pour les jeunes.<\/p>\n<p style=\"text-align: justify\">Si le snus classique contient actuellement entre 12 et 16 mg de nicotine par gramme, selon l&rsquo;agence de presse NTB, certains sachets de snus dit \u00ab\u00a0fort\u00a0\u00bb, disponibles sur le march\u00e9, peuvent contenir jusqu&rsquo;\u00e0 43 mg de nicotine par gramme<a href=\"#_ftn2\" name=\"_ftnref2\">[2]<\/a>.<\/p>\n<p style=\"text-align: justify\">L\u2019avenir des vari\u00e9t\u00e9s de snus les plus concentr\u00e9es en nicotine demeure ainsi incertain. En effet, les distributeurs indiquent que plus de 200 types de snus, dont plusieurs vari\u00e9t\u00e9s fortes tr\u00e8s populaires, seraient concern\u00e9s par une interdiction si la r\u00e9glementation entrait en vigueur, soit plus de 50 % des produits de snus pr\u00e9sents sur le march\u00e9 norv\u00e9gien.<\/p>\n<p style=\"text-align: justify\">Le texte introduit \u00e9galement l&rsquo;interdiction du tabac \u00e0 priser<a href=\"#_ftn3\" name=\"_ftnref3\">[3]<\/a>, une autre forme de tabac oral qui est actuellement l\u00e9gal et r\u00e9glement\u00e9 (interdiction de vente aux mineurs, restrictions publicitaires, avertissements sanitaires obligatoires, taxation sp\u00e9cifique).<\/p>\n<p style=\"text-align: justify\">Le texte inclut aussi l\u2019extension de l\u2019interdiction du tabac dans les \u00e9coles et jardins d\u2019enfants, ainsi qu\u2019une mise \u00e0 jour de la d\u00e9finition juridique de la nicotine.<\/p>\n<p style=\"text-align: justify\">Enfin, il vise \u00e0 clarifier la responsabilit\u00e9 de surveillance des municipalit\u00e9s en mati\u00e8re d&rsquo;identification et d&rsquo;\u00e9tiquetage de s\u00e9curit\u00e9 des produits du tabac.<\/p>\n<p style=\"text-align: justify\">La consultation publique est ouverte \u00e0 tous jusqu\u2019au 17 mars 2026 et le minist\u00e8re de la Sant\u00e9 a annonc\u00e9 que la limite de nicotine ainsi que les autres restrictions seront r\u00e9\u00e9valu\u00e9es apr\u00e8s examen des contributions. D\u2019ici l\u00e0, tous les produits restent autoris\u00e9s.<\/p>\n<p style=\"text-align: justify\">Le minist\u00e8re de la Sant\u00e9 estime que ces restrictions sont n\u00e9cessaires pour prot\u00e9ger les enfants et les jeunes, jug\u00e9s particuli\u00e8rement vuln\u00e9rables aux effets nocifs du tabac et des autres produits nicotiniques. Il rappelle que le tabagisme est la principale cause de maladies et de d\u00e9c\u00e8s pr\u00e9matur\u00e9s et \u00e9vitables en Norv\u00e8ge. En 2021, l\u2019\u00e9valuation de la mortalit\u00e9 attribuable au tabac faisait \u00e9tat de plus de 3 700 personnes d\u00e9c\u00e9dant chaque ann\u00e9e des suites du tabagisme, toutes formes de tabac confondues, soit environ 8,88 % des causes annuelles de d\u00e9c\u00e8s<a href=\"#_ftn4\" name=\"_ftnref4\">[4]<\/a>.<\/p>\n<p style=\"text-align: justify\">En outre, la consommation de tabac est in\u00e9galement r\u00e9partie dans la soci\u00e9t\u00e9 norv\u00e9gienne et constitue le principal facteur d&rsquo;in\u00e9galit\u00e9s sociales en mati\u00e8re de sant\u00e9 dans le pays.<\/p>\n<h2 style=\"text-align: justify\">Le snus, populaire dans les pays nordiques mais interdit dans l\u2019Union europ\u00e9enne \u00e0 l\u2019exception de la Su\u00e8de<\/h2>\n<p style=\"text-align: justify\">En Norv\u00e8ge, environ 16 % de la population consomme du snus quotidiennement, soit pr\u00e8s de 900\u00a0000 personnes, c\u2019est-\u00e0-dire plus du double de la population qui fume des cigarettes (7 %).\u00a0Ce produit du tabac populaire dans les pays nordiques est encore autoris\u00e9 en Su\u00e8de, en Norv\u00e8ge et en Islande (m\u00eame si ce dernier interdit le snus su\u00e9dois et n\u2019autorise qu\u2019une version locale), <a href=\"https:\/\/www.generationsanstabac.org\/fr\/actualites\/islande-33-des-jeunes-adultes-consomment-des-sachets-de-nicotine\/\">o\u00f9 il conna\u00eet une progression de consommation conjointe \u00e0 celle des sachets de nicotine, d\u2019apr\u00e8s une \u00e9tude de mars 2025<\/a>.<\/p>\n<p style=\"text-align: justify\">Le ministre a pr\u00e9cis\u00e9 qu\u2019en Su\u00e8de, o\u00f9 est produite la majeure partie du snus et qui est le seul pays de l\u2019Union europ\u00e9enne \u00e0 avoir obtenu une d\u00e9rogation lui permettant de continuer \u00e0 produire et vendre le snus sur son territoire, un plafond de nicotine similaire a \u00e9t\u00e9 propos\u00e9. M\u00eame si cette proposition a \u00e9t\u00e9 rejet\u00e9e, elle souligne le renforcement de la r\u00e9glementation dans ces pays de ce produit, qui est interdit de vente dans tout le reste de l&rsquo;UE et au Royaume-Uni depuis la directive europ\u00e9enne 92\/41 de 1992. Sur le plan international, jusqu\u2019\u00e0 47 pays interdisent actuellement sa vente selon les estimations<a href=\"#_ftn5\" name=\"_ftnref5\">[5]<\/a>.<\/p>\n<p style=\"text-align: justify\">Par ailleurs, la directive de l&rsquo;Union europ\u00e9enne sur les produits du tabac (2014\/40\/UE), entr\u00e9e en vigueur en 2016, s&rsquo;applique \u00e0 tous les \u00c9tats membres, mais aussi aux \u00c9tats associ\u00e9s comme les pays nordiques. Ainsi la Norv\u00e8ge et l&rsquo;Islande, non membres de l\u2019UE, ont transpos\u00e9 en droit interne cette directive en tant que membres de l&rsquo;Espace \u00e9conomique europ\u00e9en (EEE) et sont ainsi tenus de suivre les r\u00e9glementations sur les produits du tabac et de la nicotine.<\/p>\n<p style=\"text-align: justify\">Enfin, en \u00e9tant devenue Partie \u00e0 la Convention-cadre pour la lutte antitabac (CCLAT) de l\u2019OMS le 16 juin 2003, la Norv\u00e8ge s\u2019est engag\u00e9e \u00e0 lutter contre toutes les formes de tabac et de nicotine, nuisibles \u00e0 la sant\u00e9 publique.<\/p>\n<p style=\"text-align: justify\"><strong style=\"text-align: justify\"><a href=\"https:\/\/www.generationsanstabac.org\/\">\u00a9G\u00e9n\u00e9ration Sans Tabac<\/a><\/strong><\/p>\n<p style=\"text-align: right\"><em><strong>AD<\/strong><\/em><\/p>\n<hr \/>\n<p style=\"text-align: justify\"><a href=\"#_ftnref1\" name=\"_ftn1\">[1]<\/a>Irene Andrade, <a href=\"https:\/\/www.thelocal.no\/20251218\/why-is-the-norwegian-government-cracking-down-on-snus\">Why is the Norwegian government cracking down on snus?<\/a>, The Local, publi\u00e9 le 18 d\u00e9cembre 2025, consult\u00e9 le 19 d\u00e9cembre 2025<\/p>\n<p style=\"text-align: justify\"><a href=\"#_ftnref2\" name=\"_ftn2\">[2]<\/a>Isabel\u00a0Svendsen Berge, <a href=\"https:\/\/www.klartale.no\/norge\/blir-snusen-din-ulovlig\/10116857\">Blir snusen din ulovlig?,<\/a> Klar Tale, publi\u00e9 le 18 d\u00e9cembre 2025, consult\u00e9 le 19 d\u00e9cembre 2025<\/p>\n<p style=\"text-align: justify\"><a href=\"#_ftnref3\" name=\"_ftn3\">[3]<\/a>Regjeringen.no, <a href=\"https:\/\/www.regjeringen.no\/no\/dokumenter\/horing-forslag-til-endringer-i-tobakksskadeloven-med-forskrifter-gjeninnforing-av-forbud-mot-nesetobakk-videre-standardisering-av-snus-mv\/id3143314\/?expand=horingsbrev\">H\u00f8ring \u2013 forslag til endringer i tobakksskadeloven med forskrifter (gjeninnf\u00f8ring av forbud mot nesetobakk, videre standardisering av snus mv.)<\/a>, publi\u00e9 le 17 d\u00e9cembre 2025, consult\u00e9 le 19 d\u00e9cembre 2025<\/p>\n<p style=\"text-align: justify\"><a href=\"#_ftnref4\" name=\"_ftn4\">[4]<\/a>Global State of Tobacco Harm Reduction, <a href=\"https:\/\/gsthr.org\/countries\/profile\/nor\/1\/\">Tobacco smoking in Norway<\/a>, mis \u00e0 jour le 19 d\u00e9cembre 2025, consult\u00e9 le m\u00eame jour<\/p>\n<p style=\"text-align: justify\"><a href=\"#_ftnref5\" name=\"_ftn5\">[5]<\/a>Global State of Tobacco Harm Reduction, <a href=\"https:\/\/gsthr.org\/faq-smoking-and-nicotine\/us-smokeless-and-snus\/which-countries-ban-the-sale-of-snus\/?utm_source=chatgpt.com\">Which countries ban the sale of snus?<\/a>, consult\u00e9 le 19 d\u00e9cembre 2025<\/p>\n<p style=\"text-align: justify\"><strong style=\"color: #999999\"><a style=\"color: #999999\" href=\"http:\/\/www.cnct.fr\/\" target=\"_blank\" rel=\"noopener noreferrer\">Comit\u00e9 national contre le tabagisme |<\/a><\/strong><\/p>\n","protected":false},"excerpt":{"rendered":"<p>Le minist\u00e8re de la Sant\u00e9 et des Affaires sociales norv\u00e9gien a soumis \u00e0 consultation une proposition de modification de la loi sur les m\u00e9faits du tabac, qui pr\u00e9voit notamment une limite maximale pour la teneur en nicotine du snus, un produit de tabac oral humidifi\u00e9 en sachet. Cette proposition fait partie du suivi de la strat\u00e9gie nationale de lutte contre le tabac, elle-m\u00eame inscrite dans la Strat\u00e9gie nationale pour la r\u00e9duction des in\u00e9galit\u00e9s sociales en mati\u00e8re de sant\u00e9. Le projet vise notamment \u00e0 r\u00e9duire l\u2019acc\u00e8s des mineurs aux produits contenant de la nicotine, et doit encore \u00eatre examin\u00e9 par le Storting, l\u2019assembl\u00e9e l\u00e9gislative monocam\u00e9rale du royaume.<\/p>\n","protected":false},"featured_media":25850,"template":"","tags":[],"thematique":[491],"class_list":["post-25847","actualites","type-actualites","status-publish","has-post-thumbnail","hentry","thematique-politiques-publiques"],"acf":[],"_links":{"self":[{"href":"https:\/\/www.generationsanstabac.org\/fr\/wp-json\/wp\/v2\/actualites\/25847","targetHints":{"allow":["GET"]}}],"collection":[{"href":"https:\/\/www.generationsanstabac.org\/fr\/wp-json\/wp\/v2\/actualites"}],"about":[{"href":"https:\/\/www.generationsanstabac.org\/fr\/wp-json\/wp\/v2\/types\/actualites"}],"version-history":[{"count":1,"href":"https:\/\/www.generationsanstabac.org\/fr\/wp-json\/wp\/v2\/actualites\/25847\/revisions"}],"predecessor-version":[{"id":25851,"href":"https:\/\/www.generationsanstabac.org\/fr\/wp-json\/wp\/v2\/actualites\/25847\/revisions\/25851"}],"wp:featuredmedia":[{"embeddable":true,"href":"https:\/\/www.generationsanstabac.org\/fr\/wp-json\/wp\/v2\/media\/25850"}],"wp:attachment":[{"href":"https:\/\/www.generationsanstabac.org\/fr\/wp-json\/wp\/v2\/media?parent=25847"}],"wp:term":[{"taxonomy":"post_tag","embeddable":true,"href":"https:\/\/www.generationsanstabac.org\/fr\/wp-json\/wp\/v2\/tags?post=25847"},{"taxonomy":"thematique","embeddable":true,"href":"https:\/\/www.generationsanstabac.org\/fr\/wp-json\/wp\/v2\/thematique?post=25847"}],"curies":[{"name":"wp","href":"https:\/\/api.w.org\/{rel}","templated":true}]}}