{"id":25837,"date":"2025-12-26T07:00:45","date_gmt":"2025-12-26T06:00:45","guid":{"rendered":"https:\/\/www.generationsanstabac.org\/?post_type=actualites&#038;p=25837"},"modified":"2025-12-19T14:20:11","modified_gmt":"2025-12-19T13:20:11","slug":"etats-unis-progression-de-lusage-des-sachets-de-nicotine-et-persistance-dun-vapotage-eleve-chez-les-jeunes","status":"publish","type":"actualites","link":"https:\/\/www.generationsanstabac.org\/fr\/actualites\/etats-unis-progression-de-lusage-des-sachets-de-nicotine-et-persistance-dun-vapotage-eleve-chez-les-jeunes\/","title":{"rendered":"\u00c9tats-Unis : progression de l\u2019usage des sachets de nicotine et persistance d\u2019un vapotage \u00e9lev\u00e9 chez les jeunes"},"content":{"rendered":"<p style=\"text-align: justify\"><em>Les derni\u00e8res donn\u00e9es de l\u2019enqu\u00eate <\/em><a href=\"https:\/\/monitoringthefuture.org\/wp-content\/uploads\/2025\/12\/mtfvol12026.pdf\"><em>Monitoring the Future 2025<\/em><\/a><a href=\"#_ftn1\" name=\"_ftnref1\"><em><strong>[1]<\/strong><\/em><\/a><em> aux Etats-Unis montrent que si l\u2019usage de certaines substances addictives chez les adolescents continue de baisser, l\u2019usage des produits de la nicotine demeure un enjeu de sant\u00e9 publique significatif. En effet, environ un jeune sur cinq d\u00e9clare avoir utilis\u00e9 un produit au cours des 30 jours pr\u00e9c\u00e9dant l\u2019enqu\u00eate, avec une proportion importante d\u2019e-cigarettes et une croissance notable de l\u2019usage des sachets de nicotine.<\/em><\/p>\n<p style=\"text-align: justify\">L\u2019enqu\u00eate <em>Monitoring the Future<\/em> est une \u00e9tude \u00e9pid\u00e9miologique nationale men\u00e9e chaque ann\u00e9e aux \u00c9tats-Unis aupr\u00e8s d\u2019un \u00e9chantillon repr\u00e9sentatif d\u2019\u00e9l\u00e8ves scolaris\u00e9s en classes de 5e, 3e et terminale, correspondant \u00e0 des cohortes de 12\u201313 ans, 14\u201315 ans et 17\u201318 ans. La collecte de donn\u00e9es s\u2019effectue au printemps et en d\u00e9but d\u2019\u00e9t\u00e9 par le biais de questionnaires auto-rapport\u00e9s standardis\u00e9s, permettant de suivre la pr\u00e9valence de l\u2019usage de divers produits psychoactifs, y compris les cigarettes classiques, les cigarettes \u00e9lectroniques (e-cigarettes) et d\u2019autres produits contenant de la nicotine. Les r\u00e9sultats 2025 reposent sur les r\u00e9ponses de plus de 24 000 \u00e9l\u00e8ves scolaris\u00e9s dans des \u00e9tablissements publics et priv\u00e9s.<\/p>\n<h2 style=\"text-align: justify\"><strong>Usage de produits du tabac et de nicotine : une stagnation globale, li\u00e9e \u00e0 un vapotage \u00e9lev\u00e9<\/strong><\/h2>\n<p style=\"text-align: justify\">Les donn\u00e9es 2025 de l\u2019enqu\u00eate montrent que, malgr\u00e9 des niveaux historiquement bas de tabagisme chez les adolescents, l\u2019usage global de produits nicotin\u00e9s demeure \u00e9lev\u00e9 et ne poursuit plus sa baisse. Cette stagnation est principalement due \u00e0 l\u2019usage \u00a0cigarettes \u00e9lectroniques, d\u00e9sormais largement majoritaires parmi les formes de consommation de nicotine chez les jeunes. En 2025, 9 % des \u00e9l\u00e8ves de cinqui\u00e8me ont d\u00e9clar\u00e9 avoir utilis\u00e9 une cigarette \u00e9lectronique au cours des douze derniers mois, ils sont 14 % parmi les \u00e9l\u00e8ves de troisi\u00e8me et 20 % pour les \u00e9l\u00e8ves de terminale. Ces niveaux restent proches de ceux observ\u00e9s avant la pand\u00e9mie, confirmant l\u2019installation durable du vapotage dans les pratiques adolescentes. En consommation r\u00e9cente, 15,7 % des adolescents avaient d\u00e9clar\u00e9 avoir vapot\u00e9 au cours des 30 jours pr\u00e9c\u00e9dant l\u2019enqu\u00eate, traduisant une exposition r\u00e9guli\u00e8re \u00e0 la nicotine \u00e0 un \u00e2ge cl\u00e9 du d\u00e9veloppement c\u00e9r\u00e9bral.<\/p>\n<p style=\"text-align: justify\">\u00c0 l\u2019inverse, la consommation de cigarettes manufactur\u00e9es poursuit une tendance de long terme \u00e0 la baisse, mais atteint d\u00e9sormais un palier. En 2025, 2% des \u00e9l\u00e8ves de terminale d\u00e9clarent avoir fum\u00e9 des cigarettes au cours des 30 derniers jours, contre 1,4 % en troisi\u00e8me et moins de 1 % en cinqui\u00e8me. Ces r\u00e9sultats confirment que la baisse du tabagisme combustible ne s\u2019accompagne pas d\u2019une diminution \u00e9quivalente de la consommation de nicotine chez les jeunes. La cigarette \u00e9lectronique s\u2019impose comme le principal vecteur d\u2019initiation et de maintien de la d\u00e9pendance nicotinique \u00e0 l\u2019adolescence.<\/p>\n<h2 style=\"text-align: justify\"><strong>Croissance de l\u2019usage de sachets de nicotine : une tendance inqui\u00e9tante<\/strong><\/h2>\n<p style=\"text-align: justify\">L\u2019enqu\u00eate met aussi en \u00e9vidence une hausse marqu\u00e9e de l\u2019usage des sachets de nicotine chez les adolescents, ph\u00e9nom\u00e8ne qui s\u2019accentue dans toutes les tranches d\u2019\u00e2ge \u00e9tudi\u00e9es. Chez les \u00e9l\u00e8ves de terminale (17-18 ans), 4,4 % d\u00e9clarent avoir utilis\u00e9 des sachets de nicotine au cours des 30 derniers jours, contre 1,2 % en 2023 et 0,8 % en 2021. De m\u00eame, chez les \u00e9l\u00e8ves de troisi\u00e8me (14-15 ans), 3,1 % rapportent une consommation r\u00e9cente de sachets de nicotine en 2025, contre 0,9 % en 2023, tandis que chez les \u00e9l\u00e8ves de cinqui\u00e8me (12-13 ans), l\u2019usage passe de 0,6 % en 2023 \u00e0 1,8 % en 2025. Ces chiffres confirment que l\u2019adoption des sachets de nicotine n\u2019est pas limit\u00e9e aux seuls lyc\u00e9ens les plus \u00e2g\u00e9s, mais concerne \u00e9galement les coll\u00e9giens, avec une augmentation relative encore plus forte chez les plus jeunes.<\/p>\n<p style=\"text-align: justify\">Lorsque l\u2019on \u00e9tend l\u2019analyse aux usages annuels, la pr\u00e9valence cumulative renforce cette tendance \u00e9mergente. Parmi les terminales, 6,7 % d\u00e9clarent avoir exp\u00e9riment\u00e9 les sachets de nicotine au cours des 12 derniers mois, contre 2,1 % en 2023. Les \u00e9l\u00e8ves de troisi\u00e8me pr\u00e9sentent un taux d\u2019exp\u00e9rimentation de 4,5 % en 2025, en hausse par rapport \u00e0 1,3 % en 2023, et les \u00e9l\u00e8ves de cinqui\u00e8me atteignent 2,9 % d\u2019exp\u00e9rimentation annuelle, contre 0,8 % deux ans plus t\u00f4t.<\/p>\n<p style=\"text-align: justify\">L\u2019augmentation de ces usages, m\u00eame si elle part de niveaux plus faibles que ceux des cigarettes \u00e9lectroniques, repr\u00e9sente une diversification des formes de consommation de nicotine et un \u00e9largissement des sources d\u2019exposition \u00e0 la d\u00e9pendance nicotinique chez les adolescents. Ces tendances mettent en \u00e9vidence la n\u00e9cessit\u00e9 d\u2019adapter les strat\u00e9gies de pr\u00e9vention et de r\u00e9glementation pour int\u00e9grer ces produits \u00e9mergents.<\/p>\n<h2 style=\"text-align: justify\"><strong>Des adolescents<\/strong> <strong>expos\u00e9s \u00e0 des produits nicotiniques non autoris\u00e9s<\/strong><\/h2>\n<p style=\"text-align: justify\">Le maintien d\u2019un usage \u00e9lev\u00e9 de la cigarette \u00e9lectronique, combin\u00e9 \u00e0 la progression rapide de nouveaux produits tels que les sachets de nicotine, traduit principalement une transformation des modes de consommation. Cette \u00e9volution demeure pr\u00e9occupante, dans la mesure o\u00f9 l\u2019initiation pr\u00e9coce \u00e0 la nicotine favorise l\u2019installation d\u2019une d\u00e9pendance durable et expose les adolescents \u00e0 des effets d\u00e9l\u00e9t\u00e8res sur le d\u00e9veloppement c\u00e9r\u00e9bral et les fonctions cognitives, avec des cons\u00e9quences potentielles \u00e0 long terme sur la sant\u00e9, lesquelles ne sont pas encore toutes document\u00e9es.<\/p>\n<p style=\"text-align: justify\">La diversification rapide des produits, leur pr\u00e9sentation attractive et leur banalisation comme alternatives pr\u00e9sent\u00e9es comme moins nocives voire sans risques brouillent les messages de sant\u00e9 publique et fragilisent les acquis en mati\u00e8re de d\u00e9normalisation. Aux \u00c9tats-Unis, cette situation est aggrav\u00e9e par les difficult\u00e9s rencontr\u00e9es par la Food and Drug Administration (FDA), confront\u00e9e \u00e0 un volume tr\u00e8s \u00e9lev\u00e9 de demandes d\u2019autorisation de mise sur le march\u00e9 de produits qu\u2019elle ne parvient pas \u00e0 traiter dans des d\u00e9lais compatibles avec la dynamique du march\u00e9. Dans ce contexte, de nombreux fabricants commercialisent des cigarettes \u00e9lectroniques et des produits nicotiniques sans autorisation pr\u00e9alable, en violation du cadre r\u00e9glementaire f\u00e9d\u00e9ral, contribuant \u00e0 une diffusion massive de produits ill\u00e9gaux aupr\u00e8s des jeunes.<\/p>\n<p style=\"text-align: justify\">L\u2019augmentation de l\u2019usage des sachets de nicotine chez l\u2019ensemble des classes d\u2019\u00e2ge, y compris les plus jeunes, illustre ainsi la capacit\u00e9 de l\u2019industrie \u00e0 exploiter les limites op\u00e9rationnelles des autorit\u00e9s de r\u00e9glementation et \u00e0 renouveler en permanence ses strat\u00e9gies d\u2019initiation \u00e0 la nicotine. Ces constats plaident pour une approche renforc\u00e9e et coh\u00e9rente de la lutte contre le tabagisme et la d\u00e9pendance nicotinique, int\u00e9grant pleinement l\u2019ensemble des produits contenant de la nicotine dans les dispositifs de pr\u00e9vention, de r\u00e9glementation et de surveillance \u00e9pid\u00e9miologique. La r\u00e9duction de l\u2019attractivit\u00e9 des produits, notamment par un encadrement strict des ar\u00f4mes, du marketing et du conditionnement, appara\u00eet comme un levier essentiel pour limiter l\u2019initiation chez les jeunes rappellent les auteurs en sant\u00e9 publique.<\/p>\n<p style=\"text-align: justify\"><strong style=\"text-align: justify\"><a href=\"https:\/\/www.generationsanstabac.org\/\">\u00a9G\u00e9n\u00e9ration Sans Tabac<\/a><\/strong><\/p>\n<p style=\"text-align: right\"><em><strong>AE<\/strong><\/em><\/p>\n<hr \/>\n<p style=\"text-align: justify\"><a href=\"#_ftnref1\" name=\"_ftn1\">[1]<\/a> Miech, R. A., Johnston, L. D., Patrick, M. E., &amp; O\u2019Malley, P. M. (2025). Monitoring the Future national survey results on drug use, 1975\u20132025: Overview and key findings for secondary school students. Monitoring the Future Monograph Series. Ann Arbor, MI: Institute for Social Research, University of Michigan.<\/p>\n<p><strong style=\"color: #999999\"><a style=\"color: #999999\" href=\"http:\/\/www.cnct.fr\/\" target=\"_blank\" rel=\"noopener noreferrer\">Comit\u00e9 national contre le tabagisme |<\/a><\/strong><\/p>\n","protected":false},"excerpt":{"rendered":"<p>Les derni\u00e8res donn\u00e9es de l\u2019enqu\u00eate Monitoring the Future 2025 aux Etats-Unis montrent que si l\u2019usage de certaines substances addictives chez les adolescents continue de baisser, l\u2019usage des produits de la nicotine demeure un enjeu de sant\u00e9 publique significatif. En effet, environ un jeune sur cinq d\u00e9clare avoir utilis\u00e9 un produit au cours des 30 jours pr\u00e9c\u00e9dant l\u2019enqu\u00eate, avec une proportion importante d\u2019e-cigarettes et une croissance notable de l\u2019usage des sachets de nicotine.<\/p>\n","protected":false},"featured_media":24141,"template":"","tags":[],"thematique":[474],"class_list":["post-25837","actualites","type-actualites","status-publish","has-post-thumbnail","hentry","thematique-sante"],"acf":[],"_links":{"self":[{"href":"https:\/\/www.generationsanstabac.org\/fr\/wp-json\/wp\/v2\/actualites\/25837","targetHints":{"allow":["GET"]}}],"collection":[{"href":"https:\/\/www.generationsanstabac.org\/fr\/wp-json\/wp\/v2\/actualites"}],"about":[{"href":"https:\/\/www.generationsanstabac.org\/fr\/wp-json\/wp\/v2\/types\/actualites"}],"version-history":[{"count":1,"href":"https:\/\/www.generationsanstabac.org\/fr\/wp-json\/wp\/v2\/actualites\/25837\/revisions"}],"predecessor-version":[{"id":25840,"href":"https:\/\/www.generationsanstabac.org\/fr\/wp-json\/wp\/v2\/actualites\/25837\/revisions\/25840"}],"wp:featuredmedia":[{"embeddable":true,"href":"https:\/\/www.generationsanstabac.org\/fr\/wp-json\/wp\/v2\/media\/24141"}],"wp:attachment":[{"href":"https:\/\/www.generationsanstabac.org\/fr\/wp-json\/wp\/v2\/media?parent=25837"}],"wp:term":[{"taxonomy":"post_tag","embeddable":true,"href":"https:\/\/www.generationsanstabac.org\/fr\/wp-json\/wp\/v2\/tags?post=25837"},{"taxonomy":"thematique","embeddable":true,"href":"https:\/\/www.generationsanstabac.org\/fr\/wp-json\/wp\/v2\/thematique?post=25837"}],"curies":[{"name":"wp","href":"https:\/\/api.w.org\/{rel}","templated":true}]}}