{"id":25719,"date":"2025-12-19T07:00:33","date_gmt":"2025-12-19T06:00:33","guid":{"rendered":"https:\/\/www.generationsanstabac.org\/?post_type=actualites&#038;p=25719"},"modified":"2025-12-12T16:20:36","modified_gmt":"2025-12-12T15:20:36","slug":"le-pays-de-galles-adopte-une-loi-interdisant-la-vente-de-tabac-a-toute-personne-nee-a-partir-de-2009","status":"publish","type":"actualites","link":"https:\/\/www.generationsanstabac.org\/fr\/actualites\/le-pays-de-galles-adopte-une-loi-interdisant-la-vente-de-tabac-a-toute-personne-nee-a-partir-de-2009\/","title":{"rendered":"Le Pays de Galles adopte une loi interdisant la vente de tabac \u00e0 toute personne n\u00e9e \u00e0 partir de 2009"},"content":{"rendered":"<p style=\"text-align: justify\"><em>Le Parlement gallois (Senedd Cymru) a approuv\u00e9 une nouvelle loi interdisant la vente de tabac aux personnes n\u00e9es \u00e0 partir du 1<sup>er<\/sup> janvier 2009<a href=\"#_ftn1\" name=\"_ftnref1\"><strong>[1]<\/strong><\/a>, ainsi qu\u2019un renforcement du contr\u00f4le de la publicit\u00e9 et de la vente des cigarettes \u00e9lectroniques, avec en mire la protection des mineurs. Lors du vote, 36 membres du Senedd ont approuv\u00e9 le texte, deux se sont abstenus et neuf s\u2019y sont oppos\u00e9s. Ces mesures interviennent en amont du vote par le Parlement du Royaume-Uni du Tobacco and Vapes Bill, qui pourrait \u00e9largir ces r\u00e9glementations \u00e0 l\u2019ensemble des quatre nations.<\/em><\/p>\n<h2 style=\"text-align: justify\">Une interdiction g\u00e9n\u00e9rationnelle de vente du tabac en amont du projet de loi britannique<\/h2>\n<p style=\"text-align: justify\">Cette mesure trouve son origine dans <a href=\"https:\/\/www.generationsanstabac.org\/fr\/actualites\/des-acteurs-de-la-sante-britanniques-reclament-des-mesures-pour-interdire-le-tabagisme-et-le-vapotage-aux-jeunes-generations\/\">le projet de loi \u00ab\u00a0Tobacco and Vapes Bill\u00a0\u00bb du gouvernement britannique<\/a>, qui est actuellement examin\u00e9 par la Chambre des lords apr\u00e8s avoir re\u00e7u le soutien de la Chambre des communes. Si le projet est adopt\u00e9, une interdiction g\u00e9n\u00e9rationnelle de vente de tabac devrait alors s\u2019appliquer dans l\u2019ensemble du Royaume-Uni pour toute personne n\u00e9e \u00e0 partir du 1<sup>er<\/sup> janvier 2009. \u00c0 cela s\u2019ajoute un encadrement strict de la commercialisation des produits de vapotage dans une vis\u00e9e de protection de la sant\u00e9 des jeunes.<\/p>\n<p style=\"text-align: justify\">Toutefois, en raison des comp\u00e9tences d\u00e9volues aux nations distinctes, la mesure d\u2019interdiction g\u00e9n\u00e9rationnelle a \u00e9t\u00e9 soumise \u00e0 un vote s\u00e9par\u00e9 au Pays de Galle, o\u00f9 elle a d\u00e9j\u00e0 \u00e9t\u00e9 adopt\u00e9e.<\/p>\n<p style=\"text-align: justify\">Cette mesure vise \u00e0 relever automatiquement chaque ann\u00e9e l\u2019\u00e2ge l\u00e9gal d\u2019achat afin de pr\u00e9venir l\u2019entr\u00e9e des jeunes Gallois dans le tabagisme et cr\u00e9er progressivement une \u00ab\u00a0g\u00e9n\u00e9ration sans tabac\u00a0\u00bb. Le gouvernement gallois avait d\u00e9j\u00e0 adopt\u00e9 par le pass\u00e9 des lois visant \u00e0 restreindre le tabagisme dans les espaces publics ext\u00e9rieurs, notamment dans les enceintes des h\u00f4pitaux, des \u00e9coles et des terrains de jeux publics, afin de prot\u00e9ger les enfants du tabagisme passif<a href=\"#_ftn2\" name=\"_ftnref2\">[2]<\/a>.<\/p>\n<p style=\"text-align: justify\">La loi est soutenue par les organisations de sant\u00e9 Cancer Research Wales et ASH Wales, qui y voient une mesure importante pour prot\u00e9ger les jeunes g\u00e9n\u00e9rations et r\u00e9duire les d\u00e9g\u00e2ts du tabagisme pour l\u2019ensemble de la collectivit\u00e9.<\/p>\n<p style=\"text-align: justify\">En effet, le tabagisme reste la premi\u00e8re cause de mortalit\u00e9 pr\u00e9matur\u00e9e et \u00e9vitable au pays de Galles, avec en moyenne 4 % des jeunes de 11 \u00e0 16 ans d\u00e9clarant fumer chaque semaine. Les statistiques montrent que le tabagisme est plus fr\u00e9quent dans les quartiers d\u00e9favoris\u00e9s, chez les personnes souffrant de troubles mentaux et dans certains groupes ethniques.<\/p>\n<p style=\"text-align: justify\">Le Pays de Galles rejoint ainsi les Maldives, qui ont r\u00e9cemment \u00e9t\u00e9 <a href=\"https:\/\/www.generationsanstabac.org\/fr\/actualites\/les-maldives-interdisent-le-tabac-et-le-vapotage-a-toute-personne-nee-apres-2007\/\">le premier pays \u00e0 interdire la vente, l\u2019achat et la consommation de tabac et de vapotage \u00e0 toutes les personnes n\u00e9es \u00e0 partir du 1<sup>er<\/sup> janvier 2007<\/a>. En France, une proposition de loi transpartisane a \u00e9galement \u00e9t\u00e9 d\u00e9pos\u00e9e en novembre dernier afin d\u2019<a href=\"https:\/\/www.generationsanstabac.org\/fr\/actualites\/en-france-un-depute-depose-une-proposition-de-loi-transpartisane-de-generation-sans-tabac\/\">interdire la vente de tous les produits du tabac aux personnes n\u00e9es \u00e0 partir du 1<sup>er<\/sup>\u00a0janvier 2014<\/a>.<\/p>\n<h2 style=\"text-align: justify\">Les cigarettes \u00e9lectroniques plus encadr\u00e9es pour prot\u00e9ger la jeunesse<\/h2>\n<p style=\"text-align: justify\">Le texte du Senedd introduit \u00e9galement des restrictions sur les ar\u00f4mes des cigarettes \u00e9lectroniques, la pr\u00e9sentation des produits et leur publicit\u00e9, ainsi que des obligations plus strictes pour v\u00e9rifier la composition des dispositifs de vapotage.<\/p>\n<p style=\"text-align: justify\">Il donnera aux agents charg\u00e9s de l&rsquo;application de la loi des pouvoirs accrus et s\u2019appuiera sur un nouveau syst\u00e8me d&rsquo;agr\u00e9ment pour les d\u00e9taillants de tabac et de produits de vapotage. Le Trading Standards Wales recevra plus de 650 000 \u00a3 (741 000 \u20ac) de financement du gouvernement gallois pour mettre en \u0153uvre des mesures de lutte contre le tabac et les cigarettes \u00e9lectroniques ill\u00e9gaux au Pays de Galles au cours des trois prochaines ann\u00e9es. Seront notamment recrut\u00e9s et form\u00e9s cinq inspecteurs charg\u00e9s d&rsquo;aider \u00e0 faire respecter la loi.<\/p>\n<p style=\"text-align: justify\">Cette r\u00e9forme intervient dans un contexte o\u00f9 le vapotage chez les jeunes a fortement augment\u00e9 au pays de Galles, malgr\u00e9 l\u2019interdiction de vente aux mineurs. Des emballages attrayants, des saveurs fruit\u00e9es et des publicit\u00e9s cibl\u00e9es sur les r\u00e9seaux sociaux contribuent \u00e0 promouvoir et banaliser les cigarettes \u00e9lectroniques \u200b\u200baupr\u00e8s des jeunes.<\/p>\n<p style=\"text-align: justify\">Ainsi, les donn\u00e9es d&rsquo;une enqu\u00eate\u00a0du R\u00e9seau de recherche sur la sant\u00e9 scolaire r\u00e9v\u00e8lent une forte augmentation du vapotage chez les jeunes<a href=\"#_ftn3\" name=\"_ftnref3\">[3]<\/a>. En 2023, 15,9 % des \u00e9l\u00e8ves de terminale au Pays de Galles ont d\u00e9clar\u00e9 vapoter au moins une fois par semaine, et pr\u00e8s de la moiti\u00e9 (45,4 %) avaient d\u00e9j\u00e0 essay\u00e9 la cigarette \u00e9lectronique. Le vapotage r\u00e9gulier \u00e9tait plus fr\u00e9quent chez les filles (8,6 %) que chez les gar\u00e7ons (5,1 %), et beaucoup de ces jeunes \u00e9taient des non-fumeurs.<\/p>\n<p style=\"text-align: justify\">Parall\u00e8lement, les cigarettes \u00e9lectroniques jetables sont interdites depuis juin 2025 dans l\u2019ensemble du Royaume-Uni pour des raisons environnementales et sanitaires, comme c\u2019est \u00e9galement le cas en Belgique depuis janvier 2025 ou en France depuis f\u00e9vrier de la m\u00eame ann\u00e9e.<\/p>\n<p style=\"text-align: justify\"><strong style=\"text-align: justify\"><a href=\"https:\/\/www.generationsanstabac.org\/\">\u00a9G\u00e9n\u00e9ration Sans Tabac<\/a><\/strong><\/p>\n<p style=\"text-align: right\"><em><strong>AD<\/strong><\/em><\/p>\n<hr \/>\n<p style=\"text-align: justify\"><a href=\"#_ftnref1\" name=\"_ftn1\">[1]<\/a>Ruth Mosalski, <a href=\"https:\/\/www.walesonline.co.uk\/news\/wales-news\/new-law-makes-huge-changes-33026396\">New law makes huge changes to the sale of cigarettes and vapes in Wales<\/a>, Wales Online, publi\u00e9 le 9 d\u00e9cembre 2025, consult\u00e9 le 12 d\u00e9cembre 2025<\/p>\n<p style=\"text-align: justify\"><a href=\"#_ftnref2\" name=\"_ftn2\">[2]<\/a>Chris Betteley, <a href=\"https:\/\/www.cambrian-news.co.uk\/news\/tobacco-sale-ban-would-create-wales-first-smoke-free-generation-860024\">Tobacco sale ban would create Wales&rsquo; first smoke-free generation<\/a>, Cambrian News, publi\u00e9 le 11 d\u00e9cembre 2025, consult\u00e9 le 12 d\u00e9cembre 2025<\/p>\n<p style=\"text-align: justify\"><a href=\"#_ftnref3\" name=\"_ftn3\">[3]<\/a>Sarah Hatherley, <a href=\"https:\/\/research.senedd.wales\/research-articles\/looking-ahead-a-smoke-free-but-not-vape-free-generation\/\">Looking ahead: a smoke-free but not vape-free Generation?<\/a>, Senedd Research, publi\u00e9 le 9 septembre 2025, consult\u00e9 le 12 d\u00e9cembre 2025<\/p>\n<p style=\"text-align: justify\"><strong style=\"color: #999999\"><a style=\"color: #999999\" href=\"http:\/\/www.cnct.fr\/\" target=\"_blank\" rel=\"noopener noreferrer\">Comit\u00e9 national contre le tabagisme |<\/a><\/strong><\/p>\n","protected":false},"excerpt":{"rendered":"<p>Le Parlement gallois (Senedd Cymru) a approuv\u00e9 une nouvelle loi interdisant la vente de tabac aux personnes n\u00e9es \u00e0 partir du 1er janvier 2009, ainsi qu\u2019un renforcement du contr\u00f4le de la publicit\u00e9 et de la vente des cigarettes \u00e9lectroniques, avec en mire la protection des mineurs. Lors du vote, 36 membres du Senedd ont approuv\u00e9 le texte, deux se sont abstenus et neuf s\u2019y sont oppos\u00e9s. Ces mesures interviennent en amont du vote par le Parlement du Royaume-Uni du Tobacco and Vapes Bill, qui pourrait \u00e9largir ces r\u00e9glementations \u00e0 l\u2019ensemble des quatre nations.<\/p>\n","protected":false},"featured_media":25722,"template":"","tags":[],"thematique":[491],"class_list":["post-25719","actualites","type-actualites","status-publish","has-post-thumbnail","hentry","thematique-politiques-publiques"],"acf":[],"_links":{"self":[{"href":"https:\/\/www.generationsanstabac.org\/fr\/wp-json\/wp\/v2\/actualites\/25719","targetHints":{"allow":["GET"]}}],"collection":[{"href":"https:\/\/www.generationsanstabac.org\/fr\/wp-json\/wp\/v2\/actualites"}],"about":[{"href":"https:\/\/www.generationsanstabac.org\/fr\/wp-json\/wp\/v2\/types\/actualites"}],"version-history":[{"count":1,"href":"https:\/\/www.generationsanstabac.org\/fr\/wp-json\/wp\/v2\/actualites\/25719\/revisions"}],"predecessor-version":[{"id":25723,"href":"https:\/\/www.generationsanstabac.org\/fr\/wp-json\/wp\/v2\/actualites\/25719\/revisions\/25723"}],"wp:featuredmedia":[{"embeddable":true,"href":"https:\/\/www.generationsanstabac.org\/fr\/wp-json\/wp\/v2\/media\/25722"}],"wp:attachment":[{"href":"https:\/\/www.generationsanstabac.org\/fr\/wp-json\/wp\/v2\/media?parent=25719"}],"wp:term":[{"taxonomy":"post_tag","embeddable":true,"href":"https:\/\/www.generationsanstabac.org\/fr\/wp-json\/wp\/v2\/tags?post=25719"},{"taxonomy":"thematique","embeddable":true,"href":"https:\/\/www.generationsanstabac.org\/fr\/wp-json\/wp\/v2\/thematique?post=25719"}],"curies":[{"name":"wp","href":"https:\/\/api.w.org\/{rel}","templated":true}]}}