{"id":25673,"date":"2025-12-18T07:00:46","date_gmt":"2025-12-18T06:00:46","guid":{"rendered":"https:\/\/www.generationsanstabac.org\/?post_type=actualites&#038;p=25673"},"modified":"2025-12-12T09:31:19","modified_gmt":"2025-12-12T08:31:19","slug":"coree-du-sud-une-baisse-du-tabagisme-freinee-par-lessor-du-tabac-chauffe-et-du-vapotage","status":"publish","type":"actualites","link":"https:\/\/www.generationsanstabac.org\/fr\/actualites\/coree-du-sud-une-baisse-du-tabagisme-freinee-par-lessor-du-tabac-chauffe-et-du-vapotage\/","title":{"rendered":"Cor\u00e9e du Sud : une baisse du tabagisme frein\u00e9e par l\u2019essor du tabac chauff\u00e9 et du vapotage"},"content":{"rendered":"<p style=\"text-align: justify\"><em>Une enqu\u00eate men\u00e9e en 2025 montre que le taux de fumeurs de cigarettes classiques en Cor\u00e9e du Sud a recul\u00e9 \u00e0 17,9 % (\u20131 point en un an), tandis que l\u2019usage de cigarettes \u00e9lectroniques a progress\u00e9 \u00e0 9,3 % (+0,6 point). Au total, 22,1 % de la population adulte d\u00e9clare consommer un produit contenant de la nicotine (cigarettes manufactur\u00e9es, tabac chauff\u00e9 ou produits du vapotage), un recul faible depuis 2019, et une capacit\u00e9 limit\u00e9e des politiques actuelles \u00e0 r\u00e9duire durablement la consommation de nicotine dans la population.<\/em><\/p>\n<p style=\"text-align: justify\">L\u2019enqu\u00eate a \u00e9t\u00e9 men\u00e9e par Korea Disease Control and Prevention Agency (KDCA) entre mai et juillet 2025, aupr\u00e8s de plus de 230 000 adultes de plus de 19 ans, dans le cadre de son enqu\u00eate nationale de sant\u00e9. Les participants ont \u00e9t\u00e9 interrog\u00e9s sur l\u2019usage de produits nicotin\u00e9s, incluant les cigarettes classiques, et les dispositifs \u00e9lectroniques que ce soit le tabac chauff\u00e9 comme les e-cigarettes<a href=\"#_ftn1\" name=\"_ftnref1\">[1]<\/a>.<\/p>\n<h2 style=\"text-align: justify\"><strong>Une baisse tr\u00e8s marginale du tabagisme, largement compens\u00e9e par la progression du tabac chauff\u00e9 et du vapotage<\/strong><\/h2>\n<p style=\"text-align: justify\">Si l\u2019enqu\u00eate 2025 fait \u00e9tat d\u2019un l\u00e9ger recul du tabagisme combustible, passant \u00e0 17,9 %, cette diminution demeure extr\u00eamement marginale et ne saurait \u00eatre interpr\u00e9t\u00e9e comme une am\u00e9lioration significative de la situation sanitaire. D\u2019apr\u00e8s les r\u00e9sultats communiqu\u00e9s, ce taux n\u2019a baiss\u00e9 que d\u2019un point par rapport \u00e0 l\u2019ann\u00e9e pr\u00e9c\u00e9dente. Dans le m\u00eame temps, l\u2019usage des cigarettes \u00e9lectroniques et du tabac chauff\u00e9 qui y est rattach\u00e9 continue de progresser pour atteindre 9,3 %, soit une hausse de 0,6 point en un an. Cette dynamique oppos\u00e9e conduit \u00e0 une quasi-stagnation de la proportion totale d\u2019adultes consommant un produit nicotin\u00e9 : l\u2019ensemble des usages (cigarettes combustibles, tabac chauff\u00e9 et e-cigarettes dont le tabac chauff\u00e9) ne recule que de 0,5 point, pour s\u2019\u00e9tablir \u00e0 22,1 %.<\/p>\n<p style=\"text-align: justify\">Les donn\u00e9es publi\u00e9es en 2024 confirment cette tendance structurelle : la progression du tabac chauff\u00e9 contribue \u00e0 freiner la baisse du tabagisme. La part de march\u00e9 des produits \u00e0 tabac chauff\u00e9 de Philip Morris International atteignait ainsi 8,1 % en 2024 (contre 7,1 % l\u2019ann\u00e9e pr\u00e9c\u00e9dente), tandis que ces produits repr\u00e9sentaient 16,5 % des ventes totales de tabac au premier semestre 2023. Ces \u00e9volutions montrent que la diminution du tabagisme traditionnel est en grande partie compens\u00e9e par l\u2019essor rapide de produits nicotin\u00e9s alternatifs, qui recomposent le march\u00e9 plut\u00f4t qu\u2019ils n\u2019entra\u00eenent une sortie r\u00e9elle de la d\u00e9pendance nicotinique voire ne constitue nullement une r\u00e9duction des risques pour les consommateurs <a href=\"#_ftn2\" name=\"_ftnref2\">[2]<\/a>.<\/p>\n<p style=\"text-align: justify\">Le dynamisme du march\u00e9 des e-cigarettes, des liquides aromatis\u00e9s, des dispositifs de tabac chauff\u00e9 et des produits contenant des analogues de la nicotine renforce cette recomposition. Souvent commercialis\u00e9s comme plus modernes ou moins nocifs, ces produits attirent \u00e0 la fois des fumeurs, des ex-fumeurs et des non-fumeurs, entretenant une consommation r\u00e9guli\u00e8re de nicotine sous des formes vari\u00e9es. Leur attractivit\u00e9, li\u00e9e \u00e0 une offre diversifi\u00e9e et \u00e0 un encadrement encore insuffisant, favorise des trajectoires o\u00f9 la nicotine demeure omnipr\u00e9sente.<\/p>\n<p style=\"text-align: justify\">La persistance d\u2019un niveau \u00e9lev\u00e9 d\u2019usage global de nicotine, combin\u00e9e \u00e0 l\u2019essor continu de produits alternatifs, montre que les politiques actuelles ne parviennent pas encore \u00e0 r\u00e9duire durablement la d\u00e9pendance nicotinique au sein de la population. Elle souligne la n\u00e9cessit\u00e9 d\u2019un renforcement du cadre r\u00e9glementaire et d\u2019une surveillance accrue de l\u2019ensemble des produits \u00e9mergents, afin d\u2019\u00e9viter une renormalisation des usages et de soutenir effectivement la r\u00e9duction des risques par l\u2019arr\u00eat complet du tabac sous toutes ses formes.<\/p>\n<h2 style=\"text-align: justify\"><strong>Une accumulation de facteurs de risque dans la population adulte cor\u00e9enne<\/strong><\/h2>\n<p style=\"text-align: justify\">L\u2019enqu\u00eate cor\u00e9enne montre que plusieurs facteurs de risque pour la sant\u00e9 demeurent fortement pr\u00e9sents au sein de la population adulte. Outre le tabac et les cigarettes \u00e9lectroniques, la consommation d\u2019alcool reste \u00e9lev\u00e9e et stagne, tandis que le taux d\u2019ob\u00e9sit\u00e9 atteint 35,4 % et que les indicateurs d\u2019activit\u00e9 physique continuent de se d\u00e9t\u00e9riorer : seuls 26% des adultes d\u00e9clarent pratiquer une activit\u00e9 physique mod\u00e9r\u00e9e \u00e0 soutenue, et la proportion de personnes marchant r\u00e9guli\u00e8rement recule \u00e0 49,2 %. L\u2019ensemble de ces tendances met en \u00e9vidence le poids des d\u00e9terminants commerciaux de la sant\u00e9, c\u2019est-\u00e0-dire l\u2019influence des industries du tabac, de la nicotine, de l\u2019alcool, de l\u2019alimentation ou encore du num\u00e9rique, qui fa\u00e7onnent les comportements \u00e0 travers la disponibilit\u00e9, la promotion, l\u2019attractivit\u00e9 et la normalisation de produits nocifs.<\/p>\n<p style=\"text-align: justify\">Dans ce contexte, le renforcement de la r\u00e9glementation appara\u00eet indispensable pour r\u00e9duire l\u2019exposition de la population \u00e0 ces produits et limiter l\u2019impact des strat\u00e9gies commerciales qui maintiennent des niveaux de consommation \u00e9lev\u00e9s. Seule une approche globale, int\u00e9grant explicitement les d\u00e9terminants commerciaux de la sant\u00e9 et l\u2019environnement dans lequel s\u2019inscrivent ces comportements, permettra de prot\u00e9ger efficacement les publics, notamment les jeunes les plus expos\u00e9s aux pratiques de ces entreprises.<\/p>\n<p style=\"text-align: justify\"><strong style=\"text-align: justify\"><a href=\"https:\/\/www.generationsanstabac.org\/\">\u00a9G\u00e9n\u00e9ration Sans Tabac<\/a><\/strong><\/p>\n<p style=\"text-align: right\"><em><strong>AE<\/strong><\/em><\/p>\n<hr \/>\n<p style=\"text-align: justify\"><a href=\"#_ftnref1\" name=\"_ftn1\">[1]<\/a> Kim Hyunjeong, <a href=\"https:\/\/www.asiae.co.kr\/en\/article\/2025120819010654414\">Conventional Cigarette Smoking Declines but E-Cigarette Use Rises&#8230; Obesity Rate Continues to Increase<\/a>, The Asia Business Daily, publi\u00e9 le 8 d\u00e9cembre 2025, consult\u00e9 le jour-m\u00eame<\/p>\n<p style=\"text-align: justify\"><a href=\"#_ftnref2\" name=\"_ftn2\">[2]<\/a> G\u00e9n\u00e9ration sans tabac, <a href=\"https:\/\/www.generationsanstabac.org\/fr\/actualites\/en-coree-du-sud-la-baisse-du-tabagisme-traditionnel-ralentie-par-le-tabac-chauffe-et-les-nouveaux-produits-de-la-nicotine\/\">En Cor\u00e9e du Sud, la baisse du tabagisme traditionnel ralentie par le tabac chauff\u00e9 et les nouveaux produits de la nicotine<\/a>, publi\u00e9 le 22 octobre 2025, consult\u00e9 le 9 d\u00e9cembre 2025<\/p>\n<p><strong style=\"color: #999999\"><a style=\"color: #999999\" href=\"http:\/\/www.cnct.fr\/\" target=\"_blank\" rel=\"noopener noreferrer\">Comit\u00e9 national contre le tabagisme |<\/a><\/strong><\/p>\n","protected":false},"excerpt":{"rendered":"<p>Une enqu\u00eate men\u00e9e en 2025 montre que le taux de fumeurs de cigarettes classiques en Cor\u00e9e du Sud a recul\u00e9 \u00e0 17,9 % (\u20131 point en un an), tandis que l\u2019usage de cigarettes \u00e9lectroniques a progress\u00e9 \u00e0 9,3 % (+0,6 point). Au total, 22,1 % de la population adulte d\u00e9clare consommer un produit contenant de la nicotine (cigarettes manufactur\u00e9es, tabac chauff\u00e9 ou produits du vapotage), un recul faible depuis 2019, et une capacit\u00e9 limit\u00e9e des politiques actuelles \u00e0 r\u00e9duire durablement la consommation de nicotine dans la population.<\/p>\n","protected":false},"featured_media":25677,"template":"","tags":[],"thematique":[491,474],"class_list":["post-25673","actualites","type-actualites","status-publish","has-post-thumbnail","hentry","thematique-politiques-publiques","thematique-sante"],"acf":[],"_links":{"self":[{"href":"https:\/\/www.generationsanstabac.org\/fr\/wp-json\/wp\/v2\/actualites\/25673","targetHints":{"allow":["GET"]}}],"collection":[{"href":"https:\/\/www.generationsanstabac.org\/fr\/wp-json\/wp\/v2\/actualites"}],"about":[{"href":"https:\/\/www.generationsanstabac.org\/fr\/wp-json\/wp\/v2\/types\/actualites"}],"version-history":[{"count":1,"href":"https:\/\/www.generationsanstabac.org\/fr\/wp-json\/wp\/v2\/actualites\/25673\/revisions"}],"predecessor-version":[{"id":25678,"href":"https:\/\/www.generationsanstabac.org\/fr\/wp-json\/wp\/v2\/actualites\/25673\/revisions\/25678"}],"wp:featuredmedia":[{"embeddable":true,"href":"https:\/\/www.generationsanstabac.org\/fr\/wp-json\/wp\/v2\/media\/25677"}],"wp:attachment":[{"href":"https:\/\/www.generationsanstabac.org\/fr\/wp-json\/wp\/v2\/media?parent=25673"}],"wp:term":[{"taxonomy":"post_tag","embeddable":true,"href":"https:\/\/www.generationsanstabac.org\/fr\/wp-json\/wp\/v2\/tags?post=25673"},{"taxonomy":"thematique","embeddable":true,"href":"https:\/\/www.generationsanstabac.org\/fr\/wp-json\/wp\/v2\/thematique?post=25673"}],"curies":[{"name":"wp","href":"https:\/\/api.w.org\/{rel}","templated":true}]}}