{"id":25657,"date":"2025-12-10T07:00:48","date_gmt":"2025-12-10T06:00:48","guid":{"rendered":"https:\/\/www.generationsanstabac.org\/?post_type=actualites&#038;p=25657"},"modified":"2025-12-10T09:10:27","modified_gmt":"2025-12-10T08:10:27","slug":"le-costa-rica-envisage-dinterdire-les-cigarettes-electroniques-et-le-tabac-chauffe","status":"publish","type":"actualites","link":"https:\/\/www.generationsanstabac.org\/fr\/actualites\/le-costa-rica-envisage-dinterdire-les-cigarettes-electroniques-et-le-tabac-chauffe\/","title":{"rendered":"Le Costa Rica envisage d&rsquo;interdire les cigarettes \u00e9lectroniques et le tabac chauff\u00e9"},"content":{"rendered":"<p style=\"text-align: justify\"><em>Une d\u00e9put\u00e9e de la majorit\u00e9 gouvernementale au Costa Rica, Ada Acu\u00f1a, du Partido Progreso Social Democr\u00e1tico, a d\u00e9pos\u00e9 le 18 novembre 2025 une proposition de loi visant \u00e0 interdire totalement les dispositifs de vapotage, avec ou sans nicotine, et de tabac chauff\u00e9 dans le pays<a href=\"#_ftn1\" name=\"_ftnref1\"><strong>[1]<\/strong><\/a>. Plusieurs pays de la r\u00e9gion ont d\u00e9j\u00e0 interdit les cigarettes \u00e9lectroniques.<\/em><\/p>\n<h2 style=\"text-align: justify\">Un projet de loi contre les produits de vapotage et le tabac chauff\u00e9<\/h2>\n<p style=\"text-align: justify\">Enregistr\u00e9e sous le num\u00e9ro 25.309, cette proposition pr\u00e9voit l\u2019interdiction de l\u2019importation, de la vente, de l\u2019utilisation, de la fabrication, de la distribution, du stockage, de la publicit\u00e9 et du transport des cigarettes \u00e9lectroniques et des dispositifs similaires sans nicotine.<\/p>\n<p style=\"text-align: justify\">Sont aussi concern\u00e9s les produits du tabac chauff\u00e9, souvent assimil\u00e9s aux cigarettes \u00e9lectroniques bien qu\u2019il s\u2019agisse de produits distincts contenant du tabac. De m\u00eame, tous les composants des dispositifs seraient couverts par le champ de l\u2019interdit\u00a0: liquides, batteries, cartouches et accessoires.<\/p>\n<p style=\"text-align: justify\">Le texte pr\u00e9voit \u00e9galement que le minist\u00e8re de la Sant\u00e9 \u00e9tablisse une liste officielle de substances interdites li\u00e9es \u00e0 ces produits afin de pr\u00e9venir de possibles contournements. La d\u00e9put\u00e9e estime que la loi adopt\u00e9e en 2021 pour encadrer ces dispositifs n\u2019a pas permis d\u2019en freiner la diffusion, en particulier chez les mineurs, des ventes sans contr\u00f4le d\u2019\u00e2ge ayant eu lieu via des services de livraison.<\/p>\n<h2 style=\"text-align: justify\">Des pr\u00e9occupations sanitaires et \u00e9conomiques au c\u0153ur de la loi<\/h2>\n<p style=\"text-align: justify\">La proposition met en avant des risques sanitaires associ\u00e9s au vapotage, tels que des br\u00fblures, des atteintes pulmonaires chroniques, des troubles cardiovasculaires, des l\u00e9sions oculaires et des dommages \u00e0 diff\u00e9rents organes. La d\u00e9put\u00e9e souligne \u00e9galement le r\u00f4le des ar\u00f4mes sucr\u00e9s et fruit\u00e9s, dont il existe plusieurs milliers de vari\u00e9t\u00e9s, et celui du design moderne et rassurant des produits et de leur emballage suscitant une forte attractivit\u00e9 parmi les adolescents.<\/p>\n<p style=\"text-align: justify\">Elle rapporte 25 cas d\u2019intoxication enregistr\u00e9s par le minist\u00e8re de la Sant\u00e9 cette ann\u00e9e, principalement chez des jeunes \u00e2g\u00e9s de 10 \u00e0 17 ans. En 2023, un jeune de 16 ans a pass\u00e9 29 jours en soins intensifs en raison d&rsquo;une affection pulmonaire li\u00e9e au vapotage.<\/p>\n<p style=\"text-align: justify\">Le projet de loi pr\u00e9voit l\u2019abrogation de la loi n\u00b010.066 actuelle qui soumet ces produits \u00e0 une taxe de 20 %, dont les recettes sont destin\u00e9es au syst\u00e8me public de s\u00e9curit\u00e9 sociale pour financer des traitements li\u00e9s aux maladies caus\u00e9es par le tabac.<\/p>\n<p style=\"text-align: justify\">Toutefois, selon les autorit\u00e9s, cette taxe n\u2019aurait pas \u00e9t\u00e9 effectivement per\u00e7ue depuis plus d\u2019un an, les pertes li\u00e9es au tabac et la nicotine \u00e9tant donc beaucoup plus \u00e9lev\u00e9es que les recettes.<\/p>\n<h2 style=\"text-align: justify\">Un mouvement d\u2019interdiction r\u00e9gional et international<\/h2>\n<p style=\"text-align: justify\">Le Costa Rica avait jusqu\u2019ici mis en place une r\u00e9glementation partielle, notamment en interdisant en 2024 les produits contenant de la nicotine synth\u00e9tique ou des cannabino\u00efdes. L\u2019Organisation mondiale de la sant\u00e9 (OMS) et l\u2019Organisation panam\u00e9ricaine de la sant\u00e9 (OPS) avaient alors appel\u00e9 \u00e0 un renforcement des politiques de contr\u00f4le.<\/p>\n<p style=\"text-align: justify\">L&rsquo;avocat Larry Hans Arroyo a pr\u00e9venu qu&rsquo;une interdiction totale de ces produits sans application rigoureuse de la loi pourrait engendrer un march\u00e9 noir, potentiellement plus dangereux. Le R\u00e9seau national antitabac a partag\u00e9 cet avis, affirmant qu&rsquo;un contr\u00f4le douanier et policier insuffisant pourrait permettre au crime organis\u00e9 de combler le vide avec des produits toxiques et de mauvaise qualit\u00e9. Jeancarlo C\u00f3rdoba, sp\u00e9cialiste en sant\u00e9 publique au sein du r\u00e9seau, a ajout\u00e9 que la loi actuelle n&rsquo;est pleinement en vigueur que depuis moins d&rsquo;un an, jugeant pr\u00e9matur\u00e9 de la qualifier d&rsquo;inefficace et plaidant pour un renforcement de la r\u00e9glementation plut\u00f4t que pour son abolition. L\u2019industrie du tabac et de la nicotine reprend souvent cette m\u00eame rh\u00e9torique afin de pr\u00f4ner une approche de la \u00ab\u00a0r\u00e9duction des risques\u00a0\u00bb et emp\u00eacher les r\u00e9glementations strictes et ambitieuses.<\/p>\n<p style=\"text-align: justify\">Au contraire, les partisans de l&rsquo;interdiction affirment qu&rsquo;elle privil\u00e9gie la sant\u00e9 des enfants et des adolescents aux int\u00e9r\u00eats de l&rsquo;industrie, sachant que le Costa Rica s\u2019est engag\u00e9 \u00e0 d\u00e9fendre la sant\u00e9 publique de l\u2019ing\u00e9rence de l\u2019industrie en ratifiant la Convention-cadre pour la lutte antitabac (CCLAT) de l\u2019OMS le 21 ao\u00fbt 2008. Si le projet de loi est adopt\u00e9, cela alignerait le Costa Rica sur ses voisins comme le Panama et le Nicaragua dans une strat\u00e9gie de pr\u00e9vention.<\/p>\n<p style=\"text-align: justify\">La proposition de loi, issue d\u2019une initiative parlementaire individuelle, doit maintenant \u00eatre inscrite \u00e0 l\u2019ordre du jour par l\u2019ex\u00e9cutif pour \u00eatre d\u00e9battue en session extraordinaire du Parlement.<\/p>\n<p style=\"text-align: justify\">Dix pays d\u2019Am\u00e9rique latine ont d\u00e9j\u00e0 adopt\u00e9 une interdiction totale des cigarettes \u00e9lectroniques \u2013 l\u2019Argentine, le Br\u00e9sil, le Chili, la Colombie, le Mexique, le Nicaragua, le Panama, le Suriname, l\u2019Uruguay et le V\u00e9n\u00e9zu\u00e9la.<\/p>\n<p style=\"text-align: justify\">Dans le monde, 46 pays au total bannissent actuellement la vente et la distribution des cigarettes \u00e9lectroniques<a href=\"#_ftn2\" name=\"_ftnref2\">[2]<\/a>.<\/p>\n<p style=\"text-align: justify\"><strong style=\"text-align: justify\"><a href=\"https:\/\/www.generationsanstabac.org\/\">\u00a9G\u00e9n\u00e9ration Sans Tabac<\/a><\/strong><\/p>\n<p style=\"text-align: right\"><em><strong>AD<\/strong><\/em><\/p>\n<hr \/>\n<p style=\"text-align: justify\"><a href=\"#_ftnref1\" name=\"_ftn1\">[1]<\/a>Tico Times, <a href=\"https:\/\/ticotimes.net\/2025\/12\/02\/costa-rica-eyes-complete-vape-ban-to-combat-rising-teen-use-and-risks\">Costa Rica Eyes Complete Vape Ban to Combat Rising Teen \u00a0Use and Risks<\/a>, publi\u00e9 le 2 d\u00e9cembre 2025, consult\u00e9 le 3 d\u00e9cembre 2025<\/p>\n<p style=\"text-align: justify\"><a href=\"#_ftnref2\" name=\"_ftn2\">[2]<\/a>Global Center for Good Governance in Tobacco Control, <a href=\"https:\/\/files.ggtc.world\/uploads\/2025-08-22\/12-32-11-338410\/E-cigarette%20Factsheet_May%202025.pdf\">E-CIGARETTE BAN &amp; REGULATION: Global Status as of May 2025<\/a>, consult\u00e9 le 3 d\u00e9cembre 2025<\/p>\n<p style=\"text-align: justify\"><strong style=\"color: #999999\"><a style=\"color: #999999\" href=\"http:\/\/www.cnct.fr\/\" target=\"_blank\" rel=\"noopener noreferrer\">Comit\u00e9 national contre le tabagisme |<\/a><\/strong><\/p>\n","protected":false},"excerpt":{"rendered":"<p>Une d\u00e9put\u00e9e de la majorit\u00e9 gouvernementale au Costa Rica, Ada Acu\u00f1a, du Partido Progreso Social Democr\u00e1tico, a d\u00e9pos\u00e9 le 18 novembre 2025 une proposition de loi visant \u00e0 interdire totalement les dispositifs de vapotage, avec ou sans nicotine, et de tabac chauff\u00e9 dans le pays. Plusieurs pays de la r\u00e9gion ont d\u00e9j\u00e0 interdit les cigarettes \u00e9lectroniques.<\/p>\n","protected":false},"featured_media":25660,"template":"","tags":[],"thematique":[491],"class_list":["post-25657","actualites","type-actualites","status-publish","has-post-thumbnail","hentry","thematique-politiques-publiques"],"acf":[],"_links":{"self":[{"href":"https:\/\/www.generationsanstabac.org\/fr\/wp-json\/wp\/v2\/actualites\/25657","targetHints":{"allow":["GET"]}}],"collection":[{"href":"https:\/\/www.generationsanstabac.org\/fr\/wp-json\/wp\/v2\/actualites"}],"about":[{"href":"https:\/\/www.generationsanstabac.org\/fr\/wp-json\/wp\/v2\/types\/actualites"}],"version-history":[{"count":2,"href":"https:\/\/www.generationsanstabac.org\/fr\/wp-json\/wp\/v2\/actualites\/25657\/revisions"}],"predecessor-version":[{"id":25662,"href":"https:\/\/www.generationsanstabac.org\/fr\/wp-json\/wp\/v2\/actualites\/25657\/revisions\/25662"}],"wp:featuredmedia":[{"embeddable":true,"href":"https:\/\/www.generationsanstabac.org\/fr\/wp-json\/wp\/v2\/media\/25660"}],"wp:attachment":[{"href":"https:\/\/www.generationsanstabac.org\/fr\/wp-json\/wp\/v2\/media?parent=25657"}],"wp:term":[{"taxonomy":"post_tag","embeddable":true,"href":"https:\/\/www.generationsanstabac.org\/fr\/wp-json\/wp\/v2\/tags?post=25657"},{"taxonomy":"thematique","embeddable":true,"href":"https:\/\/www.generationsanstabac.org\/fr\/wp-json\/wp\/v2\/thematique?post=25657"}],"curies":[{"name":"wp","href":"https:\/\/api.w.org\/{rel}","templated":true}]}}