{"id":25623,"date":"2025-12-06T07:00:41","date_gmt":"2025-12-06T06:00:41","guid":{"rendered":"https:\/\/www.generationsanstabac.org\/?post_type=actualites&#038;p=25623"},"modified":"2025-12-07T20:49:55","modified_gmt":"2025-12-07T19:49:55","slug":"france-le-senat-rejette-la-taxe-sur-les-e-liquides-et-linterdiction-de-la-vente-en-ligne-des-e-cigarettes","status":"publish","type":"actualites","link":"https:\/\/www.generationsanstabac.org\/fr\/actualites\/france-le-senat-rejette-la-taxe-sur-les-e-liquides-et-linterdiction-de-la-vente-en-ligne-des-e-cigarettes\/","title":{"rendered":"France : le S\u00e9nat rejette la taxe sur les e-liquides et l\u2019interdiction de la vente en ligne des e-cigarettes"},"content":{"rendered":"<p style=\"text-align: justify\"><em>Le 1<sup>er<\/sup> d\u00e9cembre 2025, le S\u00e9nat s\u2019est oppos\u00e9 \u00e0 l\u2019instauration d\u2019une taxe sp\u00e9cifique sur les liquides pour cigarettes \u00e9lectroniques pr\u00e9vue dans le projet de loi de finances pour 2026, mais aussi sur les produits \u00e0 base de CBD sans nicotine. Des mesures d\u2019encadrement des cigarettes \u00e9lectroniques, dont l\u2019interdiction de leur vente en ligne, ont \u00e9galement \u00e9t\u00e9 retoqu\u00e9es<a href=\"#_ftn1\" name=\"_ftnref1\"><strong>[1]<\/strong><\/a>.<\/em><\/p>\n<h2 style=\"text-align: justify\">La taxation des e-liquides et du CBD sans nicotine rejet\u00e9e par le S\u00e9nat<\/h2>\n<p style=\"text-align: justify\">Le texte proposait une accise de 0,30 \u20ac par flacon de 10 mL pour les liquides de vapotage contenant jusqu\u2019\u00e0 15 mg de nicotine, et de 0,50 \u20ac au-del\u00e0 de ce seuil. Ces flacons sont actuellement vendus entre 5 et 7 \u20ac.<\/p>\n<p style=\"text-align: justify\">Bien que l\u2019article 23 du PLF, portant sur la fiscalisation de l\u2019ensemble des produits \u00e0 fumer, ait failli \u00eatre supprim\u00e9 dans son int\u00e9gralit\u00e9, les s\u00e9nateurs ont finalement retir\u00e9 uniquement les dispositions les plus discut\u00e9es.<\/p>\n<p style=\"text-align: justify\">Plusieurs groupes de tous les bords politiques ont soutenu des amendements contre cette nouvelle taxation, invoquant notamment le risque de freiner le recours au vapotage dans des d\u00e9marches de sevrage tabagique, <a href=\"https:\/\/www.generationsanstabac.org\/fr\/actualites\/le-tobacco-control-research-group-met-en-lumiere-la-desinformation-de-lindustrie-du-tabac\/\">un argumentaire inspir\u00e9 par le lobby de l\u2019industrie du tabac et du vapotage qui instrumentalise la notion de \u00ab\u00a0r\u00e9duction des risques\u00a0\u00bb pour \u00e9tendre le march\u00e9 des nouveaux produits de la nicotine<\/a> (cigarettes \u00e9lectroniques, sachets de nicotine, 6-m\u00e9thyl-nicotine\u2026).<\/p>\n<p style=\"text-align: justify\">En juillet 2025, la Commission europ\u00e9enne a par ailleurs propos\u00e9 une directive visant \u00e0 rendre obligatoire la taxation des produits du vapotage dans les \u00c9tats membres \u00e0 partir de 2028, \u00e0 hauteur de 1,20 \u20ac \u00e0 3,60 \u20ac le flacon de 10\u202fml<a href=\"#_ftn2\" name=\"_ftnref2\">[2]<\/a>. Certains s\u00e9nateurs ont estim\u00e9 qu\u2019introduire d\u00e8s maintenant une telle fiscalit\u00e9 rel\u00e8verait d\u2019une anticipation excessive d\u2019un texte europ\u00e9en qui n\u2019est pas encore adopt\u00e9.<\/p>\n<p style=\"text-align: justify\">En outre, les produits \u00e0 base de CBD sans nicotine ont \u00e9t\u00e9 exclus du champ de la nouvelle accise. Cette d\u00e9cision a \u00e9t\u00e9 motiv\u00e9e par la crainte d\u2019un impact \u00e9conomique important sur la fili\u00e8re du chanvre, d\u00e9j\u00e0 affect\u00e9e par l\u2019augmentation de la TVA intervenue en 2025.<\/p>\n<h2 style=\"text-align: justify\">Des mesures d\u2019encadrement du vapotage, dont sa vente en ligne, \u00e9galement rejet\u00e9es<\/h2>\n<p style=\"text-align: justify\">Le texte du gouvernement envisageait \u00e9galement de soumettre les magasins de vapotage \u00e0 l\u2019obtention d\u2019un agr\u00e9ment pour la vente de ces produits, similaire \u00e0 celui des buralistes pour les produits de tabac. Cet encadrement de l\u2019offre aurait interdit par exemple l\u2019installation d\u2019un magasin \u00e0 proximit\u00e9 des \u00e9coles et la vente en ligne aux particuliers, \u00e0 l\u2019origine d\u2019un quart des ventes dans la fili\u00e8re selon les professionnels<a href=\"#_ftn3\" name=\"_ftnref3\">[3]<\/a>.<\/p>\n<p style=\"text-align: justify\">Les s\u00e9nateurs ont retir\u00e9 du texte ces mesures d\u2019encadrement, et notamment l\u2019interdiction de la vente en ligne des produits du vapotage. Selon plusieurs \u00e9lus, une telle mesure aurait pu fragiliser les commerces sp\u00e9cialis\u00e9s et favoriser le d\u00e9veloppement d\u2019un march\u00e9 parall\u00e8le. Cet argumentaire du d\u00e9veloppement de la contrebande correspond \u00e0 la rh\u00e9torique syst\u00e9matiquement utilis\u00e9e pour contrer des mesures de sant\u00e9 publique. Pourtant, <a href=\"https:\/\/www.generationsanstabac.org\/fr\/actualites\/marches-paralleles-le-cnct-demonte-les-arguments-de-lindustrie-du-tabac\/\">aucune \u00e9tude ind\u00e9pendante n\u2019a d\u00e9montr\u00e9 que les march\u00e9s parall\u00e8les r\u00e9sultaient de mesures de sant\u00e9 publique mais bien davantage d\u2019un contr\u00f4le insuffisant de la cha\u00eene d\u2019approvisionnement<\/a>.<\/p>\n<p style=\"text-align: justify\">De son c\u00f4t\u00e9, le gouvernement d\u00e9fend une mesure de sant\u00e9 publique, dont l\u2019objectif est de r\u00e9duire l\u2019exposition et l\u2019accessibilit\u00e9 des produits de vapotage, surtout aupr\u00e8s des jeunes, tout en renfor\u00e7ant cette cha\u00eene d\u2019approvisionnement des produits.<\/p>\n<p style=\"text-align: justify\">Am\u00e9lie de\u00a0Montchalin, la ministre charg\u00e9e des Comptes publics, a en effet justifi\u00e9 cette interdiction par des pr\u00e9occupations li\u00e9es \u00e0 la protection des mineurs, \u00e9voquant les difficult\u00e9s \u00e0 contr\u00f4ler l\u2019\u00e2ge des acheteurs sur Internet.<\/p>\n<p style=\"text-align: justify\">Des produits facilement accessibles aux mineurs signifient une d\u00e9pendance \u00e0 la nicotine pr\u00e9coce et donc une consommation de cigarettes \u00e9lectroniques sur le long terme, voire un passage \u00e0 d\u2019autres produits nicotiniques en raison d\u2019un \u00ab\u00a0effet passerelle\u00a0\u00bb. Selon l\u2019Observatoire fran\u00e7ais des drogues et des tendances addictives (OFDT), 64\u202f% des Fran\u00e7ais de 18-24 ans ont d\u00e9j\u00e0 exp\u00e9riment\u00e9 la cigarette \u00e9lectronique, et 8,7 % des Fran\u00e7ais de 25-35 ans vapotent quotidiennement.<\/p>\n<p style=\"text-align: justify\"><strong style=\"text-align: justify\"><a href=\"https:\/\/www.generationsanstabac.org\/\">\u00a9G\u00e9n\u00e9ration Sans Tabac<\/a><\/strong><\/p>\n<p style=\"text-align: right\"><em><strong>AD<\/strong><\/em><\/p>\n<hr \/>\n<p style=\"text-align: justify\"><a href=\"#_ftnref1\" name=\"_ftn1\">[1]<\/a>Guillaume Jacquot, <a href=\"https:\/\/www.publicsenat.fr\/actualites\/economie\/budget-2026-les-senateurs-refusent-la-taxe-sur-les-produits-du-vapotage\">Budget 2026 : les s\u00e9nateurs refusent la taxe sur les produits du vapotage<\/a>, Public S\u00e9nat, publi\u00e9 le 1 d\u00e9cembre 2025, consult\u00e9 le 2 d\u00e9cembre 2025<\/p>\n<p style=\"text-align: justify\"><a href=\"#_ftnref2\" name=\"_ftn2\">[2]<\/a>Alexandre Simoes, <a href=\"https:\/\/www.bfmtv.com\/sante\/un-effet-dissuasif-chez-les-jeunes-la-taxe-sur-le-vapotage-divise-les-professionnels-de-sante_AN-202511020048.html\">\u00ab\u00a0Un effet dissuasif chez les jeunes\u00a0\u00bb? La taxe sur le vapotage divise les professionnels de sant\u00e9<\/a>, BFM, publi\u00e9 le 2 novembre 2025, consult\u00e9 le 2 d\u00e9cembre 2025<\/p>\n<p style=\"text-align: justify\"><a href=\"#_ftnref3\" name=\"_ftn3\">[3]<\/a>Sud-Ouest, AFP, <a href=\"https:\/\/www.sudouest.fr\/societe\/budget-2026-les-senateurs-refusent-la-taxe-sur-les-produits-de-vapotage-26937100.php\">Budget 2026\u00a0: les s\u00e9nateurs refusent la taxe sur les produits de vapotage<\/a>, publi\u00e9 le 2 d\u00e9cembre 2025, consult\u00e9 le m\u00eame jour<\/p>\n<p style=\"text-align: justify\"><strong style=\"color: #999999\"><a style=\"color: #999999\" href=\"http:\/\/www.cnct.fr\/\" target=\"_blank\" rel=\"noopener noreferrer\">Comit\u00e9 national contre le tabagisme |<\/a><\/strong><\/p>\n","protected":false},"excerpt":{"rendered":"<p>Le 1er d\u00e9cembre 2025, le S\u00e9nat s\u2019est oppos\u00e9 \u00e0 l\u2019instauration d\u2019une taxe sp\u00e9cifique sur les liquides pour cigarettes \u00e9lectroniques pr\u00e9vue dans le projet de loi de finances pour 2026, mais aussi sur les produits \u00e0 base de CBD sans nicotine. Des mesures d\u2019encadrement des cigarettes \u00e9lectroniques, dont l\u2019interdiction de leur vente en ligne, ont \u00e9galement \u00e9t\u00e9 retoqu\u00e9es.<\/p>\n","protected":false},"featured_media":25627,"template":"","tags":[],"thematique":[491],"class_list":["post-25623","actualites","type-actualites","status-publish","has-post-thumbnail","hentry","thematique-politiques-publiques"],"acf":[],"_links":{"self":[{"href":"https:\/\/www.generationsanstabac.org\/fr\/wp-json\/wp\/v2\/actualites\/25623","targetHints":{"allow":["GET"]}}],"collection":[{"href":"https:\/\/www.generationsanstabac.org\/fr\/wp-json\/wp\/v2\/actualites"}],"about":[{"href":"https:\/\/www.generationsanstabac.org\/fr\/wp-json\/wp\/v2\/types\/actualites"}],"version-history":[{"count":1,"href":"https:\/\/www.generationsanstabac.org\/fr\/wp-json\/wp\/v2\/actualites\/25623\/revisions"}],"predecessor-version":[{"id":25628,"href":"https:\/\/www.generationsanstabac.org\/fr\/wp-json\/wp\/v2\/actualites\/25623\/revisions\/25628"}],"wp:featuredmedia":[{"embeddable":true,"href":"https:\/\/www.generationsanstabac.org\/fr\/wp-json\/wp\/v2\/media\/25627"}],"wp:attachment":[{"href":"https:\/\/www.generationsanstabac.org\/fr\/wp-json\/wp\/v2\/media?parent=25623"}],"wp:term":[{"taxonomy":"post_tag","embeddable":true,"href":"https:\/\/www.generationsanstabac.org\/fr\/wp-json\/wp\/v2\/tags?post=25623"},{"taxonomy":"thematique","embeddable":true,"href":"https:\/\/www.generationsanstabac.org\/fr\/wp-json\/wp\/v2\/thematique?post=25623"}],"curies":[{"name":"wp","href":"https:\/\/api.w.org\/{rel}","templated":true}]}}