{"id":25589,"date":"2025-11-28T14:00:05","date_gmt":"2025-11-28T13:00:05","guid":{"rendered":"https:\/\/www.generationsanstabac.org\/?post_type=actualites&#038;p=25589"},"modified":"2025-11-28T10:11:01","modified_gmt":"2025-11-28T09:11:01","slug":"lassemblee-nationale-adopte-une-proposition-de-resolution-contre-les-marches-paralleles","status":"publish","type":"actualites","link":"https:\/\/www.generationsanstabac.org\/fr\/actualites\/lassemblee-nationale-adopte-une-proposition-de-resolution-contre-les-marches-paralleles\/","title":{"rendered":"L\u2019Assembl\u00e9e nationale adopte une proposition de r\u00e9solution contre les march\u00e9s parall\u00e8les"},"content":{"rendered":"<p style=\"text-align: justify\"><em>L\u2019Assembl\u00e9e nationale fran\u00e7aise a adopt\u00e9 une proposition de r\u00e9solution port\u00e9e par Fr\u00e9d\u00e9ric Valletoux, d\u00e9put\u00e9 Horizons, pr\u00e9sident de la Commission des Affaires sociales de l\u2019Assembl\u00e9e nationale et ancien ministre de la Sant\u00e9, visant \u00e0 renforcer la lutte contre les march\u00e9s parall\u00e8les du tabac<a href=\"#_ftn1\" name=\"_ftnref1\"><strong>[1]<\/strong><\/a>. Le texte met notamment en cause certaines pratiques des fabricants, en particulier les strat\u00e9gies de sur-approvisionnement de pays frontaliers. \u00a0Cette initiative est pr\u00e9sent\u00e9e comme un point d\u2019appui potentiel pour ouvrir un d\u00e9bat \u00e0 l\u2019\u00e9chelle europ\u00e9enne sur cette question, \u00e0 l\u2019approche de la r\u00e9vision de la directive europ\u00e9enne sur les produits du tabac.<\/em><\/p>\n<h2 style=\"text-align: justify\">Une r\u00e9solution face aux probl\u00e9matiques sanitaires et financi\u00e8res des march\u00e9s parall\u00e8les<\/h2>\n<p style=\"text-align: justify\">La r\u00e9solution recommande que l\u2019approvisionnement en produits du tabac dans les \u00c9tats europ\u00e9ens soit ajust\u00e9 \u00e0 leur niveau r\u00e9el de consommation, qu\u2019une tra\u00e7abilit\u00e9 des produits du tabac ind\u00e9pendante de l\u2019industrie soit en mise en place, que les quantit\u00e9s pouvant circuler entre \u00c9tats membres soient strictement r\u00e9duites et que soit affirm\u00e9 le principe essentiel \u00ab <em>une cigarette doit \u00eatre fum\u00e9e dans le pays o\u00f9 elle a \u00e9t\u00e9 achet\u00e9e<\/em> \u00bb, conform\u00e9ment au Protocole de l\u2019Organisation mondiale de la sant\u00e9 (OMS) relatif au commerce illicite du tabac, ratifi\u00e9 par la France en 2015 et l\u2019Union europ\u00e9enne en 2016, et entr\u00e9 en vigueur en 2018.<\/p>\n<p style=\"text-align: justify\">Selon les donn\u00e9es m\u00eames de l\u2019industrie, des donn\u00e9es issues du cabinet KPMG indiquent que le Luxembourg serait approvisionn\u00e9 \u00e0 hauteur de 21,56 cigarettes par jour et par habitant, soit 36 fois plus qu\u2019au Royaume-Uni.<\/p>\n<p style=\"text-align: justify\">Pour les promoteurs du texte, ces d\u00e9s\u00e9quilibres contribuent \u00e0 alimenter les circuits de distribution parall\u00e8les et \u00e0 affaiblir les politiques nationales de lutte contre le tabagisme.<\/p>\n<p style=\"text-align: justify\">Sur le plan budg\u00e9taire, <a href=\"https:\/\/www.generationsanstabac.org\/fr\/actualites\/marches-paralleles-du-tabac-les-chiffres-officiels-contredisent-les-estimations-de-lindustrie\/\">une \u00e9tude soutenue par la Direction g\u00e9n\u00e9rale des douanes et droits indirects (DGDDI) et la MILDECA<\/a> estime que la part du tabac consomm\u00e9 en France \u00e9chappant \u00e0 la fiscalit\u00e9 nationale se situe entre 11 % et 20 % de la consommation totale, soit 17,7 % en moyenne. Ce niveau, stable depuis plusieurs ann\u00e9es, repr\u00e9sente entre 2,8 et 5,8 milliards d\u2019euros de pertes fiscales annuelles.<\/p>\n<p style=\"text-align: justify\">Selon Fr\u00e9d\u00e9ric Valletoux, \u00ab\u00a0<em>avec ce vote, la France envoie un signal fort \u00e0 l\u2019Union europ\u00e9enne pour la sant\u00e9 publique, pour l\u2019\u00e9quit\u00e9 fiscale, pour nos commerces de proximit\u00e9.<\/em>\u00a0\u00bb<a href=\"#_ftn2\" name=\"_ftnref2\">[2]<\/a>.<\/p>\n<h2 style=\"text-align: justify\">Publication d\u2019un rapport ind\u00e9pendant annuel sur les march\u00e9s parall\u00e8les<\/h2>\n<p style=\"text-align: justify\">Les d\u00e9put\u00e9s ont par ailleurs adopt\u00e9 un amendement, port\u00e9 par le d\u00e9put\u00e9 Nicolas Thierry, du groupe \u00c9cologiste et Social, avec le soutien de Fr\u00e9d\u00e9ric Valletoux et du gouvernement, pr\u00e9voyant la publication d\u2019un rapport annuel ind\u00e9pendant sur l\u2019ampleur des march\u00e9s parall\u00e8les du tabac. Cette mesure vise \u00e0 am\u00e9liorer la transparence des donn\u00e9es disponibles et \u00e0 diversifier les sources d\u2019information utilis\u00e9es dans le d\u00e9bat public, notamment face \u00e0 l\u2019influence du rapport de KPMG, financ\u00e9 par le cigarettier Philip Morris, et dont la faiblesse m\u00e9thodologique a \u00e9t\u00e9 particuli\u00e8rement point\u00e9e dans les publications scientifiques ind\u00e9pendantes.<\/p>\n<p style=\"text-align: justify\">Le Comit\u00e9 national contre le tabagisme (CNCT) a salu\u00e9 l\u2019adoption de ces deux mesures, estimant qu\u2019elles constituent un progr\u00e8s en mati\u00e8re de sant\u00e9 publique, de finances publiques et de protection de la s\u00e9curit\u00e9 nationale contre les r\u00e9seaux ill\u00e9gaux.<\/p>\n<p style=\"text-align: justify\">Plus t\u00f4t dans la semaine, le CNCT a \u00e9galement appel\u00e9 la France \u00e0 verser le montant de ses contributions au Protocole international de lutte contre le commerce illicite du tabac, dont les arri\u00e9r\u00e9s s\u2019\u00e9l\u00e8vent aujourd\u2019hui \u00e0 2,5 millions de dollars, soit l\u2019\u00e9quivalent du budget d\u2019une ann\u00e9e d\u2019actions pour mettre en \u0153uvre les dispositions de ce texte<a href=\"#_ftn3\" name=\"_ftnref3\">[3]<\/a>. Seul le respect de cet engagement peut permettre \u00e0 la France de soutenir efficacement la lutte contre les march\u00e9s parall\u00e8les, lutter contre l\u2019\u00e9vasion fiscale des industriels, am\u00e9liorer la r\u00e9cup\u00e9ration des recettes fiscales mais aussi ne pas perdre en cr\u00e9dibilit\u00e9 lorsqu\u2019elle s\u2019exprime sur ce sujet et notamment <a href=\"https:\/\/www.generationsanstabac.org\/fr\/actualites\/des-pays-se-reunissent-a-geneve-pour-lutter-ensemble-contre-le-commerce-illicite-du-tabac\/\">lors de rencontres internationales de n\u00e9gociations<\/a>.<\/p>\n<p style=\"text-align: justify\"><strong style=\"text-align: justify\"><a href=\"https:\/\/www.generationsanstabac.org\/\">\u00a9G\u00e9n\u00e9ration Sans Tabac<\/a><\/strong><\/p>\n<p style=\"text-align: right\"><em><strong>AD<\/strong><\/em><\/p>\n<hr \/>\n<p style=\"text-align: justify\"><a href=\"#_ftnref1\" name=\"_ftn1\">[1]<\/a>Comit\u00e9 national contre le tabagisme, <a href=\"https:\/\/cnct.fr\/communiques\/commerce-illicite-lassemblee-nationale-adopte-une-proposition-de-resolution\/\">Commerce illicite : l\u2019Assembl\u00e9e nationale adopte une proposition de r\u00e9solution<\/a>, publi\u00e9 le 27 novembre 2025, consult\u00e9 le m\u00eame jour<\/p>\n<p style=\"text-align: justify\"><a href=\"#_ftnref2\" name=\"_ftn2\">[2]<\/a>Le Monde du tabac, <a href=\"https:\/\/www.lemondedutabac.com\/assemblee-nationale-adoption-de-la-proposition-valletoux-de-quotas-dans-les-livraisons-de-tabac-par-pays\/\">Assembl\u00e9e nationale\u00a0: adoption de la proposition Valletoux de quotas dans les livraisons de tabac par pays<\/a>, publi\u00e9 le 27 novembre 2025, consult\u00e9 le m\u00eame jour<\/p>\n<p style=\"text-align: justify\"><a href=\"#_ftnref3\" name=\"_ftn3\">[3]<\/a>Comit\u00e9 national contre le tabagisme, <a href=\"https:\/\/cnct.fr\/communiques\/lutte-contre-le-commerce-illicite-la-france-ne-respecte-pas-ses-engagements\/\">Lutte contre le commerce illicite, la France ne respecte pas ses engagements<\/a>, publi\u00e9 le 24 novembre 2025, consult\u00e9 le 27 novembre 2025<\/p>\n<p style=\"text-align: justify\"><strong style=\"color: #999999\"><a style=\"color: #999999\" href=\"http:\/\/www.cnct.fr\/\" target=\"_blank\" rel=\"noopener noreferrer\">Comit\u00e9 national contre le tabagisme |<\/a><\/strong><\/p>\n","protected":false},"excerpt":{"rendered":"<p>L\u2019Assembl\u00e9e nationale fran\u00e7aise a adopt\u00e9 une proposition de r\u00e9solution port\u00e9e par Fr\u00e9d\u00e9ric Valletoux, d\u00e9put\u00e9 Horizons, pr\u00e9sident de la Commission des Affaires sociales de l\u2019Assembl\u00e9e nationale et ancien ministre de la Sant\u00e9, visant \u00e0 renforcer la lutte contre les march\u00e9s parall\u00e8les du tabac. Le texte met notamment en cause certaines pratiques des fabricants, en particulier les strat\u00e9gies de sur-approvisionnement de pays frontaliers. \u00a0Cette initiative est pr\u00e9sent\u00e9e comme un point d\u2019appui potentiel pour ouvrir un d\u00e9bat \u00e0 l\u2019\u00e9chelle europ\u00e9enne sur cette question, \u00e0 l\u2019approche de la r\u00e9vision de la directive europ\u00e9enne sur les produits du tabac.<\/p>\n","protected":false},"featured_media":25592,"template":"","tags":[],"thematique":[538,491],"class_list":["post-25589","actualites","type-actualites","status-publish","has-post-thumbnail","hentry","thematique-marches-paralleles","thematique-politiques-publiques"],"acf":[],"_links":{"self":[{"href":"https:\/\/www.generationsanstabac.org\/fr\/wp-json\/wp\/v2\/actualites\/25589","targetHints":{"allow":["GET"]}}],"collection":[{"href":"https:\/\/www.generationsanstabac.org\/fr\/wp-json\/wp\/v2\/actualites"}],"about":[{"href":"https:\/\/www.generationsanstabac.org\/fr\/wp-json\/wp\/v2\/types\/actualites"}],"version-history":[{"count":1,"href":"https:\/\/www.generationsanstabac.org\/fr\/wp-json\/wp\/v2\/actualites\/25589\/revisions"}],"predecessor-version":[{"id":25593,"href":"https:\/\/www.generationsanstabac.org\/fr\/wp-json\/wp\/v2\/actualites\/25589\/revisions\/25593"}],"wp:featuredmedia":[{"embeddable":true,"href":"https:\/\/www.generationsanstabac.org\/fr\/wp-json\/wp\/v2\/media\/25592"}],"wp:attachment":[{"href":"https:\/\/www.generationsanstabac.org\/fr\/wp-json\/wp\/v2\/media?parent=25589"}],"wp:term":[{"taxonomy":"post_tag","embeddable":true,"href":"https:\/\/www.generationsanstabac.org\/fr\/wp-json\/wp\/v2\/tags?post=25589"},{"taxonomy":"thematique","embeddable":true,"href":"https:\/\/www.generationsanstabac.org\/fr\/wp-json\/wp\/v2\/thematique?post=25589"}],"curies":[{"name":"wp","href":"https:\/\/api.w.org\/{rel}","templated":true}]}}