{"id":25582,"date":"2025-11-30T07:00:34","date_gmt":"2025-11-30T06:00:34","guid":{"rendered":"https:\/\/www.generationsanstabac.org\/?post_type=actualites&#038;p=25582"},"modified":"2025-11-27T10:03:34","modified_gmt":"2025-11-27T09:03:34","slug":"des-experts-de-sante-affirment-que-les-cigarettes-electroniques-compromettent-les-droits-des-enfants","status":"publish","type":"actualites","link":"https:\/\/www.generationsanstabac.org\/fr\/actualites\/des-experts-de-sante-affirment-que-les-cigarettes-electroniques-compromettent-les-droits-des-enfants\/","title":{"rendered":"Des experts de sant\u00e9 affirment que les cigarettes \u00e9lectroniques compromettent les droits des enfants"},"content":{"rendered":"<p style=\"text-align: justify\"><em>Des experts de sant\u00e9 publique anglais, australiens et n\u00e9erlandais font \u00e9tat dans le British Medical Journal d\u2019une progression importante de l\u2019usage des cigarettes \u00e9lectroniques chez les enfants et adolescents<a href=\"#_ftn1\" name=\"_ftnref1\"><strong>[1]<\/strong><\/a>. \u00c0 l\u2019\u00e9chelle mondiale, l\u2019Organisation mondiale de la sant\u00e9 (OMS) estime que 7,2 % des jeunes \u00e2g\u00e9s de 13 \u00e0 15 ans vapotent, d\u2019apr\u00e8s 123 pays \u00e9tudi\u00e9s, et les jeunes de 13 \u00e0 15\u00a0ans vapotent neuf fois plus souvent que les adultes, d\u2019apr\u00e8s 63 pays \u00e9tudi\u00e9s<a href=\"#_ftn2\" name=\"_ftnref2\"><strong>[2]<\/strong><\/a>. La pr\u00e9valence est plus \u00e9lev\u00e9e dans les pays \u00e0 revenu \u00e9lev\u00e9, mais la tendance \u00e0 la hausse est observ\u00e9e \u00e9galement dans les pays \u00e0 revenu faible et interm\u00e9diaire. Cela compromet les droits humains des enfants, garantis par plusieurs trait\u00e9s internationaux et qui engagent les \u00c9tats \u00e0 r\u00e9glementer strictement ce produit.<\/em><\/p>\n<h2 style=\"text-align: justify\">Le vapotage r\u00e9pand une vaste \u00e9pid\u00e9mie de nicotine chez les mineurs<\/h2>\n<p style=\"text-align: justify\">La pr\u00e9valence du vapotage chez les mineurs, souvent non-fumeurs, est en hausse dans plusieurs pays, d\u00e9passant partout celle des adultes. Par exemple, aux Pays-Bas, en avril 2025, 22 % des jeunes de 15 et 16 ans\u00a0avaient vapot\u00e9 au cours du mois pr\u00e9c\u00e9dant l\u2019enqu\u00eate et 8 % vapotaient quotidiennement, alors que seulement\u00a03,1 % des adultes vapotaient r\u00e9guli\u00e8rement<a href=\"#_ftn3\" name=\"_ftnref3\">[3]<\/a>. Au Royaume-Uni, des \u00e9tablissements scolaires signalent une pr\u00e9sence fr\u00e9quente de vapotage dans les toilettes, avec des cons\u00e9quences sur l\u2019assiduit\u00e9 en classe, la concentration des \u00e9l\u00e8ves et le climat scolaire, et <a href=\"https:\/\/www.generationsanstabac.org\/fr\/actualites\/le-royaume-uni-compte-desormais-plus-de-vapoteurs-que-de-fumeurs\/\">le pays compte d\u00e9sormais plus de vapoteurs que de fumeurs<\/a>. Aux \u00c9tats-Unis, l\u2019usage des cigarettes \u00e9lectroniques chez les jeunes a \u00e9t\u00e9 qualifi\u00e9 \u00ab <em>d\u2019\u00e9pid\u00e9mie<\/em> \u00bb par le Surgeon General d\u00e8s 2018, apr\u00e8s une hausse sans pr\u00e9c\u00e9dent observ\u00e9e chez les adolescents.<\/p>\n<p style=\"text-align: justify\">Des effets ind\u00e9sirables \u00e0 court terme ont \u00e9t\u00e9 observ\u00e9s chez les jeunes utilisateurs, notamment des troubles respiratoires, de l\u2019anxi\u00e9t\u00e9, des blessures li\u00e9es aux appareils, ainsi que des indicateurs cardiovasculaires d\u00e9favorables.<\/p>\n<p style=\"text-align: justify\">Le d\u00e9veloppement c\u00e9r\u00e9bral se poursuivant jusqu\u2019\u00e0 l\u2019\u00e2ge de 25 ans environ, les adolescents sont particuli\u00e8rement vuln\u00e9rables aux effets de la nicotine. Celle-ci est associ\u00e9e \u00e0 des impacts potentiels sur l\u2019attention, la m\u00e9moire, l\u2019humeur et les capacit\u00e9s cognitives, ainsi qu\u2019\u00e0 un risque accru de d\u00e9pendance.<\/p>\n<p style=\"text-align: justify\">Des travaux scientifiques sugg\u00e8rent un lien entre l\u2019usage des cigarettes \u00e9lectroniques et l\u2019initiation ult\u00e9rieure au tabac. Une \u00e9tude indique que pr\u00e8s de la moiti\u00e9 des utilisateurs de cigarettes \u00e9lectroniques continuent \u00e9galement de fumer des cigarettes traditionnelles, et sont appel\u00e9s les \u00ab\u00a0doubles consommateurs\u00a0\u00bb<a href=\"#_ftn4\" name=\"_ftnref4\">[4]<\/a>. Non seulement la d\u00e9pendance \u00e0 la nicotine facilite le passage \u00e0 d\u2019autres produits qui en contiennent, mais il existe un risque r\u00e9el de cumul des formes de tabagisme.<\/p>\n<h2 style=\"text-align: justify\">Cette consommation met \u00e0 mal les droits des enfants et les conventions internationales qui s\u2019y rattachent<\/h2>\n<p style=\"text-align: justify\">La Convention internationale des droits de l\u2019enfant (CIDE), adopt\u00e9e en 1989 et ratifi\u00e9e par la quasi-totalit\u00e9 des \u00c9tats membres de l\u2019ONU, reconna\u00eet le droit de l\u2019enfant \u00e0 jouir du meilleur \u00e9tat de sant\u00e9 possible (article 24) et \u00e9tablit le principe de \u00ab l\u2019int\u00e9r\u00eat sup\u00e9rieur de l\u2019enfant \u00bb comme fondement de toute politique concernant les mineurs (article 3).<\/p>\n<p style=\"text-align: justify\">Ce cadre juridique est \u00e9troitement li\u00e9 \u00e0 la Convention-cadre de l\u2019OMS pour la lutte antitabac (CCLAT), qui fait explicitement r\u00e9f\u00e9rence \u00e0 l\u2019article 24 de la CDE dans son pr\u00e9ambule, et engage les \u00c9tats \u00e0 pr\u00e9venir la consommation de tabac et la d\u00e9pendance \u00e0 la nicotine en son article 5.2b.<\/p>\n<p style=\"text-align: justify\">En 2013, le Comit\u00e9 des droits de l\u2019enfant a recommand\u00e9 aux \u00c9tats de renforcer la r\u00e9glementation de substances nocives, y compris celles rendues accessibles aux enfants par la publicit\u00e9 ou la distribution commerciale, ce qui inclut les cigarettes \u00e9lectroniques. Dans cette perspective, la protection de la sant\u00e9 des mineurs constitue une obligation juridique et non un simple objectif de politique publique.<\/p>\n<h2 style=\"text-align: justify\">L\u2019appel de l\u2019OMS \u00e0 r\u00e9glementer strictement le vapotage et rejeter l\u2019influence des industriels<\/h2>\n<p style=\"text-align: justify\">L\u2019OMS appelle ainsi les gouvernements \u00e0 agir face \u00e0 l\u2019augmentation de l\u2019usage des cigarettes \u00e9lectroniques chez les jeunes. Les mesures recommand\u00e9es reposent sur des leviers d\u00e9j\u00e0 \u00e9prouv\u00e9s dans la lutte antitabac : interdiction de la publicit\u00e9, restrictions d\u2019\u00e2ge, interdiction des ar\u00f4mes, emballages neutres, encadrement des points de vente avec interdiction de la vente en ligne et d\u00e9veloppement des lieux sans tabac et sans vapotage.<\/p>\n<p style=\"text-align: justify\">Les \u00c9tats sont \u00e9galement invit\u00e9s \u00e0 anticiper les d\u00e9fis d\u2019application des lois, notamment en mati\u00e8re de commerce en ligne, de marketing num\u00e9rique et de ventes transfrontali\u00e8res, afin d\u2019assurer une protection effective des mineurs.<\/p>\n<p style=\"text-align: justify\">Le concept de \u00ab r\u00e9duction des risques \u00bb est aujourd\u2019hui d\u00e9tourn\u00e9 par l\u2019industrie du tabac et de la nicotine pour justifier la commercialisation de nouveaux produits nicotiniques. Si ce concept de r\u00e9duction de risque peut avoir du sens dans la relation individuelle entre le professionnel de sant\u00e9 et le patient fumeur en cas d\u2019\u00e9chec des traitements valid\u00e9s, son application \u00e0 un public large, incluant des non-fumeurs et des mineurs, entretient l\u2019\u00e9pid\u00e9mie au lieu de la combattre. Les b\u00e9n\u00e9fices \u00e9ventuels pour certains adultes ne peuvent \u00eatre assimil\u00e9s selon les experts de sant\u00e9 \u00e0 une r\u00e9duction globale des risques pour la population.<\/p>\n<p style=\"text-align: justify\"><strong style=\"text-align: justify\"><a href=\"https:\/\/www.generationsanstabac.org\/\">\u00a9G\u00e9n\u00e9ration Sans Tabac<\/a><\/strong><\/p>\n<p style=\"text-align: right\"><em><strong>AD<\/strong><\/em><\/p>\n<hr \/>\n<p style=\"text-align: justify\"><a href=\"#_ftnref1\" name=\"_ftn1\">[1]<\/a>Tom Gatehouse, Emily Banks, Brigit Toebes, Raouf Alebshehy, <a href=\"https:\/\/www.bmj.com\/content\/391\/bmj-2025-085850\">How e-cigarettes compromise children\u2019s human rights<\/a>, The British Medical Journal, publi\u00e9 le 12 novembre 2025, consult\u00e9 le 26 novembre 2025<\/p>\n<p style=\"text-align: justify\"><a href=\"#_ftnref2\" name=\"_ftn2\">[2]<\/a>OMS, <a href=\"https:\/\/iris.who.int\/server\/api\/core\/bitstreams\/2eca3aea-b772-4272-a2ae-6fa26f3f9cd5\/content\">WHO global report on trends in prevalence of tobacco use 2000-2024 and projections 2025-2030<\/a>, publi\u00e9 en 2025, consult\u00e9 le 26 novembre 2025<\/p>\n<p style=\"text-align: justify\"><a href=\"#_ftnref3\" name=\"_ftn3\">[3]<\/a>Tabaknee, <a href=\"https:\/\/www.tabaknee.nl\/nieuws\/item\/3378-e-sigaretten-zijn-strijdig-met-kinderrechten\">\u2018E-sigaretten zijn strijdig met kinderrechten\u2019<\/a>, publi\u00e9 le 25 novembre 2025, consult\u00e9 le 26 novembre 2025<\/p>\n<p style=\"text-align: justify\"><a href=\"#_ftnref4\" name=\"_ftn4\">[4]<\/a>Sulamunn RM Coleman, Megan E Piper, M Justin Byron, Krysten W Bold, <a href=\"https:\/\/link.springer.com\/article\/10.1007\/s40429-022-00448-1\">Dual Use of Combustible Cigarettes and E-cigarettes: a Narrative Review of Current Evidence<\/a>, Curr Addict Rep. 2022 Oct 17;9(4):353\u2013362, publi\u00e9 le 17 octobre 2022, consult\u00e9 le 26 novembre 2025<\/p>\n<p style=\"text-align: justify\"><strong style=\"color: #999999\"><a style=\"color: #999999\" href=\"http:\/\/www.cnct.fr\/\" target=\"_blank\" rel=\"noopener noreferrer\">Comit\u00e9 national contre le tabagisme |<\/a><\/strong><\/p>\n","protected":false},"excerpt":{"rendered":"<p>Des experts de sant\u00e9 publique anglais, australiens et n\u00e9erlandais font \u00e9tat dans le British Medical Journal d\u2019une progression importante de l\u2019usage des cigarettes \u00e9lectroniques chez les enfants et adolescents. \u00c0 l\u2019\u00e9chelle mondiale, l\u2019Organisation mondiale de la sant\u00e9 (OMS) estime que 7,2 % des jeunes \u00e2g\u00e9s de 13 \u00e0 15 ans vapotent, d\u2019apr\u00e8s 123 pays \u00e9tudi\u00e9s, et les jeunes de 13 \u00e0 15\u00a0ans vapotent neuf fois plus souvent que les adultes, d\u2019apr\u00e8s 63 pays \u00e9tudi\u00e9s. La pr\u00e9valence est plus \u00e9lev\u00e9e dans les pays \u00e0 revenu \u00e9lev\u00e9, mais la tendance \u00e0 la hausse est observ\u00e9e \u00e9galement dans les pays \u00e0 revenu faible et interm\u00e9diaire. Cela compromet les droits humains des enfants, garantis par plusieurs trait\u00e9s internationaux et qui engagent les \u00c9tats \u00e0 r\u00e9glementer strictement ce produit.<\/p>\n","protected":false},"featured_media":25586,"template":"","tags":[],"thematique":[474],"class_list":["post-25582","actualites","type-actualites","status-publish","has-post-thumbnail","hentry","thematique-sante"],"acf":[],"_links":{"self":[{"href":"https:\/\/www.generationsanstabac.org\/fr\/wp-json\/wp\/v2\/actualites\/25582","targetHints":{"allow":["GET"]}}],"collection":[{"href":"https:\/\/www.generationsanstabac.org\/fr\/wp-json\/wp\/v2\/actualites"}],"about":[{"href":"https:\/\/www.generationsanstabac.org\/fr\/wp-json\/wp\/v2\/types\/actualites"}],"version-history":[{"count":1,"href":"https:\/\/www.generationsanstabac.org\/fr\/wp-json\/wp\/v2\/actualites\/25582\/revisions"}],"predecessor-version":[{"id":25587,"href":"https:\/\/www.generationsanstabac.org\/fr\/wp-json\/wp\/v2\/actualites\/25582\/revisions\/25587"}],"wp:featuredmedia":[{"embeddable":true,"href":"https:\/\/www.generationsanstabac.org\/fr\/wp-json\/wp\/v2\/media\/25586"}],"wp:attachment":[{"href":"https:\/\/www.generationsanstabac.org\/fr\/wp-json\/wp\/v2\/media?parent=25582"}],"wp:term":[{"taxonomy":"post_tag","embeddable":true,"href":"https:\/\/www.generationsanstabac.org\/fr\/wp-json\/wp\/v2\/tags?post=25582"},{"taxonomy":"thematique","embeddable":true,"href":"https:\/\/www.generationsanstabac.org\/fr\/wp-json\/wp\/v2\/thematique?post=25582"}],"curies":[{"name":"wp","href":"https:\/\/api.w.org\/{rel}","templated":true}]}}