{"id":25514,"date":"2025-11-22T07:00:29","date_gmt":"2025-11-22T06:00:29","guid":{"rendered":"https:\/\/www.generationsanstabac.org\/?post_type=actualites&#038;p=25514"},"modified":"2025-11-24T09:44:53","modified_gmt":"2025-11-24T08:44:53","slug":"le-ministre-belge-de-la-sante-veut-interdire-tous-les-aromes-de-cigarette-electronique-a-lexception-du-tabac","status":"publish","type":"actualites","link":"https:\/\/www.generationsanstabac.org\/fr\/actualites\/le-ministre-belge-de-la-sante-veut-interdire-tous-les-aromes-de-cigarette-electronique-a-lexception-du-tabac\/","title":{"rendered":"Le ministre belge de la Sant\u00e9 veut interdire tous les ar\u00f4mes de cigarette \u00e9lectronique, \u00e0 l\u2019exception du tabac"},"content":{"rendered":"<p style=\"text-align: justify\"><em>En Belgique, le Vice-Premier Ministre et ministre de la Sant\u00e9 et des affaires sociales, Frank Vandenbroucke, souhaite interdire l\u2019ensemble des ar\u00f4mes de cigarettes \u00e9lectroniques, \u00e0 l\u2019exception de l\u2019ar\u00f4me tabac<a href=\"#_ftn1\" name=\"_ftnref1\"><strong>[1]<\/strong><\/a>. Cette proposition s\u2019appuie sur un nouveau rapport du Conseil sup\u00e9rieur de la Sant\u00e9 et vise tant \u00e0 limiter l\u2019attrait des produits de vapotage pour les jeunes qu\u2019\u00e0 pr\u00e9venir l\u2019initiation \u00e0 la nicotine.<\/em><\/p>\n<h2 style=\"text-align: justify\">Des arguments de sant\u00e9 publique s\u2019appuyant sur le voisin n\u00e9erlandais<\/h2>\n<p style=\"text-align: justify\">Selon le ministre, les ar\u00f4mes sucr\u00e9s et fruit\u00e9s contribuent \u00e0 attirer les mineurs et masquent les risques li\u00e9s au vapotage. Des enqu\u00eates r\u00e9centes indiquent une augmentation notable de l\u2019exp\u00e9rimentation et de l\u2019usage r\u00e9gulier de la cigarette \u00e9lectronique chez les \u00e9l\u00e8ves, avec pr\u00e8s d\u2019un tiers ayant d\u00e9j\u00e0 essay\u00e9 ce produit et une utilisation hebdomadaire environ quatre fois plus \u00e9lev\u00e9e qu\u2019en 2020. En outre, 6 % des jeunes Belges vapotent quotidiennement.<\/p>\n<p style=\"text-align: justify\">\u00ab\u00a0<em>La vape est une invention d\u2019une industrie criminelle qui veut rendre une nouvelle g\u00e9n\u00e9ration d\u2019enfants d\u00e9pendants de la nicotine<\/em>\u00a0\u00bb, a d\u00e9clar\u00e9 M. Vandenbroucke. \u00ab\u00a0<em>Les nombreux ar\u00f4mes camouflent l\u2019\u00e9norme nocivit\u00e9 du produit.<\/em>\u00a0\u00bb<a href=\"#_ftn2\" name=\"_ftnref2\">[2]<\/a>.<\/p>\n<p style=\"text-align: justify\">Le Conseil sup\u00e9rieur de la Sant\u00e9, qui exprimait auparavant des r\u00e9serves sur une interdiction totale, estime d\u00e9sormais qu\u2019un cadre plus strict est n\u00e9cessaire, consid\u00e9rant que la protection des jeunes doit primer sur l\u2019argument selon lequel certains ar\u00f4mes pourraient aider au sevrage.<\/p>\n<p style=\"text-align: justify\">Le ministre cite l\u2019exemple des Pays-Bas, o\u00f9 seuls les ar\u00f4mes tabac sont autoris\u00e9s depuis janvier 2024. Neuf mois apr\u00e8s l\u2019entr\u00e9e en vigueur de la mesure, pr\u00e8s de 30 % des utilisateurs auraient d\u00e9clar\u00e9 vapoter moins et plus de 20 % auraient cess\u00e9 sans reprendre la cigarette classique.<\/p>\n<p style=\"text-align: justify\">Toutefois, il souligne qu\u2019aux Pays-Bas, des produits aromatis\u00e9s ill\u00e9gaux continuent de circuler, comme <a href=\"https:\/\/www.generationsanstabac.org\/fr\/actualites\/pays-bas-snapchat-mis-en-cause-pour-ventes-illegales-de-vapes-aux-mineurs\/\">sur les r\u00e9seaux sociaux comme Snapchat o\u00f9 ils sont \u00e0 port\u00e9e de clients mineurs<\/a>, ce qui souligne la n\u00e9cessit\u00e9 d\u2019une application rigoureuse de toute future interdiction et la prise en compte des modalit\u00e9s de vente au d\u00e9tail pour rendre cette disposition pleinement effective. Aucune date d\u2019entr\u00e9e en vigueur n\u2019a pour l\u2019instant \u00e9t\u00e9 annonc\u00e9e en ce qui concerne la Belgique, mais le ministre souhaite avancer rapidement.<\/p>\n<h2 style=\"text-align: justify\">Une d\u00e9cision ancr\u00e9e dans un contexte de lutte antitabac et de d\u00e9pendance \u00e0 la nicotine plus vaste<\/h2>\n<p style=\"text-align: justify\">Ce projet s\u2019inscrit dans une s\u00e9rie de mesures d\u00e9j\u00e0 prises par le gouvernement au cours des cinq derni\u00e8res ann\u00e9es qui ont en vue la protection des jeunes. Ainsi, le gouvernement belge a introduit en 2023 un ensemble de mesures concernant sp\u00e9cifiquement les produits du vapotage dont l\u2019interdiction des designs et slogans \u00ab\u00a0tape-\u00e0-l&rsquo;\u0153il\u00a0\u00bb<a href=\"#_ftn3\" name=\"_ftnref3\">[3]<\/a>, et interdit les cigarettes \u00e9lectroniques jetables ou \u00ab puffs\u00a0\u00bb depuis le 1<sup>er<\/sup>\u00a0janvier 2025. D\u2019autres dispositions concernent l\u2019ensemble des produits du tabac et autres produits \u00e0 la nicotine non th\u00e9rapeutiques comme la suppression de l\u2019\u00e9talage des produits dans les lieux de vente depuis le 1<sup>er<\/sup> avril 2025. Enfin, est pr\u00e9vue l\u2019interdiction de\u00a0<a href=\"https:\/\/www.generationsanstabac.org\/fr\/actualites\/en-belgique-il-sera-interdit-de-fumer-et-vapoter-sur-les-terrasses-a-partir-de-2027\/\">fumer et vapoter en terrasse \u00e0 partir de 2027<\/a>.<\/p>\n<p style=\"text-align: justify\">La Belgique, \u00e0 travers sa \u00ab\u00a0Strat\u00e9gie interf\u00e9d\u00e9rale 2022-2028 pour une g\u00e9n\u00e9ration sans tabac\u00a0\u00bb, s\u2019est fix\u00e9e un objectif de consommation quotidienne \u00e0 moins de 6 % chez les 15-24 ans d\u2019ici 2028, avant d\u2019atteindre presque 0 % de nouveaux fumeurs d\u2019ici 2040. D\u2019apr\u00e8s Tobacco Atlas, 22,9 % des Belges de 15 ans et plus et 3,9 % des Belges de 10-14 ans fumaient en 2022, le tabagisme causant en tout 11,2 % des d\u00e9c\u00e8s nationaux.<\/p>\n<p style=\"text-align: justify\">Si l\u2019Alliance pour une soci\u00e9t\u00e9 sans tabac a pu regretter <a href=\"https:\/\/www.generationsanstabac.org\/fr\/actualites\/en-belgique-une-etude-trouve-peu-credible-une-generation-sans-tabac-dici-2040\/\">l\u2019absence de dispositions plus ambitieuses par manque de consensus transpartisan<\/a>, le ministre a affirm\u00e9 qu\u2019il n\u2019y avait pas, selon lui, de futur pour l\u2019industrie du tabac en Belgique.<\/p>\n<p style=\"text-align: justify\">Frank Vandenbroucke est d\u2019ailleurs pr\u00e9sent \u00e0 11<sup>e<\/sup> session de <a href=\"https:\/\/www.generationsanstabac.org\/fr\/actualites\/cop11-a-geneve-une-opportunite-pour-faire-avancer-la-lutte-antitabac-dans-le-monde\/\">la COP de la CCLAT qui se tient du 17 au 22 novembre \u00e0 Gen\u00e8ve<\/a>. Cette derni\u00e8re doit tout particuli\u00e8rement aborder de nouvelles dispositions en vue d\u2019une g\u00e9n\u00e9ration sans tabac et plus particuli\u00e8rement lutter contre le d\u00e9sastre environnemental des produits du tabac.<\/p>\n<p style=\"text-align: justify\"><strong style=\"text-align: justify\"><a href=\"https:\/\/www.generationsanstabac.org\/\">\u00a9G\u00e9n\u00e9ration Sans Tabac<\/a><\/strong><\/p>\n<p style=\"text-align: right\"><em><strong>AD<\/strong><\/em><\/p>\n<hr \/>\n<p style=\"text-align: justify\"><a href=\"#_ftnref1\" name=\"_ftn1\">[1]<\/a>Belga News Agency, <a href=\"https:\/\/www.belganewsagency.eu\/belgium-plans-major-vape-flavour-ban-to-protect-young-people\">Health minister plans major vape flavour ban to protect young people<\/a>, publi\u00e9 le 19 novembre 2025, consult\u00e9 le m\u00eame jour<\/p>\n<p style=\"text-align: justify\"><a href=\"#_ftnref2\" name=\"_ftn2\">[2]<\/a>RTL Info, <a href=\"https:\/\/www.rtl.be\/actu\/belgique\/societe\/frank-vandenbroucke-veut-interdire-tous-les-aromes-de-vape-en-belgique-sauf-un\/2025-11-19\/article\/770899\u00f9\">Frank Vandenbroucke veut interdire tous les ar\u00f4mes de vape en Belgique\u2026 sauf un\u00a0: \u00ab\u00a0Une invention d\u2019une industrie criminelle\u00a0\u00bb<\/a>, publi\u00e9 le 19 novembre 2025, consult\u00e9 le m\u00eame jour<\/p>\n<p style=\"text-align: justify\"><a href=\"#_ftnref3\" name=\"_ftn3\">[3]<\/a>G\u00e9n\u00e9ration sans tabac, <a href=\"https:\/\/www.generationsanstabac.org\/fr\/actualites\/belgique-la-moitie-des-detaillants-de-vapotage-vendent-des-produits-illicites\/\">Belgique : la moiti\u00e9 des d\u00e9taillants de vapotage vendent des produits illicites<\/a>, publi\u00e9 le 13 janvier 2025, consult\u00e9 le 19 novembre 2025<\/p>\n<p style=\"text-align: justify\"><strong style=\"color: #999999\"><a style=\"color: #999999\" href=\"http:\/\/www.cnct.fr\/\" target=\"_blank\" rel=\"noopener noreferrer\">Comit\u00e9 national contre le tabagisme |<\/a><\/strong><\/p>\n","protected":false},"excerpt":{"rendered":"<p>En Belgique, le Vice-Premier Ministre et ministre de la Sant\u00e9 et des affaires sociales, Frank Vandenbroucke, souhaite interdire l\u2019ensemble des ar\u00f4mes de cigarettes \u00e9lectroniques, \u00e0 l\u2019exception de l\u2019ar\u00f4me tabac. Cette proposition s\u2019appuie sur un nouveau rapport du Conseil sup\u00e9rieur de la Sant\u00e9 et vise tant \u00e0 limiter l\u2019attrait des produits de vapotage pour les jeunes qu\u2019\u00e0 pr\u00e9venir l\u2019initiation \u00e0 la nicotine.<\/p>\n","protected":false},"featured_media":25517,"template":"","tags":[],"thematique":[491],"class_list":["post-25514","actualites","type-actualites","status-publish","has-post-thumbnail","hentry","thematique-politiques-publiques"],"acf":[],"_links":{"self":[{"href":"https:\/\/www.generationsanstabac.org\/fr\/wp-json\/wp\/v2\/actualites\/25514","targetHints":{"allow":["GET"]}}],"collection":[{"href":"https:\/\/www.generationsanstabac.org\/fr\/wp-json\/wp\/v2\/actualites"}],"about":[{"href":"https:\/\/www.generationsanstabac.org\/fr\/wp-json\/wp\/v2\/types\/actualites"}],"version-history":[{"count":1,"href":"https:\/\/www.generationsanstabac.org\/fr\/wp-json\/wp\/v2\/actualites\/25514\/revisions"}],"predecessor-version":[{"id":25518,"href":"https:\/\/www.generationsanstabac.org\/fr\/wp-json\/wp\/v2\/actualites\/25514\/revisions\/25518"}],"wp:featuredmedia":[{"embeddable":true,"href":"https:\/\/www.generationsanstabac.org\/fr\/wp-json\/wp\/v2\/media\/25517"}],"wp:attachment":[{"href":"https:\/\/www.generationsanstabac.org\/fr\/wp-json\/wp\/v2\/media?parent=25514"}],"wp:term":[{"taxonomy":"post_tag","embeddable":true,"href":"https:\/\/www.generationsanstabac.org\/fr\/wp-json\/wp\/v2\/tags?post=25514"},{"taxonomy":"thematique","embeddable":true,"href":"https:\/\/www.generationsanstabac.org\/fr\/wp-json\/wp\/v2\/thematique?post=25514"}],"curies":[{"name":"wp","href":"https:\/\/api.w.org\/{rel}","templated":true}]}}