{"id":25438,"date":"2025-11-17T07:00:29","date_gmt":"2025-11-17T06:00:29","guid":{"rendered":"https:\/\/www.generationsanstabac.org\/?post_type=actualites&#038;p=25438"},"modified":"2025-11-14T11:26:30","modified_gmt":"2025-11-14T10:26:30","slug":"un-expert-en-nicotine-influent-au-coeur-dun-debat-sur-ses-liens-avec-lindustrie-du-vapotage","status":"publish","type":"actualites","link":"https:\/\/www.generationsanstabac.org\/fr\/actualites\/un-expert-en-nicotine-influent-au-coeur-dun-debat-sur-ses-liens-avec-lindustrie-du-vapotage\/","title":{"rendered":"Un expert en nicotine influent au c\u0153ur d\u2019un d\u00e9bat sur ses liens avec l\u2019industrie du vapotage"},"content":{"rendered":"<p style=\"text-align: justify\"><em>Le cardiologue grec Konstantinos Farsalinos, affili\u00e9 \u00e0 l\u2019universit\u00e9 de Patras et \u00e0 celle de l\u2019Attique occidentale, est pr\u00e9sent\u00e9 au grand public comme un sp\u00e9cialiste de la nicotine et de la \u00ab\u00a0r\u00e9duction des risques\u00a0\u00bb li\u00e9s au tabac. Selon une enqu\u00eate men\u00e9e par Le Monde, The Examination et Reporters United, il aurait per\u00e7u des financements d\u2019au moins 7 000 \u20ac<\/em><em> de la part du fabricant am\u00e9ricain Juul Labs en 2018, via une soci\u00e9t\u00e9 chypriote dont il est co-propri\u00e9taire.<\/em><\/p>\n<p style=\"text-align: justify\"><em>Le paiement \u00e9tait li\u00e9 \u00e0 sa participation \u00e0 une r\u00e9union du minist\u00e8re isra\u00e9lien de la Sant\u00e9, au cours de laquelle il a plaid\u00e9 contre une interdiction des cigarettes \u00e9lectroniques \u00e0 forte teneur en nicotine. Farsalinos s\u2019y \u00e9tait pr\u00e9sent\u00e9 comme un expert ind\u00e9pendant, bien que son d\u00e9placement et son s\u00e9jour aient \u00e9t\u00e9 notamment pris en charge par Juul<a href=\"#_ftn1\" name=\"_ftnref1\"><strong>[1]<\/strong><\/a>.<\/em><\/p>\n<h2 style=\"text-align: justify\">Une r\u00e9mun\u00e9ration contest\u00e9e et non d\u00e9clar\u00e9e<\/h2>\n<p style=\"text-align: justify\">En juin 2018, un cadre de Juul a invit\u00e9 Konstantinos Farsalinos \u00e0 se rendre \u00e0 une audition au minist\u00e8re de la sant\u00e9 \u00e0 J\u00e9rusalem, pr\u00e9vue le 5 juillet 2018, afin de plaider contre le projet d\u2019interdiction des cigarettes \u00e9lectroniques dont la concentration en nicotine \u00e9tait de 59 mg\/ml. Le m\u00e9decin a alors demand\u00e9 \u00e0 Juul de r\u00e9diger un \u00ab <em>bref contrat de consultant <\/em>\u00bb et a r\u00e9clam\u00e9 des \u00ab <em>honoraires<\/em> \u00bb de 7 000 \u20ac, ainsi qu\u2019un vol en classe affaires et la couverture de ses frais d\u2019h\u00f4tel<a href=\"#_ftn2\" name=\"_ftnref2\">[2]<\/a>.<\/p>\n<p style=\"text-align: justify\">Lors de cette audition en la pr\u00e9sence du cofondateur et directeur technique de Juul, Adam Bowen, et de membres du personnel de la division des affaires scientifiques et de la filiale isra\u00e9lienne de l&rsquo;entreprise, Farsalinos s\u2019est pr\u00e9sent\u00e9 comme un expert ind\u00e9pendant de l\u2019entreprise Juul.<\/p>\n<p style=\"text-align: justify\">Les documents \u00e0 l\u2019origine de ces r\u00e9v\u00e9lations proviennent du centre des archives de l\u2019Universit\u00e9 de droit de l\u2019Universit\u00e9 de Californie \u00e0 San Francisco. Les documents internes de fabricants, poursuivis en justice, ont \u00e9t\u00e9 vers\u00e9s \u00e0 ce fonds documentaire. Ils montrent que Juul a r\u00e9gl\u00e9 cette somme \u00e0 Farsalinos via la soci\u00e9t\u00e9 Merescon Limited, bas\u00e9e \u00e0 Chypre, et qui propose selon son site internet des \u00ab <em>services en mati\u00e8re de recherche et de conseil m\u00e9dicaux<\/em> \u00bb, dot\u00e9e d\u2019une \u00ab <em>expertise de recherche en sant\u00e9 publique<\/em> \u00bb. Cette soci\u00e9t\u00e9 est cod\u00e9tenue par Sophia Iliopoulou, ex-compagne de Farsalinos et journaliste de t\u00e9l\u00e9vision grecque qui anime sa propre \u00e9mission de sant\u00e9.<\/p>\n<p style=\"text-align: justify\">Dans sa r\u00e9ponse aux m\u00e9dias, Farsalinos affirme que cette r\u00e9mun\u00e9ration couvrait ses frais et le temps consacr\u00e9 au d\u00e9placement, et qu\u2019il n\u2019a jamais repr\u00e9sent\u00e9 Juul ni men\u00e9 de recherche sur ses produits. Il conteste tout conflit d\u2019int\u00e9r\u00eats, assurant que sa soci\u00e9t\u00e9 respecte la l\u00e9gislation et que ses activit\u00e9s commerciales sont distinctes de son travail scientifique.<\/p>\n<p style=\"text-align: justify\">Cependant, cette r\u00e9mun\u00e9ration n\u2019a pas \u00e9t\u00e9 mentionn\u00e9e dans les 18 articles scientifiques qu\u2019il a publi\u00e9s dans les trois ann\u00e9es suivantes et qui concernaient pr\u00e9cis\u00e9ment les produits du vapotage, en contradiction avec les r\u00e8gles de transparence acad\u00e9mique. \u00c0 la suite de ces r\u00e9v\u00e9lations, plusieurs \u00e9diteurs scientifiques (Elsevier, Springer Nature, MDPI) ont ouvert des enqu\u00eates internes.<\/p>\n<h2 style=\"text-align: justify\">Des affiliations universitaires remises en question<\/h2>\n<p style=\"text-align: justify\">Les universit\u00e9s grecques auxquelles M. Farsalinos se dit rattach\u00e9 ont, de leur c\u00f4t\u00e9, contest\u00e9 son statut. L\u2019universit\u00e9 de l\u2019Attique occidentale pr\u00e9cise qu\u2019il n\u2019est ni membre du personnel acad\u00e9mique, ni chercheur sous contrat. \u00c0 Patras, il est enregistr\u00e9 comme doctorant depuis onze ans, sans financement ni participation active \u00e0 des projets de recherche.<\/p>\n<p style=\"text-align: justify\">Cette controverse relance le d\u00e9bat sur la transparence et l\u2019int\u00e9grit\u00e9 scientifique dans le domaine des \u00e9tudes sur le vapotage, \u00e0 un moment o\u00f9 les discussions sur la fiscalit\u00e9 et la r\u00e9glementation des produits nicotiniques se multiplient au sein de l\u2019Union europ\u00e9enne. Il y a quelques semaines \u00e9tait diffus\u00e9e l\u2019information concernant un plan d\u2019actions de grande ampleur propos\u00e9 par l\u2019OMS au niveau de l\u2019Union Europ\u00e9enne, visant \u00e0 renforcer la lutte contre le tabac et les nouveaux produits. Cette r\u00e9v\u00e9lation sur les scientifiques pay\u00e9s par les fabricants de produits du vapotage sans qu\u2019ils en fassent mention, et qui usent de leur aura scientifique pour influencer les politiques publiques, intervient \u00e9galement \u00e0 quelques jours de la tenue de la 11e session de la Conf\u00e9rence des Parties (COP11) au trait\u00e9 de l\u2019OMS, la Convention-cadre pour la lutte antitabac (CCLAT), appel\u00e9e \u00e0 r\u00e9glementer ces produits.<\/p>\n<h2 style=\"text-align: justify\">Un contexte marqu\u00e9 par l\u2019influence de l\u2019industrie et la controverse scientifique<\/h2>\n<p style=\"text-align: justify\">Farsalinos s\u2019affiche comme un soutien \u00e0 la politique de la \u00ab\u00a0r\u00e9duction des risques\u00a0\u00bb, une approche qui encourage les fumeurs \u00e0 passer \u00e0 des produits alternatifs contenant de la nicotine, tels que les cigarettes \u00e9lectroniques. Il a r\u00e9dig\u00e9 plus d\u2019une centaine d\u2019\u00e9tudes acad\u00e9miques pour en faire la promotion.<\/p>\n<p style=\"text-align: justify\">Selon l\u2019enqu\u00eate des journalistes du Monde et de The Examination, il aurait d\u00e9j\u00e0 \u00e9t\u00e9 en 2014 en pourparlers avec le fabricant de tabac JTI \u00e0 l\u2019origine du produit hybride \u00ab\u00a0Ploom\u00a0\u00bb pour cr\u00e9er une \u00ab <em>soci\u00e9t\u00e9 scientifique<\/em>\u00a0\u00bb contre un apport de 50 000 \u20ac de la firme. En mars 2018, Juul l\u2019aurait contact\u00e9 pour lui proposer un emploi. En 2020, il publiait une \u00e9tude, non soumise \u00e0 la r\u00e9vision de ses pairs, sugg\u00e9rant\u00a0que la nicotine pourrait prot\u00e9ger contre les formes graves de COVID-19, en d\u00e9pit de preuves scientifiques contraires.<\/p>\n<p style=\"text-align: justify\">En septembre 2025, il \u00e9tait \u00e0 l\u2019initiative d\u2019un groupe de 83 experts en sant\u00e9 publique et partisans de la r\u00e9duction des risques, qui dans une lettre \u00e0 l\u2019intention de la pr\u00e9sidente de la Commission europ\u00e9enne, Ursula von der Leyen, l\u2019ont incit\u00e9e \u00e0 reconsid\u00e9rer son projet de taxation des cigarettes \u00e9lectroniques, du tabac chauff\u00e9 et des sachets de nicotine. Dans un \u00e9change de mails onze ans plus t\u00f4t et retrouv\u00e9 r\u00e9cemment, il a \u00e9t\u00e9 prouv\u00e9 que cette strat\u00e9gie \u00e9tait inspir\u00e9e par Juul, qui conseillait de m\u00ealer de nombreux experts de sant\u00e9 de diff\u00e9rents horizons align\u00e9s sur des pr\u00e9occupations sanitaires, afin de faire appara\u00eetre le vapotage comme une solution neutre de \u00ab r\u00e9duction des risques \u00bb puis de l\u2019\u00e9largir \u00e0 un vaste march\u00e9.<\/p>\n<p style=\"text-align: justify\">Le concept de \u00ab\u00a0r\u00e9duction des risques\u00a0\u00bb dans le domaine des produits du tabac n\u2019a jamais \u00e9t\u00e9 d\u00e9montr\u00e9, tous les produits du tabac \u00e9tant toxiques. L\u2019industrie du tabac utilise et instrumentalise ce concept en lien avec sa strat\u00e9gie de mise sur le march\u00e9 de nouveaux produits, du tabac et de la nicotine, pr\u00e9sent\u00e9s comme des alternatives plus sures au tabagisme classique. Cependant, tout son marketing vise un public jeune avec un glissement du positionnement de l\u2019industrie du tabac stricto sensu \u00e0 l\u2019industrie de la nicotine. Cette strat\u00e9gie fonctionne et l\u2019OMS a alert\u00e9 sur le nombre important de jeunes dans le monde tomb\u00e9s dans la d\u00e9pendance de ces nouveaux produits. L\u2019agence onusienne \u00e9value ainsi \u00e0 15 millions le nombre d\u2019adolescents de 13 \u00e0 15 ans utilisant la cigarette \u00e9lectronique dans le monde.<\/p>\n<p style=\"text-align: justify\">De fait, ces liens financiers compromettent la cr\u00e9dibilit\u00e9 de la recherche dans un domaine o\u00f9 les enjeux \u00e9conomiques sont consid\u00e9rables. Robert N. Proctor, professeur d\u2019histoire des sciences \u00e0 l\u2019universit\u00e9 Stanford, estime qu\u2019il est impossible de \u00ab <em>pr\u00e9server son ind\u00e9pendance<\/em> \u00bb en acceptant de l\u2019argent de l\u2019industrie du tabac ou du vapotage. Cette r\u00e9v\u00e9lation souligne, selon les acteurs de sant\u00e9, la n\u00e9cessit\u00e9 absolue d\u2019une plus grande transparence et v\u00e9rification des possibles liens d\u2019int\u00e9r\u00eats entre scientifiques et structures se positionnant sur ces sujets.<\/p>\n<p style=\"text-align: justify\"><strong style=\"text-align: justify\"><a href=\"https:\/\/www.generationsanstabac.org\/\">\u00a9G\u00e9n\u00e9ration Sans Tabac<\/a><\/strong><\/p>\n<p style=\"text-align: right\"><em><strong>AD<\/strong><\/em><\/p>\n<hr \/>\n<p style=\"text-align: justify\"><a href=\"#_ftnref1\" name=\"_ftn1\">[1]<\/a>Matthew Chapman<em>, <\/em>St\u00e9phane Horel, Eurydice Bersi, <a href=\"https:\/\/www.theexamination.org\/articles\/juul-paid-nicotine-expert-to-lobby-israel-against-vape-ban\">\u2018Independent\u2019 expert who helped shape global vaping debate was paid thousands by Juul<\/a>, The Examination, publi\u00e9 le 11 novembre 2025, consult\u00e9 le 12 novembre 2025<\/p>\n<p style=\"text-align: justify\"><a href=\"#_ftnref2\" name=\"_ftn2\">[2]<\/a>Matthew Chapman<em>, <\/em>St\u00e9phane Horel, Eurydice Bersi, <a href=\"https:\/\/www.lemonde.fr\/les-decodeurs\/article\/2025\/11\/11\/vapotage-enquete-sur-l-expert-secret-du-lobby-de-la-nicotine_6652984_4355770.html\">Un influent cardiologue, sp\u00e9cialiste de la nicotine, a re\u00e7u des milliers d\u2019euros de l\u2019industrie du vapotage<\/a>, Le Monde, publi\u00e9 le 11 novembre 2025, consult\u00e9 le 12 novembre 2025<\/p>\n<p style=\"text-align: justify\"><strong style=\"color: #999999\"><a style=\"color: #999999\" href=\"http:\/\/www.cnct.fr\/\" target=\"_blank\" rel=\"noopener noreferrer\">Comit\u00e9 national contre le tabagisme |<\/a><\/strong><\/p>\n","protected":false},"excerpt":{"rendered":"<p>Le cardiologue grec Konstantinos Farsalinos, affili\u00e9 \u00e0 l\u2019universit\u00e9 de Patras et \u00e0 celle de l\u2019Attique occidentale, est pr\u00e9sent\u00e9 au grand public comme un sp\u00e9cialiste de la nicotine et de la \u00ab\u00a0r\u00e9duction des risques\u00a0\u00bb li\u00e9s au tabac. Selon une enqu\u00eate men\u00e9e par Le Monde, The Examination et Reporters United, il aurait per\u00e7u des financements d\u2019au moins 7 000 \u20ac de la part du fabricant am\u00e9ricain Juul Labs en 2018, via une soci\u00e9t\u00e9 chypriote dont il est co-propri\u00e9taire. Le paiement \u00e9tait li\u00e9 \u00e0 sa participation \u00e0 une r\u00e9union du minist\u00e8re isra\u00e9lien de la Sant\u00e9, au cours de laquelle il a plaid\u00e9 contre une interdiction des cigarettes \u00e9lectroniques \u00e0 forte teneur en nicotine. Farsalinos s\u2019y \u00e9tait pr\u00e9sent\u00e9 comme un expert ind\u00e9pendant, bien que son d\u00e9placement et son s\u00e9jour aient \u00e9t\u00e9 notamment pris en charge par Juul.<\/p>\n","protected":false},"featured_media":25442,"template":"","tags":[],"thematique":[499],"class_list":["post-25438","actualites","type-actualites","status-publish","has-post-thumbnail","hentry","thematique-lobby"],"acf":[],"_links":{"self":[{"href":"https:\/\/www.generationsanstabac.org\/fr\/wp-json\/wp\/v2\/actualites\/25438","targetHints":{"allow":["GET"]}}],"collection":[{"href":"https:\/\/www.generationsanstabac.org\/fr\/wp-json\/wp\/v2\/actualites"}],"about":[{"href":"https:\/\/www.generationsanstabac.org\/fr\/wp-json\/wp\/v2\/types\/actualites"}],"version-history":[{"count":5,"href":"https:\/\/www.generationsanstabac.org\/fr\/wp-json\/wp\/v2\/actualites\/25438\/revisions"}],"predecessor-version":[{"id":25450,"href":"https:\/\/www.generationsanstabac.org\/fr\/wp-json\/wp\/v2\/actualites\/25438\/revisions\/25450"}],"wp:featuredmedia":[{"embeddable":true,"href":"https:\/\/www.generationsanstabac.org\/fr\/wp-json\/wp\/v2\/media\/25442"}],"wp:attachment":[{"href":"https:\/\/www.generationsanstabac.org\/fr\/wp-json\/wp\/v2\/media?parent=25438"}],"wp:term":[{"taxonomy":"post_tag","embeddable":true,"href":"https:\/\/www.generationsanstabac.org\/fr\/wp-json\/wp\/v2\/tags?post=25438"},{"taxonomy":"thematique","embeddable":true,"href":"https:\/\/www.generationsanstabac.org\/fr\/wp-json\/wp\/v2\/thematique?post=25438"}],"curies":[{"name":"wp","href":"https:\/\/api.w.org\/{rel}","templated":true}]}}