{"id":25376,"date":"2025-11-05T07:00:08","date_gmt":"2025-11-05T06:00:08","guid":{"rendered":"https:\/\/www.generationsanstabac.org\/?post_type=actualites&#038;p=25376"},"modified":"2025-11-03T20:43:26","modified_gmt":"2025-11-03T19:43:26","slug":"les-maldives-interdisent-le-tabac-et-le-vapotage-a-toute-personne-nee-apres-2007","status":"publish","type":"actualites","link":"https:\/\/www.generationsanstabac.org\/fr\/actualites\/les-maldives-interdisent-le-tabac-et-le-vapotage-a-toute-personne-nee-apres-2007\/","title":{"rendered":"Les Maldives interdisent le tabac et le vapotage \u00e0 toute personne n\u00e9e apr\u00e8s 2007"},"content":{"rendered":"<p style=\"text-align: justify\"><em>Depuis le 1<sup>er<\/sup> novembre 2025, les Maldives ont mis en application une interdiction totale de fumer pour toute personne n\u00e9e apr\u00e8s le 1<sup>er<\/sup> janvier 2007. Ce dispositif, initi\u00e9 par le pr\u00e9sident Mohamed Muizzu, <\/em><em>s\u2019inscrit dans une grande campagne antitabac pour \u00ab prot\u00e9ger la sant\u00e9 publique \u00bb notamment en promouvant \u00ab une g\u00e9n\u00e9ration sans tabac \u00bb.<\/em><\/p>\n<h2 style=\"text-align: justify\">Un cadre r\u00e9glementaire strict qui s\u2019\u00e9tend aussi au vapotage<\/h2>\n<p style=\"text-align: justify\">L\u2019interdiction g\u00e9n\u00e9rationnelle du tabac <a href=\"https:\/\/www.generationsanstabac.org\/fr\/actualites\/maldives-vers-une-interdiction-generationnelle-du-tabac-pour-les-personnes-nees-apres-2006\/\">d\u00e9cid\u00e9e par le Conseil des ministres maldivien le 13 avril 2025<\/a> est entr\u00e9e en vigueur, conform\u00e9ment \u00e0 la ratification, le 21 mai 2025, du deuxi\u00e8me amendement \u00e0 la loi n\u00b015\/2010 relative \u00e0 la lutte antitabac.<em>\u00a0<\/em>D\u00e9sormais, les personnes concern\u00e9es par l\u2019interdiction g\u00e9n\u00e9rationnelle ne peuvent ni acheter, ni consommer, ni se voir vendre des produits du tabac. Les d\u00e9taillants doivent v\u00e9rifier l\u2019\u00e2ge des acheteurs sous peine de sanctions<a href=\"#_ftn1\" name=\"_ftnref1\">[1]<\/a>.<\/p>\n<p style=\"text-align: justify\">L\u2019interdiction s\u2019\u00e9tend aussi \u00e0 la vente de produits en ligne, via des distributeurs ou des livreurs, pr\u00e9cise le Sun Online<a href=\"#_ftn2\" name=\"_ftnref2\">[2]<\/a>.<\/p>\n<p style=\"text-align: justify\">L\u2019interdiction couvre toutes les formes de tabac et s\u2019applique \u00e9galement aux visiteurs \u00e9trangers de cet archipel sud-asiatique de 1 191 \u00eelots coralliens, dispers\u00e9s sur environ 800 km de part et d&rsquo;autre de l&rsquo;\u00e9quateur, et r\u00e9put\u00e9 pour son tourisme de luxe.<\/p>\n<p style=\"text-align: justify\">Les Maldives maintiennent par ailleurs une interdiction totale de l\u2019importation, de la vente, de la distribution, de la possession et de l\u2019usage des cigarettes \u00e9lectroniques et e-liquides, quel que soit l\u2019\u00e2ge des utilisateurs, interdiction en vigueur depuis le 15 d\u00e9cembre 2024.<\/p>\n<p style=\"text-align: justify\">Les contrevenants s\u2019exposent \u00e0 des amendes allant jusqu\u2019\u00e0 50 000 rufiyaa (environ 2 800 \u20ac) pour la vente de tabac \u00e0 un mineur et 5 000 rufiyaa (283 \u20ac) pour l\u2019usage d\u2019une cigarette \u00e9lectronique.<\/p>\n<h2 style=\"text-align: justify\">Une mesure dans la continuit\u00e9 d\u2019une large campagne antitabac, salu\u00e9e par l\u2019OMS<\/h2>\n<p style=\"text-align: justify\">Avec cette d\u00e9cision, les Maldives deviennent le premier pays \u00e0 appliquer concr\u00e8tement une interdiction g\u00e9n\u00e9rationnelle du tabac.<\/p>\n<p style=\"text-align: justify\">En mai 2025, Mohamed Muizzu\u00a0avait d\u00e9j\u00e0 re\u00e7u un prix sp\u00e9cial lors de la Journ\u00e9e mondiale sans tabac, remis par l\u2019Organisation mondiale de la Sant\u00e9 (OMS), pour ses efforts dans la lutte contre le tabac. Ce sujet de sant\u00e9 publique est consid\u00e9r\u00e9 comme une priorit\u00e9 dans ce pays o\u00f9, en 2021, une enqu\u00eate nationale r\u00e9v\u00e9lait que 25,7 % des adultes \u00e2g\u00e9s de 15 \u00e0 69 ans consomment du tabac, tandis que la pr\u00e9valence tabagique chez les adolescents \u00e2g\u00e9s de 13 \u00e0 15 ans \u00e9tait de 45,7 %.<\/p>\n<p style=\"text-align: justify\">L\u2019OMS d\u00e9clarait alors que \u00ab <em>sous la direction du pr\u00e9sident Muizzu, les Maldives ont r\u00e9alis\u00e9 des progr\u00e8s consid\u00e9rables dans la lutte antitabac gr\u00e2ce \u00e0 une s\u00e9rie de r\u00e9formes politiques majeures. Parmi celles-ci figurent la ratification d\u2019un amendement important \u00e0 la loi sur la lutte antitabac, l\u2019extension des espaces sans tabac \u00e0 travers le pays et l\u2019interdiction des cigarettes \u00e9lectroniques, des e-liquides et autres produits nicotin\u00e9s \u00e9mergents.<\/em> \u00bb.<\/p>\n<p style=\"text-align: justify\">L\u2019organisme onusien ajoutait que \u00ab <em>le gouvernement a \u00e9galement relev\u00e9 l\u2019\u00e2ge l\u00e9gal pour l\u2019achat de tabac \u00e0 21 ans [en novembre 2024], interdit toute forme de publicit\u00e9 et de parrainage pour le tabac, instaur\u00e9 une taxation plus \u00e9lev\u00e9e des produits du tabac afin de les rendre moins accessibles et mis en place un programme national de sevrage tabagique offrant des services de soutien gratuits dans tous les \u00e9tablissements de sant\u00e9 \u00bb, <\/em>citant les Maldives comme un \u00ab exemple \u00e9loquent \u00bb pour<em> \u00ab les autres pays cherchant \u00e0 freiner la consommation de tabac et \u00e0 att\u00e9nuer ses effets d\u00e9vastateurs sur la sant\u00e9.<\/em> \u00bb.<\/p>\n<p style=\"text-align: justify\">Les autorit\u00e9s maldiviennes esp\u00e8rent d\u00e9sormais r\u00e9duire le tabagisme dans tout l&rsquo;archipel, gr\u00e2ce notamment \u00e0 des projets de mise en place\u00a0de cliniques antitabac, proposant des prises en charge des fumeurs dans l\u2019arr\u00eat du tabac, incluant un dispositif de r\u00e9compense financi\u00e8re aux habitants des \u00eeles qui parviennent \u00e0 cesser compl\u00e8tement de consommer du tabac<a href=\"#_ftn3\" name=\"_ftnref3\">[3]<\/a>.<\/p>\n<p style=\"text-align: justify\">Si les Maldives sont \u00e0 l\u2019heure actuelle le seul pays asiatique \u00e0 avoir pris la voie d\u2019une g\u00e9n\u00e9ration sans tabac, certains pays se sont montr\u00e9s favorables \u00e0 l\u2019interdiction totale du vapotage, comme cela a d\u00e9j\u00e0 \u00e9t\u00e9 d\u00e9cid\u00e9 \u00e0 Singapour et <a href=\"https:\/\/www.generationsanstabac.org\/fr\/actualites\/le-ministere-de-la-sante-malaisien-vise-linterdiction-de-la-cigarette-electronique-dici-mi-2026\/\">devrait l\u2019\u00eatre mi-2026 en Malaisie<\/a>.<\/p>\n<p style=\"text-align: justify\">Des initiatives similaires d\u2019interdiction g\u00e9n\u00e9rationnelle du tabac sont en cours d\u2019adoption ou \u00e0 l\u2019\u00e9tude dans d\u2019autres r\u00e9gions du monde comme en Belgique, au Royaume-Uni et dans certains \u00c9tats am\u00e9ricains, tandis que la Nouvelle-Z\u00e9lande, pionni\u00e8re en la mati\u00e8re, a suspendu sa loi en 2023, moins d\u2019un an apr\u00e8s son adoption, apr\u00e8s l\u2019\u00e9lection d\u2019une coalition conservatrice au pouvoir <a href=\"https:\/\/www.generationsanstabac.org\/fr\/actualites\/nouvelle-zelande-le-parti-travailliste-demande-la-demission-de-la-ministre-costello-liee-a-lindustrie-du-tabac\/\">dont la ministre de la Sant\u00e9 est proche de l\u2019industrie du tabac<\/a>.<\/p>\n<p style=\"text-align: justify\"><strong style=\"text-align: justify\"><a href=\"https:\/\/www.generationsanstabac.org\/\">\u00a9G\u00e9n\u00e9ration Sans Tabac<\/a><\/strong><\/p>\n<p style=\"text-align: right\"><em><strong>AD<\/strong><\/em><\/p>\n<hr \/>\n<p style=\"text-align: justify\"><a href=\"#_ftnref1\" name=\"_ftn1\">[1]<\/a>S.A avec AFP, <a href=\"https:\/\/www.bfmtv.com\/international\/asie\/les-maldives-interdisent-le-tabac-aux-personnes-nees-apres-janvier-2007-une-premiere-mondiale_AD-202511020153.html\">Les Maldives interdisent le tabac aux personnes n\u00e9es apr\u00e8s janvier 2007, une premi\u00e8re mondiale<\/a>, BFMTV, publi\u00e9 le 2 novembre 2025, consult\u00e9 le 3 novembre 2025<\/p>\n<p style=\"text-align: justify\"><a href=\"#_ftnref2\" name=\"_ftn2\">[2]<\/a>Le Parisien, <a href=\"https:\/\/www.leparisien.fr\/international\/un-exemple-eloquent-les-maldives-interdisent-le-tabac-aux-personnes-nees-apres-le-1er-janvier-2007-02-11-2025-TWLCFFSEBNEN7PB4UCDI5PBMDA.php\">Un \u00ab\u00a0exemple \u00e9loquent\u00a0\u00bb\u00a0: les Maldives interdisent le tabac aux personnes n\u00e9es apr\u00e8s le 1er\u00a0janvier 2007<\/a>, publi\u00e9 le 2 novembre 2025, consult\u00e9 le 3 novembre 2025<\/p>\n<p style=\"text-align: justify\"><a href=\"#_ftnref3\" name=\"_ftn3\">[3]<\/a>Jessie Yeung, <a href=\"https:\/\/edition.cnn.com\/2025\/11\/02\/asia\/maldives-generational-smoking-ban-intl-hnk\">Maldives just made it illegal for some generations to smoke<\/a>, CNN, publi\u00e9 le 2 novembre 2025, consult\u00e9 le 3 novembre 2025<\/p>\n<p style=\"text-align: justify\"><strong style=\"color: #999999\"><a style=\"color: #999999\" href=\"http:\/\/www.cnct.fr\/\" target=\"_blank\" rel=\"noopener noreferrer\">Comit\u00e9 national contre le tabagisme |<\/a><\/strong><\/p>\n","protected":false},"excerpt":{"rendered":"<p>Depuis le 1er novembre 2025, les Maldives ont mis en application une interdiction totale de fumer pour toute personne n\u00e9e apr\u00e8s le 1er janvier 2007. Ce dispositif, initi\u00e9 par le pr\u00e9sident Mohamed Muizzu, s\u2019inscrit dans une grande campagne antitabac pour \u00ab prot\u00e9ger la sant\u00e9 publique \u00bb notamment en promouvant \u00ab une g\u00e9n\u00e9ration sans tabac \u00bb.<\/p>\n","protected":false},"featured_media":25379,"template":"","tags":[],"thematique":[491],"class_list":["post-25376","actualites","type-actualites","status-publish","has-post-thumbnail","hentry","thematique-politiques-publiques"],"acf":[],"_links":{"self":[{"href":"https:\/\/www.generationsanstabac.org\/fr\/wp-json\/wp\/v2\/actualites\/25376","targetHints":{"allow":["GET"]}}],"collection":[{"href":"https:\/\/www.generationsanstabac.org\/fr\/wp-json\/wp\/v2\/actualites"}],"about":[{"href":"https:\/\/www.generationsanstabac.org\/fr\/wp-json\/wp\/v2\/types\/actualites"}],"version-history":[{"count":1,"href":"https:\/\/www.generationsanstabac.org\/fr\/wp-json\/wp\/v2\/actualites\/25376\/revisions"}],"predecessor-version":[{"id":25380,"href":"https:\/\/www.generationsanstabac.org\/fr\/wp-json\/wp\/v2\/actualites\/25376\/revisions\/25380"}],"wp:featuredmedia":[{"embeddable":true,"href":"https:\/\/www.generationsanstabac.org\/fr\/wp-json\/wp\/v2\/media\/25379"}],"wp:attachment":[{"href":"https:\/\/www.generationsanstabac.org\/fr\/wp-json\/wp\/v2\/media?parent=25376"}],"wp:term":[{"taxonomy":"post_tag","embeddable":true,"href":"https:\/\/www.generationsanstabac.org\/fr\/wp-json\/wp\/v2\/tags?post=25376"},{"taxonomy":"thematique","embeddable":true,"href":"https:\/\/www.generationsanstabac.org\/fr\/wp-json\/wp\/v2\/thematique?post=25376"}],"curies":[{"name":"wp","href":"https:\/\/api.w.org\/{rel}","templated":true}]}}