{"id":25296,"date":"2025-10-24T11:15:58","date_gmt":"2025-10-24T09:15:58","guid":{"rendered":"https:\/\/www.generationsanstabac.org\/?post_type=actualites&#038;p=25296"},"modified":"2025-10-24T11:20:27","modified_gmt":"2025-10-24T09:20:27","slug":"droit-de-reponse-de-norbert-neuvy-co-fondateur-de-nicotine-world-a-larticle-une-offensive-mondiale-de-desinformation-a-lapproche-de-la-cop11-publie-le-8-octobre-2","status":"publish","type":"actualites","link":"https:\/\/www.generationsanstabac.org\/fr\/actualites\/droit-de-reponse-de-norbert-neuvy-co-fondateur-de-nicotine-world-a-larticle-une-offensive-mondiale-de-desinformation-a-lapproche-de-la-cop11-publie-le-8-octobre-2\/","title":{"rendered":"Droit de r\u00e9ponse de Norbert Neuvy, co-fondateur de Nicotine World, \u00e0 l\u2019article \u201cUne offensive mondiale de d\u00e9sinformation \u00e0 l\u2019approche de la COP11\u201d publi\u00e9 le 8 octobre 2025 sur generationsanstabac.org"},"content":{"rendered":"<p style=\"text-align: justify\">\u00ab\u00a0 <i>Norbert NEUVY est l\u2019auteur de l\u2019article publi\u00e9 sur le site \u00ab Nicotine World\u00a0\u00bb dont nous mentionnions le contenu dans un article publi\u00e9 le 8 octobre 2025 sur le site de GST. S\u2019estimant mis en cause par l\u2019article \u00e0 titre personnel comme auteur et fondateur du site Nicotine World, il entend faire valoir un droit de r\u00e9ponse que nous ins\u00e9rons ci-dessous.<\/i><\/p>\n<p style=\"text-align: justify\"><i>La r\u00e9daction de GST pr\u00e9cise que Norbert NEUVY, l\u2019auteur des contenus publi\u00e9s sur le site Nicotine World, est aussi le Pr\u00e9sident de la soci\u00e9t\u00e9 NICOSWITCH, soci\u00e9t\u00e9 \u00e0 vocation commerciale anciennement d\u00e9nomm\u00e9e LIBERT\u00c9 DE FUMER (voir les statuts en lien:\u00a0<\/i><a id=\"menur2cn\" class=\"fui-Link ___1q1shib f2hkw1w f3rmtva f1ewtqcl fyind8e f1k6fduh f1w7gpdv fk6fouc fjoy568 figsok6 f1s184ao f1mk8lai fnbmjn9 f1o700av f13mvf36 f1cmlufx f9n3di6 f1ids18y f1tx3yz7 f1deo86v f1eh06m1 f1iescvh fhgqx19 f1olyrje f1p93eir f1nev41a f1h8hb77 f1lqvz6u f10aw75t fsle3fq f17ae5zn\" title=\"https:\/\/www.pappers.fr\/entreprise\/nicoswitch-511581795\" href=\"https:\/\/www.pappers.fr\/entreprise\/nicoswitch-511581795\" target=\"_blank\" rel=\"noreferrer noopener\" aria-label=\"Lien https:\/\/www.pappers.fr\/entreprise\/nicoswitch-511581795\">https:\/\/www.pappers.fr\/entreprise\/nicoswitch-511581795<\/a><i>).<\/i><\/p>\n<p style=\"text-align: justify\"><i>Or, cette soci\u00e9t\u00e9 commercialise en ligne aupr\u00e8s des consommateurs fran\u00e7ais des sachets de nicotine de plusieurs marques (dont la commercialisation est interdite \u00e0 compter du 1er avril 2026) dont la marque VELO appartenant au groupe British American Tobacco et la marque ZYN, appartenant au groupe Philip Morris, et des e-liquides. Il est donc directement int\u00e9ress\u00e9, comme pr\u00e9sident de cette soci\u00e9t\u00e9, au commerce des produits de la nicotine au m\u00eame titre que ces deux soci\u00e9t\u00e9s de l\u2019industrie du tabac \u00bb.<\/i><\/p>\n<p>&nbsp;<\/p>\n<hr \/>\n<p style=\"text-align: justify\"><strong>Droit de r\u00e9ponse de Norbert Neuvy, co-fondateur de Nicotine World, \u00e0 l\u2019article \u201cUne offensive mondiale de d\u00e9sinformation \u00e0 l\u2019approche de la COP11\u201d publi\u00e9 le 8 octobre 2025 sur generationsanstabac.org<\/strong><\/p>\n<p style=\"text-align: justify\">\u00ab\u00a0Conform\u00e9ment \u00e0 l\u2019article 13 de la loi du 29 juillet 1881 sur la libert\u00e9 de la presse, j\u2019exerce mon droit de r\u00e9ponse \u00e0 titre personnel, en tant que personne nomm\u00e9e et d\u00e9sign\u00e9e dans l\u2019article publi\u00e9 le 8 octobre 2025 par le Comit\u00e9 national contre le tabagisme (CNCT) sur le site generationsanstabac.org, intitul\u00e9 \u00ab Une offensive mondiale de d\u00e9sinformation \u00e0 l\u2019approche de la COP11 \u00bb, dans lequel ma personne, en tant que co-fondateur de la plateforme Nicotine World est mentionn\u00e9e dans un contexte pr\u00e9judiciable. L\u2019article pr\u00e9sente la plateforme Nicotine World comme un \u00ab relais du lobby de la nicotine \u00bb et comme une structure participant \u00e0 une \u00ab campagne internationale de d\u00e9sinformation \u00bb. Ces affirmations sont fausses, infond\u00e9es et portent atteinte directement \u00e0 ma r\u00e9putation ainsi qu\u2019\u00e0 la cr\u00e9dibilit\u00e9 du travail d\u2019information ind\u00e9pendant que je m\u00e8ne en tant que propri\u00e9taire du site d\u2019informations et responsable de la publication.<\/p>\n<p style=\"text-align: justify\">Ma plateforme, Nicotine World, est ind\u00e9pendante, sans financement industriel.Fond\u00e9e par deux anciens fumeurs dont moi-m\u00eame, Nicotine World n\u2019a aucun lien capitalistique, contractuel ou financier avec l\u2019industrie du tabac. Notre objectif est de fournir une information fiable, document\u00e9e et accessible sur la nicotine et ses usages. Mes contenus reposent sur des sources scientifiques et institutionnelles. A travers Nicotine World, je ne promeus aucun produit ni marque commerciale. Je ne m\u00e8ne aucune activit\u00e9 de lobbying, et mes publications s\u2019appuient exclusivement sur des donn\u00e9es de sant\u00e9 publique et des \u00e9tudes scientifiques reconnues.<\/p>\n<p style=\"text-align: justify\">Ma tribune du 3 octobre 2025 ne relevait d\u2019aucune \u201ccampagne coordonn\u00e9e\u201d. Le texte publi\u00e9 via BusinessWire visait simplement \u00e0 ouvrir le d\u00e9bat public sur l\u2019interdiction des sachets de nicotine en France, sur la base d\u2019arguments sanitaires et factuels. Sa date de publication co\u00efncidait avec un \u00e9v\u00e9nement politique \u2013 celui de la r\u00e9action de la Su\u00e8de \u00e0 une d\u00e9cision fran\u00e7aise &#8211; non avec une op\u00e9ration de communication globale.<\/p>\n<p style=\"text-align: justify\">Enfin, la r\u00e9duction des risques n\u2019appartient pas \u00e0 l\u2019industrie du tabac. Je regrette que l\u2019article amalgame la notion de r\u00e9duction des risques, qui rel\u00e8ve d\u2019une approche de sant\u00e9 publique, avec une strat\u00e9gie de communication industrielle. Combattre le tabagisme suppose d\u2019examiner objectivement toutes les solutions permettant de r\u00e9duire les d\u00e9c\u00e8s li\u00e9s au tabac fum\u00e9.\u00a0\u00bb<\/p>\n<p style=\"text-align: justify\"><strong>Norbert Neuvy<\/strong><br \/>\n<strong>Co-fondateur de Nicotine World<\/strong><br \/>\ncontact@nicotine-world.fr<\/p>\n","protected":false},"excerpt":{"rendered":"<p>\u00ab\u00a0 Norbert NEUVY est l\u2019auteur de l\u2019article publi\u00e9 sur le site \u00ab Nicotine World\u00a0\u00bb dont nous mentionnions le contenu dans un article publi\u00e9 le 8 octobre 2025 sur le site de GST. S\u2019estimant mis en cause par l\u2019article \u00e0 titre personnel comme auteur et fondateur du site Nicotine World, il entend faire valoir un droit [&hellip;]<\/p>\n","protected":false},"featured_media":25300,"template":"","tags":[],"thematique":[],"class_list":["post-25296","actualites","type-actualites","status-publish","has-post-thumbnail","hentry"],"acf":[],"_links":{"self":[{"href":"https:\/\/www.generationsanstabac.org\/fr\/wp-json\/wp\/v2\/actualites\/25296","targetHints":{"allow":["GET"]}}],"collection":[{"href":"https:\/\/www.generationsanstabac.org\/fr\/wp-json\/wp\/v2\/actualites"}],"about":[{"href":"https:\/\/www.generationsanstabac.org\/fr\/wp-json\/wp\/v2\/types\/actualites"}],"version-history":[{"count":2,"href":"https:\/\/www.generationsanstabac.org\/fr\/wp-json\/wp\/v2\/actualites\/25296\/revisions"}],"predecessor-version":[{"id":25301,"href":"https:\/\/www.generationsanstabac.org\/fr\/wp-json\/wp\/v2\/actualites\/25296\/revisions\/25301"}],"wp:featuredmedia":[{"embeddable":true,"href":"https:\/\/www.generationsanstabac.org\/fr\/wp-json\/wp\/v2\/media\/25300"}],"wp:attachment":[{"href":"https:\/\/www.generationsanstabac.org\/fr\/wp-json\/wp\/v2\/media?parent=25296"}],"wp:term":[{"taxonomy":"post_tag","embeddable":true,"href":"https:\/\/www.generationsanstabac.org\/fr\/wp-json\/wp\/v2\/tags?post=25296"},{"taxonomy":"thematique","embeddable":true,"href":"https:\/\/www.generationsanstabac.org\/fr\/wp-json\/wp\/v2\/thematique?post=25296"}],"curies":[{"name":"wp","href":"https:\/\/api.w.org\/{rel}","templated":true}]}}