{"id":25288,"date":"2025-10-27T07:00:17","date_gmt":"2025-10-27T06:00:17","guid":{"rendered":"https:\/\/www.generationsanstabac.org\/?post_type=actualites&#038;p=25288"},"modified":"2025-10-22T17:19:03","modified_gmt":"2025-10-22T15:19:03","slug":"en-belgique-une-etude-trouve-peu-credible-une-generation-sans-tabac-dici-2040","status":"publish","type":"actualites","link":"https:\/\/www.generationsanstabac.org\/fr\/actualites\/en-belgique-une-etude-trouve-peu-credible-une-generation-sans-tabac-dici-2040\/","title":{"rendered":"En Belgique, une \u00e9tude trouve peu cr\u00e9dible une g\u00e9n\u00e9ration sans tabac d\u2019ici 2040"},"content":{"rendered":"<p style=\"text-align: justify\"><em>Une \u00e9tude de l\u2019Universit\u00e9 catholique de Louvain (UCLouvain), r\u00e9alis\u00e9e en 2023-2024, publi\u00e9e<\/em><em> dans la revue internationale Tobacco Control, estime que les partis politiques belges, de gauche comme de droite, n\u2019engagent pas d\u2019efforts suffisants pour atteindre l\u2019objectif d\u2019une g\u00e9n\u00e9ration sans tabac d\u2019ici 2040<a href=\"#_ftn1\" name=\"_ftnref1\"><strong>[1]<\/strong><\/a>, alors qu\u2019un Wallon sur six de 15 ans et plus est encore fumeur r\u00e9gulier, et que de nombreuses entorses \u00e0 la loi antitabac sont observ\u00e9es au quotidien. Le ministre f\u00e9d\u00e9ral de la Sant\u00e9, Frank Vandenbroucke, a r\u00e9agi \u00e0 ces critiques en expliquant que la Belgique avait fait passer de nombreuses mesures antitabac fortes entretemps.\u00a0<\/em><\/p>\n<h2 style=\"text-align: justify\">Peu d\u2019\u00e9lan politique pour une g\u00e9n\u00e9ration sans tabac d\u2019ici 2040<\/h2>\n<p style=\"text-align: justify\">R\u00e9alis\u00e9e par l\u2019Institut de recherche sant\u00e9 et soci\u00e9t\u00e9 de l\u2019UCLouvain en collaboration avec l\u2019Alliance pour une soci\u00e9t\u00e9 sans tabac (qui comprend la Fondation contre le cancer et son pendant n\u00e9erlandophone Kom op tegen Kanker), l\u2019enqu\u00eate a soumis \u00e0 l\u2019hiver 2023-2024 un questionnaire aux douze partis repr\u00e9sent\u00e9s au Parlement f\u00e9d\u00e9ral, dix d\u2019entre eux ayant r\u00e9pondu dans les temps\u00a0: PS, Vooruit, MR, Open VLD, N-VA, D\u00e9FI, Ecolo, Groen, Les Engag\u00e9s et le C D&amp;V. Les formations \u00e9taient invit\u00e9es \u00e0 se positionner sur quinze mesures li\u00e9es \u00e0 la lutte antitabac.<\/p>\n<p style=\"text-align: justify\">Certaines de ces propositions reprennent la \u00ab\u00a0Strat\u00e9gie interf\u00e9d\u00e9rale 2022-2028 pour une g\u00e9n\u00e9ration sans tabac\u00a0\u00bb, qui vise \u00e0 ramener la consommation quotidienne \u00e0 moins de 6 % chez les 15-24 ans d\u2019ici 2028, avant d\u2019atteindre presque 0 % de nouveaux fumeurs d\u2019ici 2040.<\/p>\n<p style=\"text-align: justify\">D\u2019autres mesures vont plus loin : hausse d\u2019au moins 10 % des accises sur les produits du tabac, affectation d\u2019une partie des recettes fiscales \u00e0 la pr\u00e9vention, ou encore rel\u00e8vement progressif de l\u2019\u00e2ge l\u00e9gal d\u2019achat pour interdire \u00e0 toute personne n\u00e9e apr\u00e8s 2011 d\u2019acqu\u00e9rir des produits du tabac, une mesure similaire \u00e0 celle envisag\u00e9e au Royaume-Uni ou jusque fin 2023 en Nouvelle-Z\u00e9lande, o\u00f9 <a href=\"https:\/\/www.generationsanstabac.org\/fr\/actualites\/revirement-de-la-nouvelle-zelande-sur-sa-politique-antitabac\/\">la mesure a \u00e9t\u00e9 suspendue par l\u2019\u00e9lection d\u2019une coalition conservatrice<\/a>.<\/p>\n<h2 style=\"text-align: justify\">Des blocages politiques et une influence persistante de l\u2019industrie<\/h2>\n<p style=\"text-align: justify\">Les r\u00e9sultats montrent un consensus limit\u00e9 aux actions de pr\u00e9vention et de sevrage, tandis que les mesures les plus contraignantes, recommand\u00e9es par l\u2019Organisation mondiale de la sant\u00e9 (OMS), suscitent des r\u00e9ticences transpartisanes.<\/p>\n<p style=\"text-align: justify\">Selon le professeur Vincent Lorant, responsable de l\u2019\u00e9tude, les principaux partis \u00ab <em>bloquent les mesures les plus efficaces<\/em> \u00bb, telles que la hausse significative des taxes, la limitation du nombre de points de vente par licence, l\u2019interdiction de vente aux nouvelles g\u00e9n\u00e9rations ou la transparence stricte face au lobbying.<\/p>\n<p style=\"text-align: justify\">La Convention-cadre de l\u2019OMS pour la lutte antitabac (CCLAT), que la Belgique a ratifi\u00e9e le 1<sup>er<\/sup> novembre 2005, comporte l\u2019obligation g\u00e9n\u00e9rale \u00e0 toute Partie au trait\u00e9 de limiter \u00e0 ce qui est strictement n\u00e9cessaire les contacts entre d\u00e9cideurs politiques et cigarettiers. Si les donn\u00e9es nationales manquent, les chercheurs rappellent qu\u2019en France, des obligations ont \u00e9t\u00e9 impos\u00e9es aux fabricants en mati\u00e8re de d\u00e9claration concernant leurs d\u00e9penses en lobbying, m\u00eame si les montants d\u00e9clar\u00e9s sont largement sous-estim\u00e9s par rapport \u00e0 la r\u00e9alit\u00e9. L\u2019\u00e9tude plaide pour un registre public des \u00e9changes entre responsables politiques et repr\u00e9sentants de l\u2019industrie, assorti de comptes rendus d\u00e9taill\u00e9s.<\/p>\n<p style=\"text-align: justify\">Les chercheurs notent enfin que les arguments avanc\u00e9s par les partis reprennent souvent ceux de l\u2019industrie, notamment la crainte d\u2019une hausse de la contrebande ou la d\u00e9fense d\u2019un pr\u00e9tendu \u00ab libre choix \u00bb \u00e9clair\u00e9 et autonome des fumeurs.<\/p>\n<p style=\"text-align: justify\">Pourtant, la consommation de tabac reste soutenue avec des difficult\u00e9s majeures pour les fumeurs de sortir de leur d\u00e9pendance. Cette consommation est \u00e9galement fortement marqu\u00e9e par les in\u00e9galit\u00e9s sociales : 18 % de fumeurs chez les moins scolaris\u00e9s contre 8 % chez les plus dipl\u00f4m\u00e9s. Les m\u00e9canismes d\u2019influence sociale sont aussi tr\u00e8s pr\u00e9gnants chez les enfants et adolescents, ceux-ci ayant plus de chance de commencer \u00e0 fumer ou vapoter si leur famille et\/ou leurs pairs ont les m\u00eames pratiques.<\/p>\n<p style=\"text-align: justify\">D\u2019ailleurs, Nora M\u00e9lard, porte-parole de l\u2019alliance pour une soci\u00e9t\u00e9 sans tabac, analyse qu\u2019\u00ab\u00a0<em>on voit aujourd\u2019hui que la cigarette \u00e9lectronique est fort consomm\u00e9e par les jeunes. Et les jeunes, ce ne sont pas des personnes qui fumaient avant et qui souhaitent arr\u00eater de fumer. Ce sont des jeunes qui n\u2019auraient potentiellement pas fum\u00e9 gr\u00e2ce aux diff\u00e9rentes politiques qui ont \u00e9t\u00e9 mises en place. Et qui commencent maintenant \u00e0 utiliser la cigarette \u00e9lectronique <\/em>\u00bb\u00a0: 6 % des jeunes belges vapotent quotidiennement<a href=\"#_ftn2\" name=\"_ftnref1\">[2]<\/a>.<\/p>\n<p style=\"text-align: justify\"><a href=\"#_ftn2\" name=\"_ftnref2\"><\/a><\/p>\n<p style=\"text-align: justify\">Le rapport conclut que les d\u00e9cideurs privil\u00e9gient encore \u00ab <em>les int\u00e9r\u00eats \u00e9conomiques \u00e0 court terme des fumeurs<\/em> \u00bb plut\u00f4t que la protection de la sant\u00e9 publique, alors que la France et les Pays-Bas ont d\u00e9j\u00e0 adopt\u00e9 des politiques beaucoup plus ambitieuses.<\/p>\n<p style=\"text-align: justify\">Le ministre f\u00e9d\u00e9ral de la Sant\u00e9, Frank Vandenbroucke, a r\u00e9agi \u00e0 ces critiques. Il estime sur ces cinq derni\u00e8res ann\u00e9es avoir d\u00e9j\u00e0 pris une s\u00e9rie de mesures concr\u00e8tes, comme l\u2019interdiction des cigarettes \u00e9lectroniques jetables depuis le 1<sup>er<\/sup> janvier 2025, l\u2019interdiction <a href=\"https:\/\/www.generationsanstabac.org\/fr\/actualites\/belgique-les-produits-du-tabac-et-du-vapotage-ne-peuvent-plus-etre-visibles-dans-les-magasins\/\">d\u2019exposer dans les \u00e9talages des points de vente les cigarettes, cigares, cigarillos, papiers \u00e0 rouler, filtres, le tabac \u00e0 pipe, \u00e0 m\u00e2cher, \u00e0 priser, les cigarettes \u00e9lectroniques et leurs e-liquides<\/a> \u00e0 partir du 1<sup>er<\/sup> avril 2025 ou encore l\u2019interdiction de <a href=\"https:\/\/www.generationsanstabac.org\/fr\/actualites\/en-belgique-il-sera-interdit-de-fumer-et-vapoter-sur-les-terrasses-a-partir-de-2027\/\">fumer et vapoter en terrasse \u00e0 partir de 2027<\/a>. Le ministre affirme qu\u2019il n\u2019y a pas, selon lui, de futur pour l\u2019industrie du tabac en Belgique.<\/p>\n<p style=\"text-align: justify\"><strong style=\"text-align: justify\"><a href=\"https:\/\/www.generationsanstabac.org\/\">\u00a9G\u00e9n\u00e9ration Sans Tabac<\/a><\/strong><\/p>\n<p style=\"text-align: right\"><em><strong>AD<\/strong><\/em><\/p>\n<hr \/>\n<p style=\"text-align: justify\"><a href=\"#_ftnref1\" name=\"_ftn1\">[1]<\/a>Belga, <a href=\"https:\/\/www.lespecialiste.be\/fr\/actualites\/pas-de-reelle-volonte-politique-d-atteindre-une-generation-sans-tabac-d-ici-2040.html\">Pas de r\u00e9elle volont\u00e9 politique d&rsquo;atteindre une g\u00e9n\u00e9ration sans tabac d&rsquo;ici 2040<\/a>, Le Sp\u00e9cialiste, publi\u00e9 le 17 octobre 2025, consult\u00e9 le 21 octobre 2025<\/p>\n<p style=\"text-align: justify\"><a href=\"#_ftnref2\" name=\"_ftn2\">[2]<\/a>Melinda Bilmez, Thomas Decupere, Michael Harvie, <a href=\"https:\/\/www.rtl.be\/actu\/belgique\/societe\/jai-commence-fumer-pour-avoir-quelque-chose-faire-la-generation-sans-tabac\/2025-10-17\/article\/767374\">\u00ab\u00a0J\u2019ai commenc\u00e9 \u00e0 fumer pour avoir quelque chose \u00e0 faire\u00a0\u00bb\u00a0: la g\u00e9n\u00e9ration sans tabac pr\u00e9vue pour 2040 semble compromise, selon une \u00e9tude<\/a>, RTL info, publi\u00e9 le 17 octobre 2025, consult\u00e9 le 21 octobre 2025<\/p>\n<p style=\"text-align: justify\"><strong style=\"color: #999999\"><a style=\"color: #999999\" href=\"http:\/\/www.cnct.fr\/\" target=\"_blank\" rel=\"noopener noreferrer\">Comit\u00e9 national contre le tabagisme |<\/a><\/strong><\/p>\n","protected":false},"excerpt":{"rendered":"<p>Une \u00e9tude de l\u2019Universit\u00e9 catholique de Louvain (UCLouvain), r\u00e9alis\u00e9e en 2023-2024, publi\u00e9e dans la revue internationale Tobacco Control, estime que les partis politiques belges, de gauche comme de droite, n\u2019engagent pas d\u2019efforts suffisants pour atteindre l\u2019objectif d\u2019une g\u00e9n\u00e9ration sans tabac d\u2019ici 2040, alors qu\u2019un Wallon sur six de 15 ans et plus est encore fumeur r\u00e9gulier, et que de nombreuses entorses \u00e0 la loi antitabac sont observ\u00e9es au quotidien.<\/p>\n","protected":false},"featured_media":25291,"template":"","tags":[],"thematique":[491],"class_list":["post-25288","actualites","type-actualites","status-publish","has-post-thumbnail","hentry","thematique-politiques-publiques"],"acf":[],"_links":{"self":[{"href":"https:\/\/www.generationsanstabac.org\/fr\/wp-json\/wp\/v2\/actualites\/25288","targetHints":{"allow":["GET"]}}],"collection":[{"href":"https:\/\/www.generationsanstabac.org\/fr\/wp-json\/wp\/v2\/actualites"}],"about":[{"href":"https:\/\/www.generationsanstabac.org\/fr\/wp-json\/wp\/v2\/types\/actualites"}],"version-history":[{"count":2,"href":"https:\/\/www.generationsanstabac.org\/fr\/wp-json\/wp\/v2\/actualites\/25288\/revisions"}],"predecessor-version":[{"id":25294,"href":"https:\/\/www.generationsanstabac.org\/fr\/wp-json\/wp\/v2\/actualites\/25288\/revisions\/25294"}],"wp:featuredmedia":[{"embeddable":true,"href":"https:\/\/www.generationsanstabac.org\/fr\/wp-json\/wp\/v2\/media\/25291"}],"wp:attachment":[{"href":"https:\/\/www.generationsanstabac.org\/fr\/wp-json\/wp\/v2\/media?parent=25288"}],"wp:term":[{"taxonomy":"post_tag","embeddable":true,"href":"https:\/\/www.generationsanstabac.org\/fr\/wp-json\/wp\/v2\/tags?post=25288"},{"taxonomy":"thematique","embeddable":true,"href":"https:\/\/www.generationsanstabac.org\/fr\/wp-json\/wp\/v2\/thematique?post=25288"}],"curies":[{"name":"wp","href":"https:\/\/api.w.org\/{rel}","templated":true}]}}