{"id":25270,"date":"2025-10-22T18:43:41","date_gmt":"2025-10-22T16:43:41","guid":{"rendered":"https:\/\/www.generationsanstabac.org\/?post_type=actualites&#038;p=25270"},"modified":"2025-10-27T15:53:24","modified_gmt":"2025-10-27T14:53:24","slug":"marches-paralleles-du-tabac-les-chiffres-officiels-contredisent-les-estimations-de-lindustrie","status":"publish","type":"actualites","link":"https:\/\/www.generationsanstabac.org\/fr\/actualites\/marches-paralleles-du-tabac-les-chiffres-officiels-contredisent-les-estimations-de-lindustrie\/","title":{"rendered":"March\u00e9s parall\u00e8les du tabac : les chiffres officiels contredisent les estimations de l\u2019industrie"},"content":{"rendered":"<p style=\"text-align: justify\"><em>La recherche Tabac \u00e9chappant \u00e0 la fiscalit\u00e9 nationale (TAFE)<a href=\"#_ftn1\" name=\"_ftnref1\"><strong>[1]<\/strong><\/a>, <\/em><em>dirig\u00e9e par les \u00e9conomistes Christian Ben Lakhdar et Sophie Massin (Universit\u00e9 de Lille), livre une estimation consolid\u00e9e de la part du tabac consomm\u00e9 en France \u00e9chappant \u00e0 la fiscalit\u00e9 nationale. Financ\u00e9 par la Direction g\u00e9n\u00e9rale des douanes et droits indirects (DGDDI) et la Mission interminist\u00e9rielle de lutte contre les drogues et les conduites addictives (MILDECA), ce travail s\u2019inscrit dans le Programme national de lutte contre le tabac 2023-2027, qui pr\u00e9voit la mise en place d\u2019outils r\u00e9guliers, ind\u00e9pendants et transparents pour suivre les march\u00e9s parall\u00e8les du tabac.<\/em><\/p>\n<p><a href=\"#_ftnref1\" name=\"_ftn1\"><\/a><\/p>\n<p style=\"text-align: justify\">L\u2019\u00e9tude TAFE repose sur une approche multidimensionnelle associant plusieurs sources de donn\u00e9es et outils d\u2019analyse \u00e9conomique. Les chercheurs ont d\u2019abord examin\u00e9 les donn\u00e9es de livraisons d\u00e9partementales de tabac aux buralistes sur la p\u00e9riode 2016\u20132023, issues de la DGDDI. Ces informations ont permis de comparer les dynamiques observ\u00e9es entre d\u00e9partements frontaliers et non frontaliers afin d\u2019identifier les effets li\u00e9s \u00e0 la proximit\u00e9 de pays \u00e0 moindre fiscalit\u00e9. Parall\u00e8lement, une analyse comportementale a \u00e9t\u00e9 men\u00e9e \u00e0 partir de l\u2019enqu\u00eate EROPP 2023 (\u00c9chantillon repr\u00e9sentatif des opinions et perceptions sur le tabac) et du Barom\u00e8tre de Sant\u00e9 publique France 2021, afin de mieux comprendre les pratiques d\u2019achat et les profils des consommateurs concern\u00e9s.<br \/>\nLes chercheurs ont enfin utilis\u00e9 un mod\u00e8le d\u2019estimation du Tax Gap, consistant \u00e0 comparer les volumes de tabac livr\u00e9s aux volumes d\u00e9clar\u00e9s comme consomm\u00e9s, afin d\u2019\u00e9valuer la part du tabac \u00e9chappant \u00e0 la fiscalit\u00e9. Cette approche a \u00e9t\u00e9 compl\u00e9t\u00e9e par des tests de robustesse et des simulations territoriales pour valider la coh\u00e9rence des estimations.<\/p>\n<h2 style=\"text-align: justify\"><strong>Des r\u00e9sultats officiels tr\u00e8s \u00e9loign\u00e9s des discours de l\u2019industrie du tabac<\/strong><\/h2>\n<p style=\"text-align: justify\">Les r\u00e9sultats de l\u2019\u00e9tude TAFE constituent une recherche ind\u00e9pendante, financ\u00e9e par des institutions publiques et conduite selon une m\u00e9thodologie transparente. Elle fournit une estimation robuste et scientifiquement fond\u00e9e du tabac \u00e9chappant \u00e0 la fiscalit\u00e9 nationale. Ses conclusions s\u2019opposent frontalement aux chiffres diffus\u00e9s depuis des ann\u00e9es par l\u2019industrie du tabac, qui tend \u00e0 exag\u00e9rer l\u2019ampleur du ph\u00e9nom\u00e8ne pour d\u00e9fendre ses int\u00e9r\u00eats \u00e9conomiques.<\/p>\n<p style=\"text-align: justify\">Les chercheurs estiment que la part du tabac consomm\u00e9 en France \u00e9chappant \u00e0 la fiscalit\u00e9 nationale se situe entre 11 % et 20 % de la consommation totale, soit 17,7 % en moyenne. Ce niveau, stable depuis plusieurs ann\u00e9es, repr\u00e9sente entre 2,8 et 5,8 milliards d\u2019euros de pertes fiscales annuelles. Ces r\u00e9sultats confirment que les march\u00e9s parall\u00e8les, bien r\u00e9els et qu\u2019il convient de r\u00e9duire, ne connaissent pas cependant l\u2019\u00ab explosion \u00bb souvent \u00e9voqu\u00e9e dans le d\u00e9bat public, et qu\u2019ils sont principalement constitu\u00e9s d\u2019achats transfrontaliers plut\u00f4t que de contrebande ou de contrefa\u00e7on.<\/p>\n<p style=\"text-align: justify\">\u00c0 l\u2019inverse, les \u00e9tudes financ\u00e9es par l\u2019industrie du tabac \u2014 en particulier celles produites par le cabinet KPMG pour le compte de Philip Morris International \u2014 avancent des estimations tr\u00e8s sup\u00e9rieures, \u00e9valuant le commerce parall\u00e8le \u00e0 pr\u00e8s de 49 % de la consommation fran\u00e7aise. Ces \u00e9tudes, r\u00e9guli\u00e8rement cit\u00e9es par les fabricants dans leurs campagnes de communication et leurs prises de position publiques, sont d\u00e9pourvues de transparence m\u00e9thodologique : leurs sources de donn\u00e9es ne sont pas publiques, les d\u00e9finitions du commerce \u00ab illicite \u00bb varient selon les pays, et les hypoth\u00e8ses retenues sur les comportements d\u2019achat ne reposent sur aucune enqu\u00eate ind\u00e9pendante. Plusieurs chercheurs et institutions, dont la Commission europ\u00e9enne, ont d\u00e9j\u00e0 soulign\u00e9 les limites m\u00e9thodologiques de ces travaux, qui amalgament souvent les achats transfrontaliers l\u00e9gaux \u00e0 des ventes illicites.<\/p>\n<p style=\"text-align: justify\">Les chercheurs soulignent que la communication alarmiste de l\u2019industrie du tabac sur les march\u00e9s parall\u00e8les s\u2019inscrit dans une strat\u00e9gie plus large visant \u00e0 influencer les politiques publiques en particulier les politiques fiscales et \u00e0 retarder les mesures de sant\u00e9 publique. En brandissant la menace d\u2019une pr\u00e9tendue explosion du commerce illicite, les fabricants cherchent \u00e0 dissuader les gouvernements d\u2019augmenter les taxes, tout en d\u00e9tournant l\u2019attention de leurs propres pratiques commerciales, notamment le sur-approvisionnement volontaire des zones frontali\u00e8res qui favorise les reventes transfrontali\u00e8res.<\/p>\n<h2 style=\"text-align: justify\"><strong>Des \u00e9carts territoriaux qui s\u2019expliquent avant tout par la proximit\u00e9 frontali\u00e8re<\/strong><\/h2>\n<p style=\"text-align: justify\">L\u2019\u00e9tude TAFE met en \u00e9vidence une forte h\u00e9t\u00e9rog\u00e9n\u00e9it\u00e9 territoriale dans la r\u00e9partition du tabac \u00e9chappant \u00e0 la fiscalit\u00e9.\u00a0 Les d\u00e9partements frontaliers, notamment ceux situ\u00e9s \u00e0 proximit\u00e9 imm\u00e9diate de pays \u00e0 fiscalit\u00e9 plus faible \u2014 tels que la Moselle, le Nord, le Pas-de-Calais, le Bas-Rhin, le Haut-Rhin, les Pyr\u00e9n\u00e9es-Atlantiques ou encore le Territoire de Belfort \u2014 enregistrent une diminution particuli\u00e8rement marqu\u00e9e des volumes de tabac livr\u00e9s aux buralistes. Cette baisse en volume r\u00e9sulte de la diminution de la pr\u00e9valence tabagique en France. Dans les zones frontali\u00e8res, la baisse d\u00e9passe 45 % sur la p\u00e9riode \u00e9tudi\u00e9e, contre environ 25 % dans les d\u00e9partements non frontaliers. Ces \u00e9carts entre les diff\u00e9rentes zones traduisent un ph\u00e9nom\u00e8ne structurel : la disponibilit\u00e9 de produits du tabac \u00e0 moindre co\u00fbt de l\u2019autre c\u00f4t\u00e9 de la fronti\u00e8re entra\u00eene un report chez une proportion de fumeurs fran\u00e7ais vers ces achats dans les d\u00e9bits aux fronti\u00e8res des pays voisins.<\/p>\n<p style=\"text-align: justify\">En valeur, les d\u00e9bitants de tabac ont connu pendant la p\u00e9riode une progression de leurs revenus li\u00e9s \u00e0 la vente des produits du tabac (+27% car la baisse en volume a \u00e9t\u00e9 moindre que la hausse en valeur des prix des produits sur lesquels ils sont r\u00e9mun\u00e9r\u00e9s). En revanche, dans les d\u00e9partements frontaliers, la baisse des ventes l\u00e9gales s\u2019\u00e9tablit \u00e0 plus de 13 % entre 2016 et 2023. Ce constat souligne que les fluctuations observ\u00e9es dans les statistiques nationales de ventes ne refl\u00e8tent pas n\u00e9cessairement une variation de la consommation, mais avant tout une redistribution g\u00e9ographique des achats.<\/p>\n<p style=\"text-align: justify\">Le confinement du printemps 2020, li\u00e9 \u00e0 la pand\u00e9mie de Covid-19, a constitu\u00e9 un v\u00e9ritable test grandeur nature pour cette hypoth\u00e8se. Pendant la p\u00e9riode de fermeture des fronti\u00e8res, les ventes de tabac dans les d\u00e9partements frontaliers ont connu une hausse significative, traduisant le report des achats transfrontaliers vers le r\u00e9seau l\u00e9gal fran\u00e7ais. D\u00e8s la r\u00e9ouverture des fronti\u00e8res, les volumes ont de nouveau diminu\u00e9, confirmant que le diff\u00e9rentiel de prix et le poids que constituent les achats transfrontaliers dans le manque \u00e0 gagner fiscal pour la France.<\/p>\n<p style=\"text-align: justify\">Pour quantifier ces \u00e9carts, les chercheurs ont r\u00e9alis\u00e9 des simulations territoriales. Si tous les d\u00e9partements fran\u00e7ais avaient connu la m\u00eame \u00e9volution que la Vend\u00e9e \u2014 territoire ayant enregistr\u00e9 la baisse la plus faible des livraisons \u2014, les ventes nationales auraient \u00e9t\u00e9 sup\u00e9rieures d\u2019environ 7 000 tonnes. \u00c0 l\u2019inverse, si tous les d\u00e9partements avaient \u00e9volu\u00e9 comme la Moselle, les volumes livr\u00e9s auraient \u00e9t\u00e9 inf\u00e9rieurs d\u2019environ 12 000 tonnes. Ces mod\u00e8les statistiques permettent d\u2019estimer que la part du tabac achet\u00e9 en dehors du r\u00e9seau l\u00e9gal se situe entre 11 % et 16 % des volumes livr\u00e9s, confirmant la pr\u00e9dominance du facteur g\u00e9ographique.<\/p>\n<p style=\"text-align: justify\">Ainsi, loin d\u2019une dynamique de march\u00e9 noir national, les r\u00e9sultats du rapport montrent que le TAFE (tabac \u00e9chappant \u00e0 la fiscalit\u00e9 nationale) correspond principalement \u00e0 des comportements individuels d\u2019achat transfrontalier d\u00e9lib\u00e9r\u00e9ment entretenus par le sur-approvisionnement des march\u00e9s frontaliers par les fabricants de tabac. Ce constat rejoint les conclusions du Barom\u00e8tre Sant\u00e9 publique France, qui montre que pr\u00e8s de 15 % des fumeurs d\u00e9clarent acheter leur tabac dans un pays limitrophe, contre moins de 1 % qui affirment s\u2019en procurer par des circuits illicites ou de rue. La responsabilit\u00e9 du manque \u00e0 gagner fiscal r\u00e9sulte donc non pas de comportements inciviques mais bien d\u2019une pratique de contournement des fabricants concernant les march\u00e9s de livraisons.<\/p>\n<h2 style=\"text-align: justify\"><strong>Le profil des acheteurs de tabac hors fiscalit\u00e9 \u00e9claire un d\u00e9bat public parasit\u00e9 par l\u2019industrie<\/strong><\/h2>\n<p style=\"text-align: justify\">L\u2019\u00e9tude TAFE offre un \u00e9clairage in\u00e9dit sur le profil des consommateurs de tabac \u00e9chappant \u00e0 la fiscalit\u00e9 nationale et sur leurs motivations. En croisant les donn\u00e9es du Barom\u00e8tre de Sant\u00e9 publique France 2021 et d\u2019une enqu\u00eate sp\u00e9cifique men\u00e9e aupr\u00e8s de 303 fumeurs r\u00e9alisant une partie de leurs achats hors r\u00e9seau, les chercheurs brossent un portrait nuanc\u00e9, loin des st\u00e9r\u00e9otypes souvent v\u00e9hicul\u00e9s dans le d\u00e9bat public.<\/p>\n<p style=\"text-align: justify\">Les acheteurs de tabac hors fiscalit\u00e9 sont majoritairement des fumeurs r\u00e9guliers, dont le niveau de d\u00e9pendance tabagique est mod\u00e9r\u00e9 \u00e0 \u00e9lev\u00e9. Ils appartiennent le plus souvent \u00e0 des cat\u00e9gories socio-professionnelles favoris\u00e9es et r\u00e9sident principalement dans les zones frontali\u00e8res ou urbaines. Le ph\u00e9nom\u00e8ne n\u2019est donc pas marginal ni exclusivement li\u00e9 \u00e0 la pr\u00e9carit\u00e9 : il traduit plut\u00f4t une adaptation des comportements d\u2019achat face aux \u00e9carts de prix du tabac entre pays europ\u00e9ens. Contrairement \u00e0 certaines id\u00e9es re\u00e7ues, ni le niveau de revenu, ni celui d\u2019\u00e9ducation ne semblent influencer de mani\u00e8re significative la propension \u00e0 acheter du tabac en dehors du r\u00e9seau l\u00e9gal.<\/p>\n<p style=\"text-align: justify\">Les motivations exprim\u00e9es par ces consommateurs confirment cette logique : le prix reste le principal d\u00e9terminant (74 % des r\u00e9pondants), mais d\u2019autres facteurs interviennent, tels que la fr\u00e9quence des voyages \u00e0 l\u2019\u00e9tranger (35 %), les horaires peu pratiques des buralistes (18 %), ou encore la volont\u00e9 de ne pas \u00ab enrichir l\u2019\u00c9tat \u00bb. Ces justifications traduisent une forme de normalisation du recours \u00e0 ces achats parall\u00e8les : 67 % des r\u00e9pondants d\u00e9clarent ne pas avoir le sentiment de frauder, bien qu\u2019ils connaissent la r\u00e9glementation en vigueur.<\/p>\n<p style=\"text-align: justify\">Ces r\u00e9sultats apportent une contradiction directe au discours industriel qui pr\u00e9sente ces consommateurs comme des acteurs involontaires du commerce illicite ou comme des victimes des hausses de taxes. Pour le Comit\u00e9 national contre le tabagisme (CNCT), ces donn\u00e9es constituent un outil essentiel pour objectiver le d\u00e9bat public et contrer la d\u00e9sinformation propag\u00e9e depuis plusieurs ann\u00e9es par les fabricants de tabac. En insistant sur une pr\u00e9tendue explosion du commerce illicite, ces derniers cherchent \u00e0 affaiblir les politiques fiscales et \u00e0 d\u00e9tourner l\u2019attention des v\u00e9ritables leviers de sant\u00e9 publique.<\/p>\n<p><a href=\"#_ftnref1\" name=\"_ftn1\">[1]<\/a> Christian Ben Lakhdar, Sophie Massin, <strong><a href=\"https:\/\/www.drogues.gouv.fr\/recherche-tafe-une-estimation-scientifique-du-marche-du-tabac-echappant-la-fiscalite-nationale\">Recherche TAFE : une estimation scientifique du march\u00e9 du tabac \u00e9chappant \u00e0 la fiscalit\u00e9 nationale<\/a>, <\/strong>MILDECA, publi\u00e9 le 22 octobre 2025, consult\u00e9 le jour-m\u00eame<\/p>\n<hr \/>\n<p style=\"text-align: justify\"><strong style=\"text-align: justify\"><a href=\"https:\/\/www.generationsanstabac.org\/\">\u00a9G\u00e9n\u00e9ration Sans Tabac<\/a><\/strong><\/p>\n<p style=\"text-align: right\"><em><strong>AE<\/strong><\/em><\/p>\n<p><strong style=\"color: #999999\"><a style=\"color: #999999\" href=\"http:\/\/www.cnct.fr\/\" target=\"_blank\" rel=\"noopener noreferrer\">Comit\u00e9 national contre le tabagisme |<\/a><\/strong><\/p>\n","protected":false},"excerpt":{"rendered":"<p>La recherche Tabac \u00e9chappant \u00e0 la fiscalit\u00e9 nationale (TAFE), dirig\u00e9e par les \u00e9conomistes Christian Ben Lakhdar et Sophie Massin (Universit\u00e9 de Lille), livre une estimation consolid\u00e9e de la part du tabac consomm\u00e9 en France \u00e9chappant \u00e0 la fiscalit\u00e9 nationale. Financ\u00e9 par la Direction g\u00e9n\u00e9rale des douanes et droits indirects (DGDDI) et la Mission interminist\u00e9rielle de lutte contre les drogues et les conduites addictives (MILDECA), ce travail s\u2019inscrit dans le Programme national de lutte contre le tabac 2023-2027, qui pr\u00e9voit la mise en place d\u2019outils r\u00e9guliers, ind\u00e9pendants et transparents pour suivre les march\u00e9s parall\u00e8les du tabac.<\/p>\n","protected":false},"featured_media":25087,"template":"","tags":[],"thematique":[499,538],"class_list":["post-25270","actualites","type-actualites","status-publish","has-post-thumbnail","hentry","thematique-lobby","thematique-marches-paralleles"],"acf":[],"_links":{"self":[{"href":"https:\/\/www.generationsanstabac.org\/fr\/wp-json\/wp\/v2\/actualites\/25270","targetHints":{"allow":["GET"]}}],"collection":[{"href":"https:\/\/www.generationsanstabac.org\/fr\/wp-json\/wp\/v2\/actualites"}],"about":[{"href":"https:\/\/www.generationsanstabac.org\/fr\/wp-json\/wp\/v2\/types\/actualites"}],"version-history":[{"count":3,"href":"https:\/\/www.generationsanstabac.org\/fr\/wp-json\/wp\/v2\/actualites\/25270\/revisions"}],"predecessor-version":[{"id":25308,"href":"https:\/\/www.generationsanstabac.org\/fr\/wp-json\/wp\/v2\/actualites\/25270\/revisions\/25308"}],"wp:featuredmedia":[{"embeddable":true,"href":"https:\/\/www.generationsanstabac.org\/fr\/wp-json\/wp\/v2\/media\/25087"}],"wp:attachment":[{"href":"https:\/\/www.generationsanstabac.org\/fr\/wp-json\/wp\/v2\/media?parent=25270"}],"wp:term":[{"taxonomy":"post_tag","embeddable":true,"href":"https:\/\/www.generationsanstabac.org\/fr\/wp-json\/wp\/v2\/tags?post=25270"},{"taxonomy":"thematique","embeddable":true,"href":"https:\/\/www.generationsanstabac.org\/fr\/wp-json\/wp\/v2\/thematique?post=25270"}],"curies":[{"name":"wp","href":"https:\/\/api.w.org\/{rel}","templated":true}]}}