{"id":25267,"date":"2025-10-24T07:00:17","date_gmt":"2025-10-24T05:00:17","guid":{"rendered":"https:\/\/www.generationsanstabac.org\/?post_type=actualites&#038;p=25267"},"modified":"2025-10-24T09:48:13","modified_gmt":"2025-10-24T07:48:13","slug":"arreter-de-fumer-a-un-age-moyen-reduit-le-declin-cognitif","status":"publish","type":"actualites","link":"https:\/\/www.generationsanstabac.org\/fr\/actualites\/arreter-de-fumer-a-un-age-moyen-reduit-le-declin-cognitif\/","title":{"rendered":"Arr\u00eater de fumer \u00e0 un \u00e2ge moyen r\u00e9duit le d\u00e9clin cognitif"},"content":{"rendered":"<p style=\"text-align: justify\"><em>Une \u00e9tude internationale r\u00e9v\u00e8le que les personnes qui cessent de fumer \u00e0 un \u00e2ge moyen r\u00e9duisent leur d\u00e9clin cognitif en comparaison avec ceux qui poursuivent leur tabagisme<a href=\"#_ftn1\" name=\"_ftnref1\"><strong>[1]<\/strong><\/a>.<\/em><\/p>\n<h2 style=\"text-align: justify\">Arr\u00eater de fumer \u00e0 un \u00e2ge moyen r\u00e9duirait le d\u00e9clin cognitif<\/h2>\n<p style=\"text-align: justify\">Les chercheurs ont observ\u00e9 que l\u2019arr\u00eat du tabac divise par deux le rythme de d\u00e9clin de la fluidit\u00e9 verbale et ralentit la perte de m\u00e9moire d\u2019environ 20 %. Ces r\u00e9sultats proviennent d\u2019une \u00e9tude men\u00e9e sur 12 ans aupr\u00e8s de 9 436 adultes \u00e2g\u00e9s de 40 \u00e0 89 ans aux \u00c9tats-Unis, en Angleterre et dans dix autres pays europ\u00e9ens, publi\u00e9e dans The Lancet Healthy Longevity.<\/p>\n<p style=\"text-align: justify\">Apr\u00e8s 6 ans de suivi, un sujet sur deux a arr\u00eat\u00e9 de fumer et fumeurs et ex-fumeurs ont \u00e9t\u00e9 appari\u00e9s selon leurs scores cognitifs initiaux, leur \u00e2ge, leur sexe, leur niveau d&rsquo;\u00e9ducation et leur pays d\u2019origine. L&rsquo;\u00e9volution de la fluidit\u00e9 verbale et de la m\u00e9moire a \u00e9t\u00e9 suivie sur 12 ans, avec observation sur 6 ans d\u2019un m\u00eame d\u00e9clin cognitif chez tous les sujets initialement tous fumeurs, puis ceux ayant arr\u00eat\u00e9 de fumer ont \u00e9t\u00e9 compar\u00e9s \u00e0 ceux ayant poursuivi leur tabagisme pendant 6 ans.<\/p>\n<p style=\"text-align: justify\">Selon la chercheuse principale, le Dr. Mikaela Bloomberg de l&rsquo;Institut d&rsquo;\u00e9pid\u00e9miologie et de soins de sant\u00e9 de l\u2019University College London (UCL), ces r\u00e9sultats confirment qu\u2019\u00ab <em>il n\u2019est jamais trop tard pour arr\u00eater de fumer<\/em> \u00bb, ajoutant\u00a0que \u00ab\u00a0<em>cela pourrait fortement motiver les adultes d&rsquo;\u00e2ge moyen et les personnes \u00e2g\u00e9es, qui sont moins susceptibles de tenter d&rsquo;arr\u00eater que les jeunes g\u00e9n\u00e9rations.<\/em>\u00a0\u00bb. Cependant, le professeur Andrew Steptoe, co-auteur et membre du m\u00eame Institut, a averti\u00a0que \u00ab\u00a0<em>des recherches compl\u00e9mentaires portant directement sur la d\u00e9mence sont n\u00e9cessaires pour confirmer ces r\u00e9sultats.<\/em>\u00a0\u00bb<a href=\"#_ftn2\" name=\"_ftnref2\">[2]<\/a>.<\/p>\n<h2 style=\"text-align: justify\">Des b\u00e9n\u00e9fices cognitifs mesurables \u00e0 long terme<\/h2>\n<p style=\"text-align: justify\">Les chercheurs ont compar\u00e9 les capacit\u00e9s cognitives de fumeurs ayant arr\u00eat\u00e9 et celles de ceux ayant poursuivi leur consommation de tabac. Si leurs performances et leur d\u00e9clin \u00e9taient similaires pendant la phase initiale de 6 ans de l\u2019\u00e9tude, les ex-fumeurs ont montr\u00e9 un d\u00e9clin moins important au fil des six ann\u00e9es de suivi.<\/p>\n<p style=\"text-align: justify\">L\u2019\u00e9quipe conclut que les individus ayant cess\u00e9 de fumer pr\u00e9sentent une trajectoire cognitive plus favorable que celle des fumeurs persistants, sugg\u00e9rant l\u2019importance de l\u2019arr\u00eat du tabac m\u00eame \u00e0 un \u00e2ge avanc\u00e9 pour pr\u00e9server la sant\u00e9 du cerveau.<\/p>\n<p style=\"text-align: justify\">L&rsquo;\u00e9quipe a constat\u00e9 que si des \u00e9tudes ant\u00e9rieures avaient mis en \u00e9vidence des am\u00e9liorations cognitives \u00e0 court terme apr\u00e8s l&rsquo;arr\u00eat du tabac, celle-ci est la premi\u00e8re \u00e0 confirmer des b\u00e9n\u00e9fices \u00e0 long terme chez les personnes d&rsquo;\u00e2ge moyen et plus \u00e2g\u00e9es qui ont arr\u00eat\u00e9 de fumer.<\/p>\n<p style=\"text-align: justify\">Le tabagisme est d\u00e9j\u00e0 reconnu comme l\u2019un des 14 facteurs de risque de d\u00e9mence identifi\u00e9s par une commission d\u2019experts r\u00e9unie par The Lancet. Parmi les autres facteurs figurent la d\u00e9pression, la consommation excessive d\u2019alcool, le cholest\u00e9rol \u00e9lev\u00e9 ou encore la perte auditive.<\/p>\n<h2 style=\"text-align: justify\">Un appel \u00e0 renforcer la pr\u00e9vention et l\u2019accompagnement<\/h2>\n<p style=\"text-align: justify\">Des experts en sant\u00e9 publique soulignent que ces r\u00e9sultats renforcent les preuves selon lesquelles l\u2019adoption d\u2019un mode de vie plus sain \u2013 arr\u00eater de fumer, pratiquer une activit\u00e9 physique, limiter l\u2019alcool et adopter une alimentation \u00e9quilibr\u00e9e \u2013 peut r\u00e9duire le risque de d\u00e9mence.<\/p>\n<p style=\"text-align: justify\">Le professeur Paresh Malhotra, chef de groupe au Centre de recherche et de technologie sur les soins de l&rsquo;Institut de recherche sur la d\u00e9mence du Royaume-Uni et chef de la division de neurologie \u00e0 l&rsquo;Imperial College de Londres, a d\u00e9clar\u00e9 : \u00ab <em>Il est de plus en plus clair que ce qui est bon pour votre c\u0153ur et vos vaisseaux sanguins est bon pour votre cerveau et votre r\u00e9flexion.<\/em>\u00a0\u00bb.<\/p>\n<p style=\"text-align: justify\">Le tabagisme contribue en effet \u00e0 la neurod\u00e9g\u00e9n\u00e9rescence en alt\u00e9rant la circulation sanguine c\u00e9r\u00e9brale, en provoquant une inflammation chronique et en endommageant directement les cellules nerveuses.<\/p>\n<p style=\"text-align: justify\">Pour Action on Smoking and Health (ASH), ces donn\u00e9es rappellent l\u2019importance d\u2019investir durablement dans les services d\u2019aide au sevrage tabagique. En septembre 2025, environ 35 % des fumeurs en Angleterre ont tent\u00e9 d\u2019arr\u00eater, et pr\u00e8s de 29 % d\u2019entre eux ont r\u00e9ussi, un taux de succ\u00e8s presque deux fois sup\u00e9rieur \u00e0 celui observ\u00e9 en 2007.<\/p>\n<p style=\"text-align: justify\">R\u00e9agissant aux conclusions de l&rsquo;\u00e9tude de l&rsquo;UCL, le Dr. Julia Dudley, responsable de la recherche chez Alzheimer&rsquo;s Research UK, a d\u00e9clar\u00e9 : \u00ab <em>Le tabagisme est li\u00e9 \u00e0 de multiples probl\u00e8mes de sant\u00e9 graves, notamment le cancer, les maladies cardiaques et la d\u00e9mence, en particulier la maladie d&rsquo;Alzheimer et la d\u00e9mence vasculaire<\/em> [\u2026] <em>Arr\u00eater de fumer peut r\u00e9duire consid\u00e9rablement le risque de d\u00e9velopper ces maladies. S&rsquo;agissant d&rsquo;une \u00e9tude observationnelle, elle sugg\u00e8re uniquement un lien entre le d\u00e9clin cognitif et l&rsquo;arr\u00eat du tabac<\/em> [\u2026] <em>Des recherches suppl\u00e9mentaires sont n\u00e9cessaires pour comprendre si d&rsquo;autres facteurs, tels que les diff\u00e9rences d\u00e9mographiques, le milieu socio-\u00e9conomique ou la consommation d&rsquo;alcool, ont contribu\u00e9 aux diff\u00e9rences. Le suivi d&rsquo;autres mesures cognitives, comme la r\u00e9solution de probl\u00e8mes, permettrait \u00e9galement d&rsquo;obtenir une vision plus pr\u00e9cise des b\u00e9n\u00e9fices de l&rsquo;arr\u00eat du tabac.<\/em>\u00a0\u00bb<a href=\"#_ftn3\" name=\"_ftnref3\">[3]<\/a>.<\/p>\n<p style=\"text-align: justify\">Le Dr. Bloomberg pr\u00e9cise qu\u2019\u00ab\u00a0<em>alors que les d\u00e9cideurs politiques sont confront\u00e9s aux d\u00e9fis du vieillissement de la population, ces r\u00e9sultats constituent une raison suppl\u00e9mentaire d\u2019investir dans la lutte antitabac.<\/em> \u00bb.<\/p>\n<p style=\"text-align: justify\">Au d\u00e9but du mois, une autre \u00e9tude avait apport\u00e9 une preuve suppl\u00e9mentaire que le tabagisme affecte toutes les g\u00e9n\u00e9rations, apportant l\u2019hypoth\u00e8se que <a href=\"https:\/\/www.generationsanstabac.org\/fr\/actualites\/les-enfants-dont-le-pere-a-fume-a-ladolescence-pourraient-vieillir-plus-vite\/\">les enfants dont le p\u00e8re a fum\u00e9 \u00e0 l\u2019adolescence pourraient vieillir plus vite<\/a>.<\/p>\n<p style=\"text-align: justify\"><strong style=\"text-align: justify\"><a href=\"https:\/\/www.generationsanstabac.org\/\">\u00a9G\u00e9n\u00e9ration Sans Tabac<\/a><\/strong><\/p>\n<p style=\"text-align: right\"><em><strong>AD<\/strong><\/em><\/p>\n<hr \/>\n<p style=\"text-align: justify\"><a href=\"#_ftnref1\" name=\"_ftn1\">[1]<\/a>Bloomberg, Mikaela et al., <a href=\"https:\/\/www.thelancet.com\/journals\/lanhl\/article\/PIIS2666-7568(25)00072-8\/fulltext?rss=yes\">Cognitive decline before and after mid-to-late-life smoking cessation: a longitudinal analysis of prospective cohort studies from 12 countries<\/a><strong>, <\/strong>The Lancet Healthy Longevity, publi\u00e9 le 13 octobre 2025, consult\u00e9 le 14 octobre 2025<\/p>\n<p style=\"text-align: justify\"><a href=\"#_ftnref2\" name=\"_ftn2\">[2]<\/a>Moon Ji-yeon, <a href=\"https:\/\/www.chosun.com\/english\/travel-food-en\/2025\/10\/14\/I7R734R2SFHNHAZ6SXAM44H55U\/\">Quitting Smoking After 50 Slows Cognitive Decline, Study Finds<\/a>, The Chosun Daily, publi\u00e9 le 14 octobre 2025, consult\u00e9 le m\u00eame jour<\/p>\n<p style=\"text-align: justify\"><a href=\"#_ftnref3\" name=\"_ftn3\">[3]<\/a>Neil Shaw, <a href=\"https:\/\/www.walesonline.co.uk\/news\/health\/quitting-one-thing-any-age-32670941\">Quitting one thing, at any age, slows onset of dementia, study suggests<\/a>, Wales Online, publi\u00e9 le 14 octobre 2025, consult\u00e9 le m\u00eame jour<\/p>\n<p style=\"text-align: justify\"><strong style=\"color: #999999\"><a style=\"color: #999999\" href=\"http:\/\/www.cnct.fr\/\" target=\"_blank\" rel=\"noopener noreferrer\">Comit\u00e9 national contre le tabagisme |<\/a><\/strong><\/p>\n","protected":false},"excerpt":{"rendered":"<p>Une \u00e9tude internationale r\u00e9v\u00e8le que les personnes qui cessent de fumer \u00e0 un \u00e2ge moyen r\u00e9duisent leur d\u00e9clin cognitif en comparaison avec ceux qui poursuivent leur tabagisme.<\/p>\n","protected":false},"featured_media":25274,"template":"","tags":[],"thematique":[474],"class_list":["post-25267","actualites","type-actualites","status-publish","has-post-thumbnail","hentry","thematique-sante"],"acf":[],"_links":{"self":[{"href":"https:\/\/www.generationsanstabac.org\/fr\/wp-json\/wp\/v2\/actualites\/25267","targetHints":{"allow":["GET"]}}],"collection":[{"href":"https:\/\/www.generationsanstabac.org\/fr\/wp-json\/wp\/v2\/actualites"}],"about":[{"href":"https:\/\/www.generationsanstabac.org\/fr\/wp-json\/wp\/v2\/types\/actualites"}],"version-history":[{"count":1,"href":"https:\/\/www.generationsanstabac.org\/fr\/wp-json\/wp\/v2\/actualites\/25267\/revisions"}],"predecessor-version":[{"id":25275,"href":"https:\/\/www.generationsanstabac.org\/fr\/wp-json\/wp\/v2\/actualites\/25267\/revisions\/25275"}],"wp:featuredmedia":[{"embeddable":true,"href":"https:\/\/www.generationsanstabac.org\/fr\/wp-json\/wp\/v2\/media\/25274"}],"wp:attachment":[{"href":"https:\/\/www.generationsanstabac.org\/fr\/wp-json\/wp\/v2\/media?parent=25267"}],"wp:term":[{"taxonomy":"post_tag","embeddable":true,"href":"https:\/\/www.generationsanstabac.org\/fr\/wp-json\/wp\/v2\/tags?post=25267"},{"taxonomy":"thematique","embeddable":true,"href":"https:\/\/www.generationsanstabac.org\/fr\/wp-json\/wp\/v2\/thematique?post=25267"}],"curies":[{"name":"wp","href":"https:\/\/api.w.org\/{rel}","templated":true}]}}