{"id":25253,"date":"2025-10-22T07:00:58","date_gmt":"2025-10-22T05:00:58","guid":{"rendered":"https:\/\/www.generationsanstabac.org\/?post_type=actualites&#038;p=25253"},"modified":"2025-10-16T16:54:03","modified_gmt":"2025-10-16T14:54:03","slug":"en-coree-du-sud-la-baisse-du-tabagisme-traditionnel-ralentie-par-le-tabac-chauffe-et-les-nouveaux-produits-de-la-nicotine","status":"publish","type":"actualites","link":"https:\/\/www.generationsanstabac.org\/fr\/actualites\/en-coree-du-sud-la-baisse-du-tabagisme-traditionnel-ralentie-par-le-tabac-chauffe-et-les-nouveaux-produits-de-la-nicotine\/","title":{"rendered":"En Cor\u00e9e du Sud, la baisse du tabagisme traditionnel ralentie par le tabac chauff\u00e9 et les nouveaux produits de la nicotine"},"content":{"rendered":"<p style=\"text-align: justify\"><em>La proportion d\u2019hommes dans la vingtaine et la trentaine qui fument des cigarettes a fortement diminu\u00e9 entre 2015 et 2024, selon un rapport de la Korea Disease Control and Prevention Agency (KDCA). En 2024, 28,5 % des trentenaires et 22,6 % des hommes \u00e2g\u00e9s de 19 \u00e0 29 ans \u00e9taient fumeurs, soit une baisse de 19,5 et 16,1 points de pourcentage respectivement par rapport \u00e0 2015, les plus fortes diminutions observ\u00e9es parmi toutes les classes d\u2019\u00e2ge<a href=\"#_ftn1\" name=\"_ftnref1\"><strong>[1]<\/strong><\/a>. Cependant, d\u2019autres produits de tabac, de vapotage et de la nicotine enrayent cette diminution et repr\u00e9sentent un march\u00e9 lucratif pour l\u2019industrie du tabac et de la nicotine.<\/em><\/p>\n<h2 style=\"text-align: justify\">La consommation de cigarettes recule mais la consommation d\u2019\u00ab\u00a0alternatives\u00a0\u00bb comme le tabac chauff\u00e9 est en hausse<\/h2>\n<p style=\"text-align: justify\">M\u00eame si elle est en baisse, la proportion de fumeurs de cigarettes combustibles chez les hommes dans la quarantaine demeurait toutefois tr\u00e8s \u00e9lev\u00e9e (36,9 %), contre 45,8 % en 2015. Chez les quinquag\u00e9naires, 34,1 % fumaient encore, soit une l\u00e9g\u00e8re baisse de 2,4 points. L\u2019\u00e9volution est en revanche d\u00e9favorable chez les hommes sexag\u00e9naires avec une hausse de la pr\u00e9valence qui passe de 26,1 % \u00e0 26,4 %. En revanche, elle a diminu\u00e9 de 17 % \u00e0 13,5 % chez les hommes de 70 ans et plus.<\/p>\n<p style=\"text-align: justify\">Si le tabagisme traditionnel recule, la consommation totale de produits de la nicotine, incluant les produits de vapotage mais aussi le tabac chauff\u00e9, diminue plus lentement, voire augmente du fait de l\u2019\u00e9volution \u00e0 la hausse de la consommation de ces produits. En 2024, 40 % des trentenaires d\u00e9claraient utiliser au moins un produit de la nicotine, soit une baisse de seulement 4,9 points depuis 2019, bien inf\u00e9rieure au recul de 10,7 points observ\u00e9 pour les seules cigarettes combustibles.<\/p>\n<p style=\"text-align: justify\">Une tendance similaire appara\u00eet chez les plus jeunes : entre 2019 et 2024, l\u2019usage de la cigarette a chut\u00e9 de 15,2 points, mais l\u2019usage global de produits \u00e0 base de nicotine n\u2019a recul\u00e9 que de 10,5 points chez les hommes de 19 \u00e0 29 ans. Chez les quadrag\u00e9naires, qui est la tranche d\u2019\u00e2ge la plus consommatrice, la part d\u2019usagers de produits de la nicotine a m\u00eame augment\u00e9 de 1,6 %, malgr\u00e9 une l\u00e9g\u00e8re baisse du tabagisme classique.<\/p>\n<p style=\"text-align: justify\">En 2024, Philip Morris International (PMI) indiquait que sa part de march\u00e9 pour les produits \u00e0 tabac chauff\u00e9 en Cor\u00e9e du Sud atteignait 8,1 %, contre 7,1 % en 2023. Le minist\u00e8re cor\u00e9en des Finances rapportait au premier semestre 2023 que la part des ventes du tabac \u00e0 chauffer dans le total des ventes de cigarettes est pass\u00e9e \u00e0 16,5 %, contre 14,8 % un an auparavant.<\/p>\n<h2 style=\"text-align: justify\">Le tabac chauff\u00e9 per\u00e7u \u00e0 tort comme une alternative saine et amalgam\u00e9 aux produits du vapotage<\/h2>\n<p style=\"text-align: justify\">La Cor\u00e9e du Sud ne comptabilise l\u2019usage de l\u2019ensemble des produits de la nicotine que depuis 2019, une p\u00e9riode marqu\u00e9e par la mont\u00e9e du vapotage et des tabacs chauff\u00e9s, amalgam\u00e9s dans le langage courant et administratif sud-cor\u00e9en comme deux sous-cat\u00e9gories du grand ensemble \u00ab e-cigarettes \u00bb, m\u00eame si elles sont trait\u00e9es diff\u00e9remment sur le plan fiscal et sanitaire.<\/p>\n<p style=\"text-align: justify\">Une croyance largement r\u00e9pandue, notamment chez les jeunes, est que les produits de la nicotine \u00ab\u00a0alternatifs\u00a0\u00bb seraient tous moins nocifs que les cigarettes combustibles, quand en r\u00e9alit\u00e9 ce n\u2019est le cas que pour les cigarettes \u00e9lectroniques, sous r\u00e9serve d\u2019un arr\u00eat total du tabac. Une enqu\u00eate men\u00e9e en septembre aupr\u00e8s d\u2019\u00e9l\u00e8ves du primaire, du coll\u00e8ge et du lyc\u00e9e indiquait que 32,2 % d\u2019entre eux consid\u00e9raient les cigarettes \u00e9lectroniques comme moins dangereuses, voire inoffensives.<\/p>\n<p style=\"text-align: justify\">De plus, depuis quelques ann\u00e9es, <a href=\"https:\/\/www.generationsanstabac.org\/fr\/actualites\/des-preoccupations-sanitaires-concernent-les-cigarettes-electroniques-et-les-sachets-dits-sans-nicotine\/\">des produits dits \u00ab nicotine-like\u00a0\u00bb<\/a> comme la 6-m\u00e9thyl-nicotine et le nicotinamide, du fait de l\u2019ajout d\u2019analogues de la nicotine, sont apparus dans plusieurs pays dont la Cor\u00e9e du Sud. Les analogues ne sont pas consid\u00e9r\u00e9s comme des produits de la nicotine et \u00e9chappent au contr\u00f4le, ce que certaines entreprises pr\u00e9sentent comme un avantage commercial. Les experts de sant\u00e9 estiment que ces produits soul\u00e8vent des enjeux de sant\u00e9 publique encore mal \u00e9valu\u00e9s, notamment du fait de leur potentiel addictif et de l\u2019absence de donn\u00e9es sur leurs effets \u00e0 moyen et long terme.<\/p>\n<p style=\"text-align: justify\">Si les mentalit\u00e9s sont encore appel\u00e9es \u00e0 \u00e9voluer sur les nouveaux produits de la nicotine, la soci\u00e9t\u00e9 civile cor\u00e9enne commence n\u00e9anmoins \u00e0 alerter sur les agissements de l\u2019industrie du tabac et son co\u00fbt pour la sant\u00e9 publique. De mars \u00e0 juin 2025, le Service national d\u2019assurance maladie sud-cor\u00e9en (NHIS) a d\u00e9pos\u00e9 aupr\u00e8s de la cour d\u2019appel <a href=\"https:\/\/www.generationsanstabac.org\/fr\/actualites\/plus-de-15-million-de-coreens-signent-une-petition-nationale-soutenant-le-proces-contre-les-fabricants-de-tabac\/\">une p\u00e9tition sign\u00e9e par plus de 1,5 million de personnes<\/a>, dans le cadre de son proc\u00e8s contre trois fabricants de tabac, KT&amp;G, Philip Morris Korea et BAT Korea, pointant notamment le manque de reconnaissance par les entreprises de l\u2019impact du tabac sur les cancers du poumon.<\/p>\n<p style=\"text-align: justify\"><strong style=\"text-align: justify\"><a href=\"https:\/\/www.generationsanstabac.org\/\">\u00a9G\u00e9n\u00e9ration Sans Tabac<\/a><\/strong><\/p>\n<p style=\"text-align: right\"><em><strong>AD<\/strong><\/em><\/p>\n<hr \/>\n<p style=\"text-align: justify\"><a href=\"#_ftnref1\" name=\"_ftn1\">[1]<\/a>Yoon Min-sik, <a href=\"https:\/\/www.koreaherald.com\/article\/10590399\">Cigarette use drops drastically since 2015: study<\/a>, The Korea Herald, publi\u00e9 le 11 octobre 2025, consult\u00e9 le 13 octobre 2025<\/p>\n<p style=\"text-align: justify\"><strong style=\"color: #999999\"><a style=\"color: #999999\" href=\"http:\/\/www.cnct.fr\/\" target=\"_blank\" rel=\"noopener noreferrer\">Comit\u00e9 national contre le tabagisme |<\/a><\/strong><\/p>\n","protected":false},"excerpt":{"rendered":"<p>La proportion d\u2019hommes dans la vingtaine et la trentaine qui fument des cigarettes a fortement diminu\u00e9 entre 2015 et 2024, selon un rapport de la Korea Disease Control and Prevention Agency (KDCA). En 2024, 28,5 % des trentenaires et 22,6 % des hommes \u00e2g\u00e9s de 19 \u00e0 29 ans \u00e9taient fumeurs, soit une baisse de 19,5 et 16,1 points de pourcentage respectivement par rapport \u00e0 2015, les plus fortes diminutions observ\u00e9es parmi toutes les classes d\u2019\u00e2ge. Cependant, d\u2019autres produits de tabac, de vapotage et de la nicotine enrayent cette diminution et repr\u00e9sentent un march\u00e9 lucratif pour l\u2019industrie du tabac et de la nicotine.<\/p>\n","protected":false},"featured_media":25256,"template":"","tags":[],"thematique":[474],"class_list":["post-25253","actualites","type-actualites","status-publish","has-post-thumbnail","hentry","thematique-sante"],"acf":[],"_links":{"self":[{"href":"https:\/\/www.generationsanstabac.org\/fr\/wp-json\/wp\/v2\/actualites\/25253","targetHints":{"allow":["GET"]}}],"collection":[{"href":"https:\/\/www.generationsanstabac.org\/fr\/wp-json\/wp\/v2\/actualites"}],"about":[{"href":"https:\/\/www.generationsanstabac.org\/fr\/wp-json\/wp\/v2\/types\/actualites"}],"version-history":[{"count":1,"href":"https:\/\/www.generationsanstabac.org\/fr\/wp-json\/wp\/v2\/actualites\/25253\/revisions"}],"predecessor-version":[{"id":25257,"href":"https:\/\/www.generationsanstabac.org\/fr\/wp-json\/wp\/v2\/actualites\/25253\/revisions\/25257"}],"wp:featuredmedia":[{"embeddable":true,"href":"https:\/\/www.generationsanstabac.org\/fr\/wp-json\/wp\/v2\/media\/25256"}],"wp:attachment":[{"href":"https:\/\/www.generationsanstabac.org\/fr\/wp-json\/wp\/v2\/media?parent=25253"}],"wp:term":[{"taxonomy":"post_tag","embeddable":true,"href":"https:\/\/www.generationsanstabac.org\/fr\/wp-json\/wp\/v2\/tags?post=25253"},{"taxonomy":"thematique","embeddable":true,"href":"https:\/\/www.generationsanstabac.org\/fr\/wp-json\/wp\/v2\/thematique?post=25253"}],"curies":[{"name":"wp","href":"https:\/\/api.w.org\/{rel}","templated":true}]}}