{"id":25232,"date":"2025-10-20T07:00:10","date_gmt":"2025-10-20T05:00:10","guid":{"rendered":"https:\/\/www.generationsanstabac.org\/?post_type=actualites&#038;p=25232"},"modified":"2025-10-13T17:01:50","modified_gmt":"2025-10-13T15:01:50","slug":"la-sante-mondiale-progresse-mais-les-jeunes-restent-exposes-a-de-nouveaux-risques","status":"publish","type":"actualites","link":"https:\/\/www.generationsanstabac.org\/fr\/actualites\/la-sante-mondiale-progresse-mais-les-jeunes-restent-exposes-a-de-nouveaux-risques\/","title":{"rendered":"La sant\u00e9 mondiale progresse, mais les jeunes restent expos\u00e9s \u00e0 de nouveaux risques"},"content":{"rendered":"<p style=\"text-align: justify\"><em>La derni\u00e8re \u00e9tude mondiale sur le fardeau des maladies (<\/em><a href=\"https:\/\/www.healthdata.org\/sites\/default\/files\/2025-10\/GBD_2023_Booklet_Final_2025.10.10.pdf\"><em>Global Burden of Disease 2023<\/em><\/a><em>) r\u00e9v\u00e8le une am\u00e9lioration g\u00e9n\u00e9rale de la sant\u00e9 mondiale apr\u00e8s la pand\u00e9mie de COVID-19, mais met en \u00e9vidence une crise \u00e9mergente chez les jeunes. Si l\u2019esp\u00e9rance de vie revient globalement \u00e0 son niveau d\u2019avant-pand\u00e9mie, les d\u00e9c\u00e8s li\u00e9s \u00e0 la consommation de drogues, d\u2019alcool, aux troubles mentaux et au suicide augmentent dans plusieurs r\u00e9gions. Les chercheurs appellent \u00e0 renforcer la pr\u00e9vention face \u00e0 ces risques comportementaux, aggrav\u00e9s par les in\u00e9galit\u00e9s socio-\u00e9conomiques et l\u2019\u00e9volution des modes de vie. Ces dynamiques illustrent l\u2019influence de ce que certains experts qualifient de d\u00e9terminants commerciaux de la sant\u00e9 \u2013 l\u2019ensemble des strat\u00e9gies industrielles et \u00e9conomiques qui contribuent \u00e0 la diffusion et \u00e0 la consommation de produits tels que le tabac, l\u2019alcool ou les aliments ultra-transform\u00e9s. <\/em><\/p>\n<p style=\"text-align: justify\">L\u2019\u00e9tude <em>Global Burden of Disease 2023<\/em> (GBD), men\u00e9e par l\u2019Institute for Health Metrics and Evaluation (IHME, Universit\u00e9 de Washington) et publi\u00e9e dans <em>The Lancet<\/em>, constitue la synth\u00e8se la plus compl\u00e8te sur la sant\u00e9 mondiale apr\u00e8s la pand\u00e9mie. Elle repose sur plus de 55 000 sources de donn\u00e9es issues de registres d\u2019\u00e9tat civil, recensements et enqu\u00eates nationales, couvrant pr\u00e8s de 300 causes de d\u00e9c\u00e8s et de maladies. Les indicateurs utilis\u00e9s \u2013 esp\u00e9rance de vie, ann\u00e9es de vie perdues et ann\u00e9es v\u00e9cues avec incapacit\u00e9 \u2013 permettent d\u2019\u00e9valuer l\u2019\u00e9volution du fardeau sanitaire dans l\u2019ensemble des 204 pays et territoires du monde, selon leur niveau de d\u00e9veloppement socio-d\u00e9mographique<a href=\"#_ftn1\" name=\"_ftnref1\">[1]<\/a>.<\/p>\n<h2 style=\"text-align: justify\"><strong>Des progr\u00e8s notables mais des in\u00e9galit\u00e9s persistantes<\/strong><\/h2>\n<p style=\"text-align: justify\">Le <em>Global Burden of Disease 2023<\/em> confirme une am\u00e9lioration significative de la sant\u00e9 mondiale apr\u00e8s la pand\u00e9mie. Dans la plupart des pays, l\u2019esp\u00e9rance de vie a retrouv\u00e9 son niveau d\u2019avant 2020, marquant une sortie de crise sanitaire \u00e0 l\u2019\u00e9chelle plan\u00e9taire. Les chercheurs observent un net recul de la mortalit\u00e9 due aux maladies infectieuses et un progr\u00e8s continu dans la sant\u00e9 maternelle et infantile, en particulier la baisse des d\u00e9c\u00e8s n\u00e9onatals et des infections respiratoires aigu\u00ebs, qui restent pourtant parmi les dix principales causes de perte de sant\u00e9 dans le monde.<\/p>\n<p style=\"text-align: justify\">Ce rebond global masque toutefois de profondes disparit\u00e9s entre r\u00e9gions. L\u2019esp\u00e9rance de vie moyenne varie encore de plus de vingt ans selon le niveau de d\u00e9veloppement socio-d\u00e9mographique : elle atteint environ 83 ans dans les pays \u00e0 revenu \u00e9lev\u00e9 contre 62 ans en Afrique subsaharienne. Ces \u00e9carts traduisent l\u2019in\u00e9gale r\u00e9partition des ressources, des infrastructures de sant\u00e9 et de la pr\u00e9vention, mais aussi la persistance de contextes marqu\u00e9s par la pauvret\u00e9, les conflits ou la faiblesse des syst\u00e8mes de soins.<\/p>\n<p style=\"text-align: justify\">Dans les pays \u00e0 faible indice socio-d\u00e9mographique, la mortalit\u00e9 pr\u00e9matur\u00e9e reste domin\u00e9e par les maladies non transmissibles, notamment les maladies cardiovasculaires, les cancers, le diab\u00e8te et les affections respiratoires chroniques. Le rapport souligne que, malgr\u00e9 les avanc\u00e9es enregistr\u00e9es contre les maladies infectieuses, le poids des maladies chroniques s\u2019alourdit dans les r\u00e9gions les moins dot\u00e9es, o\u00f9 les politiques de pr\u00e9vention et de d\u00e9pistage demeurent limit\u00e9es.<\/p>\n<p style=\"text-align: justify\">Les chercheurs insistent \u00e9galement sur le r\u00f4le d\u00e9terminant des facteurs de risque comportementaux et environnementaux. Le <em>GBD 2023<\/em> identifie cinq causes majeures de perte de sant\u00e9 dans le monde : la pression art\u00e9rielle \u00e9lev\u00e9e, la pollution de l\u2019air (particules fines), le tabagisme, l\u2019hyperglyc\u00e9mie et le surpoids. Pris ensemble, ces risques sont responsables de pr\u00e8s de la moiti\u00e9 des ann\u00e9es de vie perdues ou v\u00e9cues avec incapacit\u00e9 chaque ann\u00e9e \u00e0 l\u2019\u00e9chelle mondiale. Si les pertes de sant\u00e9 associ\u00e9es \u00e0 la plupart de ces risques ont diminu\u00e9 entre 2010 et 2023, celles li\u00e9es \u00e0 l\u2019hyperglyc\u00e9mie et \u00e0 l\u2019indice de masse corporelle \u00e9lev\u00e9 continuent d\u2019augmenter, t\u00e9moignant de la progression rapide du diab\u00e8te et de l\u2019ob\u00e9sit\u00e9 dans toutes les r\u00e9gions.<\/p>\n<p style=\"text-align: justify\">Enfin, les auteurs alertent sur le ralentissement des financements internationaux pour la sant\u00e9. Les coupes dans l\u2019aide au d\u00e9veloppement risquent, selon eux, de compromettre les progr\u00e8s r\u00e9alis\u00e9s dans la lutte contre les maladies infectieuses et d\u2019accentuer les in\u00e9galit\u00e9s structurelles entre pays. Pour y rem\u00e9dier, le rapport plaide pour un renforcement durable de la pr\u00e9vention, de la surveillance \u00e9pid\u00e9miologique et des syst\u00e8mes de soins, conditions indispensables pour consolider les gains sanitaires et r\u00e9duire les \u00e9carts d\u2019esp\u00e9rance de vie entre r\u00e9gions du monde.<\/p>\n<h2 style=\"text-align: justify\"><strong>Une crise silencieuse chez les jeunes<\/strong><\/h2>\n<p style=\"text-align: justify\">Parall\u00e8lement aux progr\u00e8s enregistr\u00e9s \u00e0 l\u2019\u00e9chelle mondiale, le <em>Global Burden of Disease 2023<\/em> met en lumi\u00e8re un constat alarmant : la sant\u00e9 des jeunes adultes s\u2019est d\u00e9grad\u00e9e dans plusieurs r\u00e9gions du monde. Alors que la mortalit\u00e9 recule globalement pour la plupart des classes d\u2019\u00e2ge, certaines cat\u00e9gories de jeunes voient leurs taux de d\u00e9c\u00e8s stagner, voire augmenter. Cette tendance, particuli\u00e8rement marqu\u00e9e en Am\u00e9rique du Nord et en Europe de l\u2019Est, contraste avec les progr\u00e8s observ\u00e9s dans les pays \u00e0 revenu faible ou interm\u00e9diaire, o\u00f9 la mortalit\u00e9 infantile et les maladies infectieuses continuent de reculer.<\/p>\n<p style=\"text-align: justify\">Les chercheurs de l\u2019IHME soulignent que les d\u00e9c\u00e8s li\u00e9s \u00e0 la consommation de drogues, d\u2019alcool et au suicide ont connu une hausse significative au cours de la derni\u00e8re d\u00e9cennie. Dans plusieurs pays \u00e0 revenu \u00e9lev\u00e9, ces causes figurent d\u00e9sormais parmi les principales sources de mortalit\u00e9 chez les 15\u201324 ans. L\u2019\u00e9tude identifie une d\u00e9t\u00e9rioration sp\u00e9cifique du bien-\u00eatre psychique des jeunes g\u00e9n\u00e9rations, aggrav\u00e9e par la pr\u00e9carit\u00e9 sociale, la d\u00e9t\u00e9rioration des conditions de vie, l\u2019instabilit\u00e9 climatique et l\u2019exposition croissante \u00e0 des comportements addictifs. Ces facteurs interagissent pour former ce que le rapport qualifie de \u00ab crise \u00e9mergente de la jeunesse \u00bb, marqu\u00e9e par une accumulation de risques sociaux et sanitaires qui menacent les progr\u00e8s accomplis en mati\u00e8re de sant\u00e9 publique.<\/p>\n<p style=\"text-align: justify\">Le rapport r\u00e9v\u00e8le \u00e9galement que la situation varie fortement selon les r\u00e9gions. En Afrique subsaharienne, les nouvelles m\u00e9thodes d\u2019analyse du GBD ont permis de corriger des sous-estimations importantes : la mortalit\u00e9 f\u00e9minine chez les 15\u201329 ans s\u2019av\u00e8re 61 % plus \u00e9lev\u00e9e que ce que les pr\u00e9c\u00e9dentes \u00e9ditions du rapport indiquaient. Ce r\u00e9sultat s\u2019explique notamment par une meilleure prise en compte des d\u00e9c\u00e8s li\u00e9s aux violences interpersonnelles, aux complications obst\u00e9tricales et aux maladies chroniques non diagnostiqu\u00e9es. Dans les pays \u00e0 revenu \u00e9lev\u00e9, \u00e0 l\u2019inverse, les jeunes femmes pr\u00e9sentent des taux de mortalit\u00e9 plus faibles mais davantage de pertes d\u2019ann\u00e9es de vie en bonne sant\u00e9 li\u00e9es aux troubles mentaux, \u00e0 l\u2019anxi\u00e9t\u00e9 et \u00e0 la d\u00e9pression.<\/p>\n<p style=\"text-align: justify\">Aux \u00c9tats-Unis et au Canada, le GBD note une augmentation des d\u00e9c\u00e8s chez les enfants \u00e2g\u00e9s de 5 \u00e0 14 ans et une remont\u00e9e du taux de mortalit\u00e9 chez les jeunes de 15 \u00e0 24 ans depuis 2010, rompant avec la tendance \u00e0 la baisse observ\u00e9e depuis trois d\u00e9cennies. Les chercheurs y voient un signal pr\u00e9occupant d\u2019une fragilisation des politiques de sant\u00e9 publique \u00e0 destination des jeunes et d\u2019un recul de la pr\u00e9vention face aux addictions et aux troubles psychiques.<\/p>\n<p style=\"text-align: justify\">Ces dynamiques convergentes traduisent un malaise global : les jeunes g\u00e9n\u00e9rations, confront\u00e9es \u00e0 des contextes socio-\u00e9conomiques et environnementaux instables, cumulent des vuln\u00e9rabilit\u00e9s nouvelles, que les syst\u00e8mes de sant\u00e9 peinent \u00e0 appr\u00e9hender. Pour les auteurs du rapport, il s\u2019agit d\u2019un tournant majeur dans les tendances de la sant\u00e9 mondiale, qui appelle \u00e0 repenser les politiques de pr\u00e9vention, d\u2019\u00e9ducation et de soutien psychologique, afin de limiter la progression des conduites \u00e0 risque et de mieux prot\u00e9ger la sant\u00e9 mentale des jeunes.<\/p>\n<h2 style=\"text-align: justify\"><strong>Le tabac demeure un facteur majeur de perte de sant\u00e9<\/strong><\/h2>\n<p style=\"text-align: justify\">Le tabagisme figure toujours parmi les principaux facteurs de risque mondiaux de d\u00e9c\u00e8s pr\u00e9matur\u00e9 et de mauvaise sant\u00e9, aux c\u00f4t\u00e9s de l\u2019hypertension, de la pollution de l\u2019air, de l\u2019hyperglyc\u00e9mie et du surpoids. Ces cinq risques repr\u00e9sentent, selon le GBD, pr\u00e8s de la moiti\u00e9 des ann\u00e9es de vie perdues ou v\u00e9cues avec incapacit\u00e9 dans le monde.<\/p>\n<p style=\"text-align: justify\">Le rapport rappelle que le tabac contribue directement \u00e0 la charge des maladies non transmissibles, qui dominent d\u00e9sormais la mortalit\u00e9 mondiale. Si les pertes de sant\u00e9 li\u00e9es \u00e0 certains risques \u2013 comme la pollution atmosph\u00e9rique ou l\u2019hypertension \u2013 ont diminu\u00e9 depuis 2010, celles attribuables au tabagisme demeurent stables et continuent de peser lourdement sur les populations, notamment dans les pays \u00e0 faible revenu.<\/p>\n<p style=\"text-align: justify\">Pour les auteurs, la r\u00e9duction durable du tabagisme reste essentielle pour pr\u00e9venir les d\u00e9c\u00e8s pr\u00e9matur\u00e9s et am\u00e9liorer la sant\u00e9 mondiale. Agir sur les principaux d\u00e9terminants comportementaux, dont le tabac, permettrait de pr\u00e9venir une part consid\u00e9rable de la mortalit\u00e9 \u00e9vitable et de consolider les gains enregistr\u00e9s depuis la pand\u00e9mie.<\/p>\n<p style=\"text-align: justify\">Au-del\u00e0 des comportements individuels, ces r\u00e9sultats s\u2019inscrivent dans une r\u00e9flexion plus large sur les d\u00e9terminants commerciaux de la sant\u00e9, c\u2019est-\u00e0-dire l\u2019influence exerc\u00e9e par les acteurs \u00e9conomiques sur les modes de consommation et les environnements de sant\u00e9. La disponibilit\u00e9, la publicit\u00e9 et la diversification de produits tels que le tabac, l\u2019alcool ou les aliments ultra-transform\u00e9s contribuent \u00e0 fa\u00e7onner les comportements de risque observ\u00e9s dans la population. Sans aborder directement ces enjeux, le <em>GBD 2023<\/em> montre que les principaux facteurs de perte de sant\u00e9 sont \u00e9troitement li\u00e9s \u00e0 des dynamiques \u00e9conomiques et sociales globales. Cette lecture \u00e9largie du fardeau sanitaire souligne l\u2019importance d\u2019int\u00e9grer la r\u00e9gulation des environnements commerciaux dans les politiques de pr\u00e9vention \u00e0 long terme.<\/p>\n<p style=\"text-align: justify\"><strong style=\"text-align: justify\"><a href=\"https:\/\/www.generationsanstabac.org\/\">\u00a9G\u00e9n\u00e9ration Sans Tabac<\/a><\/strong><\/p>\n<p style=\"text-align: right\"><em><strong>AE<\/strong><\/em><\/p>\n<hr \/>\n<p><a href=\"#_ftnref1\" name=\"_ftn1\">[1]<\/a> <a href=\"https:\/\/medicalxpress.com\/news\/2025-10-global-burden-disease-mortality-declines.html\">Global Burden of Disease study: Mortality declines, but youth deaths and health inequities rise<\/a>, Institute for Health Metrics and Evaluation, publi\u00e9 le 12 octobre 2025, consult\u00e9 le jour-m\u00eame<\/p>\n<p><strong style=\"color: #999999\"><a style=\"color: #999999\" href=\"http:\/\/www.cnct.fr\/\" target=\"_blank\" rel=\"noopener noreferrer\">Comit\u00e9 national contre le tabagisme |<\/a><\/strong><\/p>\n","protected":false},"excerpt":{"rendered":"<p>La derni\u00e8re \u00e9tude mondiale sur le fardeau des maladies (Global Burden of Disease 2023) r\u00e9v\u00e8le une am\u00e9lioration g\u00e9n\u00e9rale de la sant\u00e9 mondiale apr\u00e8s la pand\u00e9mie de COVID-19, mais met en \u00e9vidence une crise \u00e9mergente chez les jeunes. Si l\u2019esp\u00e9rance de vie revient globalement \u00e0 son niveau d\u2019avant-pand\u00e9mie, les d\u00e9c\u00e8s li\u00e9s \u00e0 la consommation de drogues, d\u2019alcool, aux troubles mentaux et au suicide augmentent dans plusieurs r\u00e9gions. Les chercheurs appellent \u00e0 renforcer la pr\u00e9vention face \u00e0 ces risques comportementaux, aggrav\u00e9s par les in\u00e9galit\u00e9s socio-\u00e9conomiques et l\u2019\u00e9volution des modes de vie. Ces dynamiques illustrent l\u2019influence de ce que certains experts qualifient de d\u00e9terminants commerciaux de la sant\u00e9 \u2013 l\u2019ensemble des strat\u00e9gies industrielles et \u00e9conomiques qui contribuent \u00e0 la diffusion et \u00e0 la consommation de produits tels que le tabac, l\u2019alcool ou les aliments ultra-transform\u00e9s.<\/p>\n","protected":false},"featured_media":25235,"template":"","tags":[],"thematique":[474],"class_list":["post-25232","actualites","type-actualites","status-publish","has-post-thumbnail","hentry","thematique-sante"],"acf":[],"_links":{"self":[{"href":"https:\/\/www.generationsanstabac.org\/fr\/wp-json\/wp\/v2\/actualites\/25232","targetHints":{"allow":["GET"]}}],"collection":[{"href":"https:\/\/www.generationsanstabac.org\/fr\/wp-json\/wp\/v2\/actualites"}],"about":[{"href":"https:\/\/www.generationsanstabac.org\/fr\/wp-json\/wp\/v2\/types\/actualites"}],"version-history":[{"count":1,"href":"https:\/\/www.generationsanstabac.org\/fr\/wp-json\/wp\/v2\/actualites\/25232\/revisions"}],"predecessor-version":[{"id":25236,"href":"https:\/\/www.generationsanstabac.org\/fr\/wp-json\/wp\/v2\/actualites\/25232\/revisions\/25236"}],"wp:featuredmedia":[{"embeddable":true,"href":"https:\/\/www.generationsanstabac.org\/fr\/wp-json\/wp\/v2\/media\/25235"}],"wp:attachment":[{"href":"https:\/\/www.generationsanstabac.org\/fr\/wp-json\/wp\/v2\/media?parent=25232"}],"wp:term":[{"taxonomy":"post_tag","embeddable":true,"href":"https:\/\/www.generationsanstabac.org\/fr\/wp-json\/wp\/v2\/tags?post=25232"},{"taxonomy":"thematique","embeddable":true,"href":"https:\/\/www.generationsanstabac.org\/fr\/wp-json\/wp\/v2\/thematique?post=25232"}],"curies":[{"name":"wp","href":"https:\/\/api.w.org\/{rel}","templated":true}]}}