{"id":25189,"date":"2025-10-15T07:00:00","date_gmt":"2025-10-15T05:00:00","guid":{"rendered":"https:\/\/www.generationsanstabac.org\/?post_type=actualites&#038;p=25189"},"modified":"2025-10-08T09:38:15","modified_gmt":"2025-10-08T07:38:15","slug":"tabac-les-progres-mondiaux-ralentissent-leurope-en-retard-sur-les-objectifs-de-loms","status":"publish","type":"actualites","link":"https:\/\/www.generationsanstabac.org\/fr\/actualites\/tabac-les-progres-mondiaux-ralentissent-leurope-en-retard-sur-les-objectifs-de-loms\/","title":{"rendered":"Tabac : les progr\u00e8s mondiaux ralentissent, l\u2019Europe en retard sur les objectifs de l\u2019OMS"},"content":{"rendered":"<p style=\"text-align: justify\"><em>Malgr\u00e9 une baisse continue du tabagisme depuis vingt ans, le nouveau <\/em><a href=\"https:\/\/iris.who.int\/server\/api\/core\/bitstreams\/2eca3aea-b772-4272-a2ae-6fa26f3f9cd5\/content\"><em>rapport<\/em><\/a><em> mondial de l\u2019Organisation mondiale de la Sant\u00e9 r\u00e9v\u00e8le un ralentissement du recul de la consommation de tabac, qui compromet la r\u00e9alisation des objectifs fix\u00e9s pour 2025. Si plusieurs r\u00e9gions du monde, notamment l\u2019Afrique, les Am\u00e9riques et l\u2019Asie du Sud-Est, ont d\u00e9j\u00e0 atteint ou d\u00e9pass\u00e9 la cible de r\u00e9duction de 30 %, d\u2019autres \u2014 dont l\u2019Europe \u2014 accusent un net retard. Le continent europ\u00e9en demeure aujourd\u2019hui la r\u00e9gion la plus consommatrice de tabac, en particulier chez les hommes, avec un rythme de d\u00e9clin parmi les plus lents au monde<a href=\"#_ftn1\" name=\"_ftnref1\"><strong>[1]<\/strong><\/a>.<\/em><\/p>\n<h2 style=\"text-align: justify\"><strong>Des r\u00e9sultats contrast\u00e9s \u00e0 l\u2019\u00e9chelle mondiale<\/strong><\/h2>\n<p style=\"text-align: justify\">Selon le rapport mondial de l\u2019OMS sur les tendances du tabac 2000\u20132024 et projections 2025\u20132030, la proportion d\u2019adultes consommant du tabac est pass\u00e9e de 33 % en 2000 \u00e0 19,5 % en 2024. Cette baisse demeure significative, mais le monde n\u2019atteint pas encore la r\u00e9duction relative de 30 % pr\u00e9vue pour 2025 : la pr\u00e9valence actuelle reste l\u00e9g\u00e8rement au-dessus de la cible fix\u00e9e \u00e0 18,3 %. \u00c0 ce rythme, l\u2019objectif ne devrait \u00eatre atteint qu\u2019en 2028.<\/p>\n<p style=\"text-align: justify\">L\u2019analyse r\u00e9v\u00e8le des trajectoires r\u00e9gionales tr\u00e8s contrast\u00e9es. L\u2019Afrique, les Am\u00e9riques et l\u2019Asie du Sud-Est figurent parmi les r\u00e9gions les plus dynamiques. En Afrique, la pr\u00e9valence moyenne est tomb\u00e9e de 13,4 % en 2010 \u00e0 9,3 % en 2025, atteignant ainsi la cible mondiale. Dans les Am\u00e9riques, elle a diminu\u00e9 de 21,3 % \u00e0 13,6 %, soit une r\u00e9duction relative de 36 %, tandis que l\u2019Asie du Sud-Est enregistre la plus forte baisse, de 37,7 % \u00e0 22,7 %, ce qui lui a permis d\u2019atteindre la cible d\u00e8s 2021.<\/p>\n<p style=\"text-align: justify\">\u00c0 l\u2019inverse, la r\u00e9gion europ\u00e9enne, la M\u00e9diterran\u00e9e orientale et le Pacifique occidental accusent un retard pr\u00e9occupant, leurs progr\u00e8s demeurant nettement inf\u00e9rieurs \u00e0 la moyenne mondiale. En Europe, la pr\u00e9valence atteint encore 23,8 % en 2025, soit une r\u00e9duction relative de 19 % seulement par rapport \u00e0 2010. Dans la r\u00e9gion du Moyen-Orient, la baisse reste limit\u00e9e \u00e0 19 %, passant de 22 % \u00e0 17,8 %, tandis que la r\u00e9gion du Pacifique occidental affiche la diminution la plus faible au monde, \u00e0 12 %, avec une pr\u00e9valence moyenne de 22,7 % et jusqu\u2019\u00e0 43 % chez les hommes.<\/p>\n<p style=\"text-align: justify\">Les \u00e9carts entre les sexes demeurent cons\u00e9quents : 32,5 % des hommes \u00e2g\u00e9es de plus de 15 ans fument encore, contre 6,6 % des femmes, un rapport de cinq pour un qui s\u2019est accentu\u00e9 au fil des d\u00e9cennies. Le rapport souligne enfin que le nombre absolu de fumeurs reste consid\u00e9rable : 1,2 milliard de personnes consomment encore du tabac, dont pr\u00e8s d\u2019un milliard d\u2019hommes. Cependant, les femmes demeurent une cible privil\u00e9gi\u00e9e du marketing de l\u2019industrie du tabac, notamment dans les pays \u00e0 revenu faible et interm\u00e9diaire o\u00f9 les taux de consommation f\u00e9minine restent plus faibles. Aussi l\u2019OMS appelle \u00e0 la vigilance pour pr\u00e9venir la remise en cause des progr\u00e8s observ\u00e9s au cours des derni\u00e8res d\u00e9cennies.<\/p>\n<h2 style=\"text-align: justify\"><strong>L\u2019Europe, premi\u00e8re r\u00e9gion consommatrice de tabac<\/strong><\/h2>\n<p style=\"text-align: justify\">Avec pr\u00e8s d\u2019un quart de sa population adulte consommatrice de tabac, l\u2019Europe demeure la r\u00e9gion la plus touch\u00e9e au monde. Le recul du tabagisme y reste lent et in\u00e9gal : 30,8 % des hommes et 17,4 % des femmes fumaient encore en 2024. Dans plusieurs pays d\u2019Europe de l\u2019Est et du Sud-Est, la pr\u00e9valence masculine d\u00e9passe 35 %, tandis que la consommation f\u00e9minine demeure stable autour de 20 % en moyenne dans les pays d\u2019Europe occidentale.<\/p>\n<p style=\"text-align: justify\">Cette situation refl\u00e8te \u00e0 la fois des politiques nationales h\u00e9t\u00e9rog\u00e8nes et l\u2019influence persistante de l\u2019industrie du tabac, qui continue de freiner l\u2019adoption de mesures fortes. Cette influence de l\u2019industrie du tabac est d\u2019autant plus pr\u00e9gnante que les fabricants r\u00e9alisent des marges b\u00e9n\u00e9ficiaires particuli\u00e8rement \u00e9lev\u00e9es dans ces pays. Dans de nombreux \u00c9tats membres, la hausse des taxes, l\u2019interdiction compl\u00e8te de la publicit\u00e9 ou les espaces sans tabac restent peu ou pas appliqu\u00e9s, affaiblissant l\u2019impact global des politiques publiques. \u00a0Dans le cadre de la publication de son nouveau rapport mondial, l\u2019OMS appelle les gouvernements \u00e0 renforcer et acc\u00e9l\u00e9rer la mise en \u0153uvre des politiques de lutte antitabac. L\u2019organisation souligne que, malgr\u00e9 les progr\u00e8s r\u00e9alis\u00e9s, le ralentissement observ\u00e9 dans plusieurs pays compromet les objectifs globaux fix\u00e9s et risque d\u2019entra\u00eener une hausse \u00e9vitable des maladies et d\u00e9c\u00e8s li\u00e9s au tabac. Elle avertit que, <em>\u00ab sans action renforc\u00e9e, le ralentissement actuel se traduira directement par des d\u00e9c\u00e8s \u00e9vitables dans les ann\u00e9es \u00e0 venir <\/em>\u00bb.<\/p>\n<p style=\"text-align: justify\">Ce rappel intervient dans un contexte europ\u00e9en marqu\u00e9 par la r\u00e9vision en cours de la directive sur la fiscalit\u00e9 du tabac, un texte strat\u00e9gique visant \u00e0 harmoniser les niveaux de taxation entre \u00c9tats membres et \u00e0 mieux int\u00e9grer les consid\u00e9rations de sant\u00e9 publique dans la politique fiscale. Cette r\u00e9vision, actuellement d\u00e9battue au sein du Conseil de l\u2019UE, pourrait permettre d\u2019accro\u00eetre la convergence des prix du tabac et de r\u00e9duire les \u00e9carts qui alimentent encore le commerce transfrontalier. Plusieurs \u00c9tats membres soutiennent une approche ambitieuse int\u00e9grant une hausse des droits d\u2019accise sur les produits du tabac, tandis que d\u2019autres, invoquant des arguments \u00e9conomiques, freinent les discussions. Pour l\u2019OMS, une harmonisation ascendante des taxes reste l\u2019un des leviers les plus efficaces pour acc\u00e9l\u00e9rer la baisse du tabagisme sur le continent.<\/p>\n<h2 style=\"text-align: justify\"><strong>Un appel mondial \u00e0 acc\u00e9l\u00e9rer la lutte antitabac<\/strong><\/h2>\n<p style=\"text-align: justify\">Le nouveau rapport de l\u2019OMS s\u2019accompagne d\u2019un constat partag\u00e9 par plusieurs experts, notamment ceux de The Union<a href=\"#_ftn2\" name=\"_ftnref2\">[2]<\/a>, auteurs d\u2019une r\u00e9cente analyse publi\u00e9e dans le blog du<em> British Medical Journal<\/em>. Selon eux, la mise en \u0153uvre du trait\u00e9 mondial de lutte antitabac (CCLAT) tend \u00e0 s\u2019essouffler : si les politiques adopt\u00e9es au cours des vingt derni\u00e8res ann\u00e9es ont permis une baisse historique du tabagisme, leur rythme d\u2019application et leur niveau d\u2019ambition se sont affaiblis dans de nombreux pays. Ce ralentissement co\u00efncide avec le d\u00e9ploiement d\u2019une nouvelle strat\u00e9gie globale de l\u2019industrie du tabac visant \u00e0 reconqu\u00e9rir et diversifier ses march\u00e9s, notamment \u00e0 travers la promotion de nouveaux produits nicotiniques et le repositionnement de son discours autour de la \u00ab\u00a0r\u00e9duction des risques\u00a0\u00bb.<\/p>\n<p style=\"text-align: justify\">Face \u00e0 cette situation, ils appellent les \u00c9tats \u00e0 raviver leur engagement et \u00e0 renforcer la mise en \u0153uvre des dispositions du trait\u00e9. L\u2019organisation souligne la n\u00e9cessit\u00e9 de compl\u00e9ter les obligations d\u00e9j\u00e0 existantes, en particulier celles qui demeurent insuffisamment appliqu\u00e9es : la fiscalit\u00e9 dissuasive, les interdictions compl\u00e8tes de publicit\u00e9, de promotion et de parrainage, et la protection des politiques publiques \u00e0 l\u2019\u00e9gard de l\u2019ing\u00e9rence de l\u2019industrie du tabac, conform\u00e9ment \u00e0 l\u2019article 5.3 de la CCLAT.<\/p>\n<p style=\"text-align: justify\">Ils encouragent \u00e9galement les gouvernements \u00e0 aller au-del\u00e0 des dispositions du trait\u00e9 d\u00e9finies au d\u00e9but des ann\u00e9es 2000, comme le permet l\u2019article 2.1. Cette mise en \u0153uvre de nouvelles mesures en lien avec l\u2019\u00e9volution de la connaissance scientifique et de l\u2019\u00e9pid\u00e9mie dans les Parties inclut notamment le renforcement des restrictions sur la commercialisation, la r\u00e9glementation des nouveaux produits du tabac et de la nicotine et la mise en place de politiques de r\u00e9duction de la d\u00e9pendance \u00e0 la nicotine. Elles int\u00e8grent \u00e9galement le principe de l\u2019interdiction de la vente g\u00e9n\u00e9rationnelle. Les recommandations formul\u00e9es par les experts de <em>The Union<\/em> convergent avec celles de l\u2019OMS : seule une approche forte, proactive et int\u00e9gr\u00e9e permettra de maintenir la dynamique mondiale de r\u00e9duction du tabagisme.<\/p>\n<p style=\"text-align: justify\">L\u2019organisation appelle enfin \u00e0 un financement plus soutenu des programmes antitabac, en particulier dans les pays \u00e0 revenu faible ou interm\u00e9diaire, o\u00f9 le manque de ressources humaines et techniques entrave encore l\u2019application des lois. Elle insiste \u00e9galement sur la n\u00e9cessit\u00e9 d\u2019un soutien international renforc\u00e9, par le partage d\u2019expertises et de bonnes pratiques entre les \u00c9tats parties au trait\u00e9.<\/p>\n<p style=\"text-align: justify\">Cet appel vise \u00e0 \u00e9viter que les progr\u00e8s accomplis depuis vingt ans ne se figent ou ne s\u2019inversent. L\u2019OMS rappelle que la lutte antitabac doit rester une priorit\u00e9 centrale des politiques de sant\u00e9 publique et de d\u00e9veloppement durable. La pleine mise en \u0153uvre de la CCLAT demeure essentielle pour r\u00e9duire la mortalit\u00e9 pr\u00e9matur\u00e9e li\u00e9e aux maladies non transmissibles d\u2019ici 2030 et contribuer \u00e0 r\u00e9duire le poids des maladies non transmissibles qui mettent en p\u00e9ril les syst\u00e8mes de soins.<\/p>\n<p style=\"text-align: justify\"><strong style=\"text-align: justify\"><a href=\"https:\/\/www.generationsanstabac.org\/\">\u00a9G\u00e9n\u00e9ration Sans Tabac<\/a><\/strong><\/p>\n<p style=\"text-align: right\"><em><strong>AE<\/strong><\/em><\/p>\n<hr \/>\n<p style=\"text-align: justify\"><a href=\"#_ftnref1\" name=\"_ftn1\">[1]<\/a> Communiqu\u00e9, WHO tobacco trends report: 1 in 5 adults still addicted to tobacco, OMS, publi\u00e9 le 6 octobre 2025, consult\u00e9 le jour-m\u00eame<\/p>\n<p style=\"text-align: justify\"><a href=\"#_ftnref2\" name=\"_ftn2\">[2]<\/a> Les Hagen, Garima Bhatt, Rakesh Gupta, Sonu Goel, Opinder Preet Kaur Gill &amp; Tara Singh Bam, <a href=\"https:\/\/blogs.bmj.com\/tc\/2025\/10\/07\/report-reveals-that-tobacco-control-treaty-progress-is-slipping\/\">Report Reveals that Tobacco Control Treaty Progress is Slipping<\/a> , BMJ Blog, publi\u00e9 le 7 octobre 2025, consult\u00e9 le jour-m\u00eame<\/p>\n<p><strong style=\"color: #999999\"><a style=\"color: #999999\" href=\"http:\/\/www.cnct.fr\/\" target=\"_blank\" rel=\"noopener noreferrer\">Comit\u00e9 national contre le tabagisme |<\/a><\/strong><\/p>\n","protected":false},"excerpt":{"rendered":"<p>Malgr\u00e9 une baisse continue du tabagisme depuis vingt ans, le nouveau rapport mondial de l\u2019Organisation mondiale de la Sant\u00e9 r\u00e9v\u00e8le un ralentissement du recul de la consommation de tabac, qui compromet la r\u00e9alisation des objectifs fix\u00e9s pour 2025. Si plusieurs r\u00e9gions du monde, notamment l\u2019Afrique, les Am\u00e9riques et l\u2019Asie du Sud-Est, ont d\u00e9j\u00e0 atteint ou d\u00e9pass\u00e9 la cible de r\u00e9duction de 30 %, d\u2019autres \u2014 dont l\u2019Europe \u2014 accusent un net retard. Le continent europ\u00e9en demeure aujourd\u2019hui la r\u00e9gion la plus consommatrice de tabac, en particulier chez les hommes, avec un rythme de d\u00e9clin parmi les plus lents au monde<\/p>\n","protected":false},"featured_media":25192,"template":"","tags":[],"thematique":[491,474],"class_list":["post-25189","actualites","type-actualites","status-publish","has-post-thumbnail","hentry","thematique-politiques-publiques","thematique-sante"],"acf":[],"_links":{"self":[{"href":"https:\/\/www.generationsanstabac.org\/fr\/wp-json\/wp\/v2\/actualites\/25189","targetHints":{"allow":["GET"]}}],"collection":[{"href":"https:\/\/www.generationsanstabac.org\/fr\/wp-json\/wp\/v2\/actualites"}],"about":[{"href":"https:\/\/www.generationsanstabac.org\/fr\/wp-json\/wp\/v2\/types\/actualites"}],"version-history":[{"count":1,"href":"https:\/\/www.generationsanstabac.org\/fr\/wp-json\/wp\/v2\/actualites\/25189\/revisions"}],"predecessor-version":[{"id":25193,"href":"https:\/\/www.generationsanstabac.org\/fr\/wp-json\/wp\/v2\/actualites\/25189\/revisions\/25193"}],"wp:featuredmedia":[{"embeddable":true,"href":"https:\/\/www.generationsanstabac.org\/fr\/wp-json\/wp\/v2\/media\/25192"}],"wp:attachment":[{"href":"https:\/\/www.generationsanstabac.org\/fr\/wp-json\/wp\/v2\/media?parent=25189"}],"wp:term":[{"taxonomy":"post_tag","embeddable":true,"href":"https:\/\/www.generationsanstabac.org\/fr\/wp-json\/wp\/v2\/tags?post=25189"},{"taxonomy":"thematique","embeddable":true,"href":"https:\/\/www.generationsanstabac.org\/fr\/wp-json\/wp\/v2\/thematique?post=25189"}],"curies":[{"name":"wp","href":"https:\/\/api.w.org\/{rel}","templated":true}]}}