{"id":25154,"date":"2025-10-05T08:00:51","date_gmt":"2025-10-05T06:00:51","guid":{"rendered":"https:\/\/www.generationsanstabac.org\/?post_type=actualites&#038;p=25154"},"modified":"2025-10-03T15:51:47","modified_gmt":"2025-10-03T13:51:47","slug":"les-etats-unis-bloquent-la-nouvelle-declaration-politique-des-nations-unies","status":"publish","type":"actualites","link":"https:\/\/www.generationsanstabac.org\/fr\/actualites\/les-etats-unis-bloquent-la-nouvelle-declaration-politique-des-nations-unies\/","title":{"rendered":"Les Etats-Unis bloquent la nouvelle d\u00e9claration politique des Nations Unies"},"content":{"rendered":"<p style=\"text-align: justify\"><em>R\u00e9unis le 25 septembre 2025 lors de la quatri\u00e8me r\u00e9union de haut niveau de l\u2019Assembl\u00e9e g\u00e9n\u00e9rale des Nations Unies consacr\u00e9e aux maladies non transmissibles (MNT) et \u00e0 la sant\u00e9 mentale, les \u00c9tats membres ont cherch\u00e9 \u00e0 adopter une d\u00e9claration politique ambitieuse visant \u00e0 acc\u00e9l\u00e9rer les efforts de pr\u00e9vention et de prise en charge. Le texte r\u00e9affirme l\u2019objectif de r\u00e9duire d\u2019un tiers la mortalit\u00e9 pr\u00e9matur\u00e9e due aux MNT d\u2019ici 2030 et fixe des cibles mesurables pour les cinq prochaines ann\u00e9es, notamment en mati\u00e8re de tabac, d\u2019hypertension et de sant\u00e9 mentale. Mais malgr\u00e9 un large consensus, son adoption a \u00e9t\u00e9 bloqu\u00e9e par les \u00c9tats-Unis, obligeant \u00e0 un passage par un vote en Assembl\u00e9e g\u00e9n\u00e9rale<a href=\"#_ftn1\" name=\"_ftnref1\"><strong>[1]<\/strong><\/a>. <\/em><\/p>\n<h2 style=\"text-align: justify\"><strong>Une r\u00e9ponse globale face \u00e0 un fardeau croissant<\/strong><\/h2>\n<p style=\"text-align: justify\">La d\u00e9claration politique adopt\u00e9e par les \u00c9tats membres souligne que les maladies non transmissibles constituent aujourd\u2019hui la premi\u00e8re cause de mortalit\u00e9 dans le monde, avec plus de 43 millions de d\u00e9c\u00e8s par an, dont 18 millions consid\u00e9r\u00e9s comme pr\u00e9matur\u00e9s, c\u2019est-\u00e0-dire survenant avant l\u2019\u00e2ge de 70 ans. Les maladies cardiovasculaires repr\u00e9sentent la part la plus importante de cette mortalit\u00e9, suivies par les cancers, le diab\u00e8te et les maladies respiratoires chroniques. La charge mondiale inclut \u00e9galement d\u2019autres affections comme les maladies r\u00e9nales chroniques, les troubles bucco-dentaires ou encore les maladies rares, qui accentuent la pression sur les syst\u00e8mes de sant\u00e9.<\/p>\n<p style=\"text-align: justify\">La d\u00e9claration insiste sur le fait que ces maladies sont largement li\u00e9es \u00e0 des facteurs de risque modifiables, tels que la consommation de tabac, l\u2019usage nocif de l\u2019alcool, une alimentation d\u00e9s\u00e9quilibr\u00e9e, la s\u00e9dentarit\u00e9 et la pollution atmosph\u00e9rique. Les chefs d\u2019\u00c9tat et de gouvernement ont r\u00e9affirm\u00e9 la n\u00e9cessit\u00e9 de r\u00e9ponses coordonn\u00e9es \u00e0 l\u2019\u00e9chelle mondiale, mobilisant l\u2019ensemble des secteurs au-del\u00e0 du seul champ de la sant\u00e9. Cela inclut des politiques de pr\u00e9vention cibl\u00e9es, le renforcement des syst\u00e8mes de soins primaires, la mise en place de financements durables et l\u2019int\u00e9gration de la lutte contre les MNT dans les strat\u00e9gies de d\u00e9veloppement.<\/p>\n<p style=\"text-align: justify\">Les \u00c9tats ont \u00e9galement reconnu que les MNT touchent de mani\u00e8re disproportionn\u00e9e les populations les plus vuln\u00e9rables \u2013 personnes en situation de pauvret\u00e9, populations rurales, communaut\u00e9s expos\u00e9es aux effets du changement climatique ou encore habitants des petits \u00c9tats insulaires en d\u00e9veloppement. Ces in\u00e9galit\u00e9s appellent \u00e0 un effort collectif pour garantir l\u2019acc\u00e8s universel \u00e0 la pr\u00e9vention, au d\u00e9pistage et aux soins, afin de r\u00e9duire le fardeau sanitaire, social et \u00e9conomique que repr\u00e9sentent les MNT dans toutes les r\u00e9gions du monde.<\/p>\n<h2 style=\"text-align: justify\"><strong>Un volet central consacr\u00e9 \u00e0 la lutte antitabac<\/strong><\/h2>\n<p style=\"text-align: justify\">La nouvelle d\u00e9claration politique accorde une place importante \u00e0 la lutte contre le tabagisme, identifi\u00e9 comme le premier facteur de risque \u00e9vitable des maladies non transmissibles. Avec 1,3 milliard de consommateurs et plus de sept millions de d\u00e9c\u00e8s chaque ann\u00e9e, dont 1,6 million li\u00e9s au tabagisme passif, le tabac reste un enjeu majeur de sant\u00e9 publique mondiale<\/p>\n<p style=\"text-align: justify\">Pour la premi\u00e8re fois, les \u00c9tats membres se fixent une cible chiffr\u00e9e : r\u00e9duire de 150 millions le nombre de consommateurs de tabac d\u2019ici 2030. Pour atteindre cet objectif, le texte encourage la mise en \u0153uvre de mesures \u00e9prouv\u00e9es, en coh\u00e9rence avec la Convention-cadre de l\u2019OMS pour la lutte antitabac (CCLAT). Il s\u2019agit notamment d\u2019augmenter la fiscalit\u00e9 sur les produits du tabac, de renforcer les avertissements sanitaires, d\u2019interdire la publicit\u00e9, la promotion et le parrainage, et d\u2019assurer une protection compl\u00e8te contre l\u2019exposition \u00e0 la fum\u00e9e dans les lieux \u00e0 usage collectif\u00a0: lieux publics et professionnels. La d\u00e9claration \u00e9largit \u00e9galement son champ d\u2019action aux nouveaux produits \u00e0 la nicotine mis sur le march\u00e9 par les fabricants de tabac, en invitant les \u00c9tats \u00e0 r\u00e9glementer les cigarettes \u00e9lectroniques, le tabac chauff\u00e9 et autres dispositifs de d\u00e9livrance de nicotine, voire \u00e0 les interdire.<\/p>\n<p style=\"text-align: justify\">La d\u00e9claration appelle \u00e9galement les Parties \u00e0 acc\u00e9l\u00e9rer la mise en \u0153uvre de la CCLAT et de son Protocole pour \u00e9liminer le commerce illicite des produits du tabac, en soulignant la n\u00e9cessit\u00e9 de garantir l\u2019absence de toute interf\u00e9rence de l\u2019industrie. Elle insiste enfin sur l\u2019importance de promouvoir des programmes de sevrage s\u00fbrs et fond\u00e9s sur les preuves, afin de soutenir les fumeurs souhaitant arr\u00eater. Cette approche globale traduit la volont\u00e9 de renforcer la pr\u00e9vention, de r\u00e9duire la d\u00e9pendance et de pr\u00e9venir l\u2019initiation de nouvelles g\u00e9n\u00e9rations \u00e0 la consommation de tabac et de nicotine.<\/p>\n<p style=\"text-align: justify\">Mais malgr\u00e9 un soutien large, la d\u00e9claration n\u2019a pas pu \u00eatre adopt\u00e9e par consensus. Les \u00c9tats-Unis ont mis un veto de derni\u00e8re minute, d\u00e9clarant que certaines dispositions \u2014 notamment la taxation de produits \u00ab malsains \u00bb \u2014 exc\u00e9daient le r\u00f4le des Nations Unies et portaient atteinte \u00e0 la souverainet\u00e9 nationale. Du fait de cette objection am\u00e9ricaine, le texte devra d\u00e9sormais passer par un vote en Assembl\u00e9e g\u00e9n\u00e9rale pour \u00eatre officiellement adopt\u00e9<a href=\"#_ftn2\" name=\"_ftnref2\">[2]<\/a>.<\/p>\n<p style=\"text-align: justify\">Cette obstruction refl\u00e8te les tensions g\u00e9opolitiques autour des attentes de r\u00e9gulation internationale en mati\u00e8re de sant\u00e9, et constitue un avertissement : la volont\u00e9 politique \u00e0 l\u2019\u00e9chelle mondiale reste fragile, m\u00eame face \u00e0 un consensus apparent.<\/p>\n<h2 style=\"text-align: justify\"><strong>Sant\u00e9 mentale et \u00e9quit\u00e9 au c\u0153ur des priorit\u00e9s<\/strong><\/h2>\n<p style=\"text-align: justify\">La sant\u00e9 mentale occupe une place renforc\u00e9e dans la d\u00e9claration politique, qui reconna\u00eet l\u2019ampleur du d\u00e9fi : pr\u00e8s d\u2019un milliard de personnes dans le monde vivent aujourd\u2019hui avec un trouble psychique, et le suicide constitue la troisi\u00e8me cause de mortalit\u00e9 chez les jeunes \u00e2g\u00e9s de 15 \u00e0 29 ans. Les \u00c9tats se sont engag\u00e9s \u00e0 am\u00e9liorer la pr\u00e9vention, \u00e0 r\u00e9duire la stigmatisation des personnes concern\u00e9es et \u00e0 \u00e9largir l\u2019acc\u00e8s aux soins. Un objectif chiffr\u00e9 a \u00e9t\u00e9 fix\u00e9 : offrir des services de sant\u00e9 mentale \u00e0 150 millions de personnes suppl\u00e9mentaires d\u2019ici 2030, en privil\u00e9giant l\u2019int\u00e9gration de ces services dans les syst\u00e8mes de soins primaires. La question m\u00eame des addictions (tabac, alcool, autres produits \u00e0 la nicotine, jeux d\u2019argent, \u00e9cran etc.) est en outre au c\u0153ur de la sant\u00e9 mentale de centaines de millions de personnes dans le monde.<\/p>\n<p style=\"text-align: justify\">La d\u00e9claration met \u00e9galement en lumi\u00e8re les liens \u00e9troits entre sant\u00e9 mentale, maladies non transmissibles et d\u00e9terminants sociaux de la sant\u00e9. Les personnes souffrant de troubles psychiques sont expos\u00e9es \u00e0 un risque accru de maladies chroniques, avec des taux plus \u00e9lev\u00e9s de morbidit\u00e9 et de mortalit\u00e9. Les \u00c9tats reconnaissent la n\u00e9cessit\u00e9 de politiques multisectorielles qui tiennent compte de ces interactions et qui int\u00e8grent la sant\u00e9 mentale dans les strat\u00e9gies nationales de lutte contre les MNT.<\/p>\n<p style=\"text-align: justify\">Enfin, l\u2019accent est mis sur la r\u00e9duction des in\u00e9galit\u00e9s. Les populations d\u00e9favoris\u00e9es, les personnes \u00e2g\u00e9es, les femmes et les personnes en situation de handicap subissent de mani\u00e8re disproportionn\u00e9e le poids des MNT et des troubles psychiques. Les \u00c9tats se sont engag\u00e9s \u00e0 garantir un acc\u00e8s \u00e9quitable aux services de pr\u00e9vention et de soins, en tenant compte des situations de vuln\u00e9rabilit\u00e9 accrue, notamment dans les pays \u00e0 revenu faible et interm\u00e9diaire et dans les petits \u00c9tats insulaires en d\u00e9veloppement. La d\u00e9claration souligne ainsi l\u2019importance d\u2019une approche fond\u00e9e sur l\u2019\u00e9quit\u00e9 et sur le respect des droits humains, afin de ne laisser personne de c\u00f4t\u00e9 dans la r\u00e9ponse mondiale aux MNT et \u00e0 la sant\u00e9 mentale.<\/p>\n<p style=\"text-align: justify\"><strong style=\"text-align: justify\"><a href=\"https:\/\/www.generationsanstabac.org\/\">\u00a9G\u00e9n\u00e9ration Sans Tabac<\/a><\/strong><\/p>\n<p style=\"text-align: right\"><em><strong>AE<\/strong><\/em><\/p>\n<hr \/>\n<p style=\"text-align: justify\"><a href=\"#_ftnref1\" name=\"_ftn1\">[1]<\/a> Communiqu\u00e9, <a href=\"https:\/\/www.who.int\/news-room\/events\/detail\/2025\/09\/25\/default-calendar\/fourth-high-level-meeting-of-the-un-general-assembly-on-the-prevention-and-control-of-ncds-and-the-promotion-of-mental-health-and-wellbeing-(hlm4)\">Fourth High-level Meeting of the UN General Assembly on the prevention and control of NCDs and the promotion of mental health and wellbeing (HLM4),<\/a> OMS, publi\u00e9 le 25 septembre 2025, consult\u00e9 le jour-m\u00eame<\/p>\n<p style=\"text-align: justify\"><a href=\"#_ftnref2\" name=\"_ftn2\">[2]<\/a> <a href=\"https:\/\/healthpolicy-watch.news\/un-declaration-on-noncommunicable-diseases-fails-to-get-approval-due-to-us-objections\/\">UN Declaration on Noncommunicable Diseases Fails to Win Approval After US Foils Consensus<\/a>, Health Policy watch, publi\u00e9 le 25 septembre 2025, consult\u00e9 le jour-m\u00eame<\/p>\n<p><strong style=\"color: #999999\"><a style=\"color: #999999\" href=\"http:\/\/www.cnct.fr\/\" target=\"_blank\" rel=\"noopener noreferrer\">Comit\u00e9 national contre le tabagisme |<\/a><\/strong><\/p>\n","protected":false},"excerpt":{"rendered":"<p>R\u00e9unis le 25 septembre 2025 lors de la quatri\u00e8me r\u00e9union de haut niveau de l\u2019Assembl\u00e9e g\u00e9n\u00e9rale des Nations Unies consacr\u00e9e aux maladies non transmissibles (MNT) et \u00e0 la sant\u00e9 mentale, les \u00c9tats membres ont cherch\u00e9 \u00e0 adopter une d\u00e9claration politique ambitieuse visant \u00e0 acc\u00e9l\u00e9rer les efforts de pr\u00e9vention et de prise en charge. Le texte r\u00e9affirme l\u2019objectif de r\u00e9duire d\u2019un tiers la mortalit\u00e9 pr\u00e9matur\u00e9e due aux MNT d\u2019ici 2030 et fixe des cibles mesurables pour les cinq prochaines ann\u00e9es, notamment en mati\u00e8re de tabac, d\u2019hypertension et de sant\u00e9 mentale. Mais malgr\u00e9 un large consensus, son adoption a \u00e9t\u00e9 bloqu\u00e9e par les \u00c9tats-Unis, obligeant \u00e0 un passage par un vote en Assembl\u00e9e g\u00e9n\u00e9rale<\/p>\n","protected":false},"featured_media":25157,"template":"","tags":[],"thematique":[474],"class_list":["post-25154","actualites","type-actualites","status-publish","has-post-thumbnail","hentry","thematique-sante"],"acf":[],"_links":{"self":[{"href":"https:\/\/www.generationsanstabac.org\/fr\/wp-json\/wp\/v2\/actualites\/25154","targetHints":{"allow":["GET"]}}],"collection":[{"href":"https:\/\/www.generationsanstabac.org\/fr\/wp-json\/wp\/v2\/actualites"}],"about":[{"href":"https:\/\/www.generationsanstabac.org\/fr\/wp-json\/wp\/v2\/types\/actualites"}],"version-history":[{"count":1,"href":"https:\/\/www.generationsanstabac.org\/fr\/wp-json\/wp\/v2\/actualites\/25154\/revisions"}],"predecessor-version":[{"id":25158,"href":"https:\/\/www.generationsanstabac.org\/fr\/wp-json\/wp\/v2\/actualites\/25154\/revisions\/25158"}],"wp:featuredmedia":[{"embeddable":true,"href":"https:\/\/www.generationsanstabac.org\/fr\/wp-json\/wp\/v2\/media\/25157"}],"wp:attachment":[{"href":"https:\/\/www.generationsanstabac.org\/fr\/wp-json\/wp\/v2\/media?parent=25154"}],"wp:term":[{"taxonomy":"post_tag","embeddable":true,"href":"https:\/\/www.generationsanstabac.org\/fr\/wp-json\/wp\/v2\/tags?post=25154"},{"taxonomy":"thematique","embeddable":true,"href":"https:\/\/www.generationsanstabac.org\/fr\/wp-json\/wp\/v2\/thematique?post=25154"}],"curies":[{"name":"wp","href":"https:\/\/api.w.org\/{rel}","templated":true}]}}