{"id":25074,"date":"2025-10-01T07:00:14","date_gmt":"2025-10-01T05:00:14","guid":{"rendered":"https:\/\/www.generationsanstabac.org\/?post_type=actualites&#038;p=25074"},"modified":"2025-09-24T15:52:30","modified_gmt":"2025-09-24T13:52:30","slug":"le-comte-de-santa-cruz-va-mettre-en-place-la-premiere-interdiction-mondiale-de-la-vente-de-cigarettes-a-filtre","status":"publish","type":"actualites","link":"https:\/\/www.generationsanstabac.org\/fr\/actualites\/le-comte-de-santa-cruz-va-mettre-en-place-la-premiere-interdiction-mondiale-de-la-vente-de-cigarettes-a-filtre\/","title":{"rendered":"Le comt\u00e9 de Santa Cruz va mettre en place la premi\u00e8re interdiction mondiale de la vente de cigarettes \u00e0 filtre"},"content":{"rendered":"<p style=\"text-align: justify\"><em>Le comt\u00e9 de Santa Cruz, en Californie, a annonc\u00e9 qu\u2019il sera le premier au monde \u00e0 interdire la vente de cigarettes avec filtre<a href=\"#_ftn1\" name=\"_ftnref1\"><strong>[1]<\/strong><\/a>. Le conseil des superviseurs a adopt\u00e9 la mesure en octobre 2024, avec une entr\u00e9e en vigueur pr\u00e9vue le 1<sup>er<\/sup> janvier 2027, sous r\u00e9serve que deux autres juridictions locales fassent de m\u00eame. Cette condition a \u00e9t\u00e9 remplie lorsque la ville de Santa Cruz a vot\u00e9 son interdiction en juin 2025, suivie par Capitola en septembre. L\u2019application sera effective \u00e0 partir du 1<sup>er<\/sup> janvier 2027 dans le comt\u00e9 et \u00e0 Santa Cruz, puis du 1<sup>er<\/sup> juillet 2027 \u00e0 Capitola.<\/em><\/p>\n<h2 style=\"text-align: justify\">Motivations de sant\u00e9 publique et environnementales<\/h2>\n<p style=\"text-align: justify\">Les responsables locaux soulignent que Santa Cruz s\u2019inscrit dans une tradition de politiques environnementales fortes, d\u00e9j\u00e0 illustr\u00e9e par l\u2019interdiction des plastiques et du polystyr\u00e8ne \u00e0 usage unique, sans impact \u00e9conomique durable.<\/p>\n<p style=\"text-align: justify\">Les autorit\u00e9s locales rappellent \u00e9galement que les filtres n\u2019apportent aucun b\u00e9n\u00e9fice sanitaire aux fumeurs. La d\u00e9cision vise donc \u00e0 r\u00e9duire la pollution, limiter les co\u00fbts de nettoyage et prot\u00e9ger la sant\u00e9 publique, le terme m\u00eame de filtre induisant les consommateurs en erreur.<\/p>\n<p style=\"text-align: justify\">\u00ab <em>Le comt\u00e9 de Santa Cruz est toujours \u00e0 l&rsquo;avant-garde du changement. Cette politique s&rsquo;inscrit dans la lign\u00e9e de notre communaut\u00e9 qui s&rsquo;oppose aux grandes entreprises afin de prot\u00e9ger la sant\u00e9 de nos r\u00e9sidents et notre environnement. Ce n&rsquo;est qu&rsquo;un d\u00e9but, et nous sommes impatients de soutenir d&rsquo;autres communaut\u00e9s qui souhaitent se joindre \u00e0 notre effort<\/em> \u00bb, a d\u00e9clar\u00e9 le superviseur Justin Cummings dans un communiqu\u00e9.<\/p>\n<p style=\"text-align: justify\">\u00ab <em>Les filtres<\/em><em> de cigarette sont toxiques, inutiles et omnipr\u00e9sents. En tant que gardiens de la baie de Monterey, nous nous levons et disons aux g\u00e9ants du tabac : cela doit cesser imm\u00e9diatement. Nous invitons les communaut\u00e9s du monde entier \u00e0 se joindre \u00e0 nous<\/em> \u00bb, a d\u00e9clar\u00e9 le superviseur Manu Koenig.<\/p>\n<p style=\"text-align: justify\">L&rsquo;initiative visant \u00e0 interdire les filtres remonte \u00e0 plus d&rsquo;une d\u00e9cennie, mais <a href=\"https:\/\/www.generationsanstabac.org\/fr\/actualites\/un-comte-californien-envisage-dinterdire-la-vente-des-cigarettes-avec-filtre\/\">les efforts pour la faire adopter se sont intensifi\u00e9s en 2024<\/a>, lorsque le conseil du comt\u00e9 l&rsquo;a identifi\u00e9e comme une priorit\u00e9<a href=\"#_ftn2\" name=\"_ftnref2\">[2]<\/a>.<\/p>\n<p style=\"text-align: justify\">Les partisans de cette initiative, tels que l&rsquo;association c\u00f4ti\u00e8re \u00e0 but non lucratif Save Our Shores, ont soulign\u00e9 que les m\u00e9gots de cigarettes \u00e9taient les d\u00e9chets les plus courants sur le littoral du comt\u00e9 et ont d\u00e9clar\u00e9 que pr\u00e8s de 500 000 d&rsquo;entre eux avaient \u00e9t\u00e9 ramass\u00e9s lors des op\u00e9rations de nettoyage du littoral dans la r\u00e9gion de Monterey Bay entre 2013 et 2023.<\/p>\n<p style=\"text-align: justify\">Les m\u00e9gots jet\u00e9s regorgent de produits chimiques nocifs et de microplastiques qui se r\u00e9pandent dans l&rsquo;oc\u00e9an et finissent par se retrouver dans l&rsquo;organisme des \u00eatres humains et des animaux sauvages.<\/p>\n<p style=\"text-align: justify\">Selon l\u2019Organisation mondiale de la sant\u00e9, environ 4 500 milliards de m\u00e9gots de cigarettes sont jet\u00e9s chaque ann\u00e9e, ce qui en fait la forme de d\u00e9chet la plus r\u00e9pandue dans le monde. Selon le site Tobacco Tactics, rattach\u00e9 \u00e0 l&rsquo;universit\u00e9 de Bath, plus de 90 % des cigarettes vendues dans le monde sont \u00e9quip\u00e9es d&rsquo;un filtre. Ces filtres sont g\u00e9n\u00e9ralement fabriqu\u00e9s \u00e0 partir d&rsquo;un plastique non biod\u00e9gradable appel\u00e9 ac\u00e9tate de cellulose.<\/p>\n<h2 style=\"text-align: justify\">Mise en \u0153uvre et accompagnement des acteurs locaux<\/h2>\n<p style=\"text-align: justify\">Afin de soutenir la mise en \u0153uvre de la nouvelle politique, le programme d&rsquo;\u00e9ducation et de pr\u00e9vention du tabagisme du d\u00e9partement de sant\u00e9 publique du comt\u00e9 de Santa Cruz a annonc\u00e9 qu&rsquo;il fournira des supports d&rsquo;information aux chefs d&rsquo;entreprise, aux d\u00e9taillants et aux membres de la communaut\u00e9<a href=\"#_ftn3\" name=\"_ftnref3\">[3]<\/a>. Ces supports expliqueront les nouvelles dispositions, les d\u00e9lais de leur mise en \u0153uvre et une assistance technique pour la transition vers les nouveaux produits sera assur\u00e9e. Le programme contribuera \u00e9galement \u00e0 la formation et au soutien des agents charg\u00e9s de l&rsquo;application de la loi.<\/p>\n<p style=\"text-align: justify\">Si les efforts visant \u00e0 rallier le soutien d&rsquo;autres l\u00e9gislateurs locaux ont \u00e9t\u00e9 couronn\u00e9s de succ\u00e8s, l&rsquo;interdiction a suscit\u00e9 une r\u00e9sistance de la part de certains acteurs du secteur de la vente au d\u00e9tail. Ces derniers se sont r\u00e9guli\u00e8rement pr\u00e9sent\u00e9s aux diff\u00e9rentes audiences publiques pour exprimer leur opposition, affirmant que ce changement aurait un impact consid\u00e9rable sur leurs finances et que les nouvelles r\u00e8gles pourraient \u00eatre facilement contourn\u00e9es en faisant ses achats dans d&rsquo;autres territoires o\u00f9 l&rsquo;interdiction n&rsquo;\u00e9tait pas en vigueur.<\/p>\n<p style=\"text-align: justify\">Face aux objections, les dirigeants du comt\u00e9 ont rappel\u00e9 que lors de pr\u00e9c\u00e9dentes mesures comme l&rsquo;interdiction des produits du tabac aromatis\u00e9s en 2019 ou des plastiques \u00e0 usage unique en 2011, des objections similaires avaient \u00e9t\u00e9 soulev\u00e9es.\u00a0 L\u2019\u00e9valuation avait montr\u00e9 que les recettes fiscales provenant des ventes avaient bri\u00e8vement diminu\u00e9 avant que les consommateurs ne s&rsquo;adaptent et que les recettes ne remontent, sachant que des hausses de taxes peuvent contribuer \u00e0 pallier cet \u00e9ventuel effet sur les recettes.<\/p>\n<p style=\"text-align: justify\">Les autorit\u00e9s insistent sur la n\u00e9cessit\u00e9 d\u2019associer protection de l\u2019environnement et sant\u00e9 des habitants, tout en rappelant que les entreprises locales ont int\u00e9r\u00eat \u00e0 pr\u00e9server un cadre naturel propre et attractif.<\/p>\n<p style=\"text-align: justify\">La d\u00e9marche de ce comt\u00e9 n\u2019est pas isol\u00e9e et s\u2019inscrit dans un contexte large de remise en cause des filtres de cigarettes en raison de leur toxicit\u00e9 environnementale mais \u00e9galement des effets b\u00e9n\u00e9fiques pour la sant\u00e9 que leur suppression pourrait induire. Le CNCT rappelle par ailleurs qu\u2019il n\u2019existe pas d\u2019alternative \u00e0 la suppression pure et simple des filtres\u00a0: \u00e0 l\u2019\u00e9chelle mondiale, le recyclage des filtres \u00e0 cigarette n\u2019est pas envisageable tant <a href=\"https:\/\/www.generationsanstabac.org\/fr\/fiches\/le-recyclage-des-filtres-de-cigarette-une-impasse-environnementale-sanitaire-et-technique\/\">les donn\u00e9es disponibles r\u00e9v\u00e8lent des limites majeures sur les plans technique, environnemental et \u00e9conomique<\/a>. De m\u00eame, les filtres dits biod\u00e9gradables ne le sont en r\u00e9alit\u00e9 pas et ne constituent pas, l\u00e0 encore, une alternative \u00e0 la suppression.<\/p>\n<p style=\"text-align: justify\"><strong style=\"text-align: justify\"><a href=\"https:\/\/www.generationsanstabac.org\/\">\u00a9G\u00e9n\u00e9ration Sans Tabac<\/a><\/strong><\/p>\n<p style=\"text-align: right\"><em><strong>AD<\/strong><\/em><\/p>\n<hr \/>\n<p style=\"text-align: justify\"><a href=\"#_ftnref1\" name=\"_ftn1\">[1]<\/a>NBC Bay Area, <a href=\"https:\/\/www.nbcbayarea.com\/news\/local\/filtered-cigarette-sales-ban-santa-cruz-county\/3952977\/\">World&rsquo;s first ban on filtered cigarette sales set for Santa Cruz County<\/a>, publi\u00e9 le 23 septembre 2025, consult\u00e9 le 24 septembre 2025<\/p>\n<p style=\"text-align: justify\"><a href=\"#_ftnref2\" name=\"_ftn2\">[2]<\/a>PK HATTIS, <a href=\"https:\/\/www.santacruzsentinel.com\/2025\/09\/23\/with-all-hurdles-cleared-filtered-cigarette-sales-ban-set-for-2027-in-city-of-santa-cruz-unincorporated-county\/\">With all hurdles cleared, filtered cigarette sales ban set for 2027 in city of Santa Cruz, unincorporated county<\/a>, Santa Cruz Sentinel, publi\u00e9 le 23 septembre 2025, consult\u00e9 le 24 septembre 2025<\/p>\n<p style=\"text-align: justify\"><a href=\"#_ftnref3\" name=\"_ftn3\">[3]<\/a>Kat Schuster, <a href=\"https:\/\/patch.com\/california\/santacruz\/ca-county-become-first-world-ban-filtered-cigarettes\">CA County To Become First In World To Ban Filtered Cigarettes<\/a>, Patch, publi\u00e9 le 23 septembre 2025, consult\u00e9 le 24 septembre 2025<\/p>\n<p style=\"text-align: justify\"><strong style=\"color: #999999\"><a style=\"color: #999999\" href=\"http:\/\/www.cnct.fr\/\" target=\"_blank\" rel=\"noopener noreferrer\">Comit\u00e9 national contre le tabagisme |<\/a><\/strong><\/p>\n","protected":false},"excerpt":{"rendered":"<p>Le comt\u00e9 de Santa Cruz, en Californie, a annonc\u00e9 qu\u2019il sera le premier au monde \u00e0 interdire la vente de cigarettes avec filtre. Le conseil des superviseurs a adopt\u00e9 la mesure en octobre 2024, avec une entr\u00e9e en vigueur pr\u00e9vue le 1er janvier 2027, sous r\u00e9serve que deux autres juridictions locales fassent de m\u00eame. Cette condition a \u00e9t\u00e9 remplie lorsque la ville de Santa Cruz a vot\u00e9 son interdiction en juin 2025, suivie par Capitola en septembre. L\u2019application sera effective \u00e0 partir du 1er janvier 2027 dans le comt\u00e9 et \u00e0 Santa Cruz, puis du 1er juillet 2027 \u00e0 Capitola.<\/p>\n","protected":false},"featured_media":25079,"template":"","tags":[],"thematique":[491],"class_list":["post-25074","actualites","type-actualites","status-publish","has-post-thumbnail","hentry","thematique-politiques-publiques"],"acf":[],"_links":{"self":[{"href":"https:\/\/www.generationsanstabac.org\/fr\/wp-json\/wp\/v2\/actualites\/25074","targetHints":{"allow":["GET"]}}],"collection":[{"href":"https:\/\/www.generationsanstabac.org\/fr\/wp-json\/wp\/v2\/actualites"}],"about":[{"href":"https:\/\/www.generationsanstabac.org\/fr\/wp-json\/wp\/v2\/types\/actualites"}],"version-history":[{"count":1,"href":"https:\/\/www.generationsanstabac.org\/fr\/wp-json\/wp\/v2\/actualites\/25074\/revisions"}],"predecessor-version":[{"id":25077,"href":"https:\/\/www.generationsanstabac.org\/fr\/wp-json\/wp\/v2\/actualites\/25074\/revisions\/25077"}],"wp:featuredmedia":[{"embeddable":true,"href":"https:\/\/www.generationsanstabac.org\/fr\/wp-json\/wp\/v2\/media\/25079"}],"wp:attachment":[{"href":"https:\/\/www.generationsanstabac.org\/fr\/wp-json\/wp\/v2\/media?parent=25074"}],"wp:term":[{"taxonomy":"post_tag","embeddable":true,"href":"https:\/\/www.generationsanstabac.org\/fr\/wp-json\/wp\/v2\/tags?post=25074"},{"taxonomy":"thematique","embeddable":true,"href":"https:\/\/www.generationsanstabac.org\/fr\/wp-json\/wp\/v2\/thematique?post=25074"}],"curies":[{"name":"wp","href":"https:\/\/api.w.org\/{rel}","templated":true}]}}