{"id":25057,"date":"2025-09-28T07:00:55","date_gmt":"2025-09-28T05:00:55","guid":{"rendered":"https:\/\/www.generationsanstabac.org\/?post_type=actualites&#038;p=25057"},"modified":"2025-09-22T11:44:55","modified_gmt":"2025-09-22T09:44:55","slug":"loms-accuse-les-geants-de-lalimentation-du-tabac-et-de-lalcool-de-bloquer-les-reformes-vitales-de-sante","status":"publish","type":"actualites","link":"https:\/\/www.generationsanstabac.org\/fr\/actualites\/loms-accuse-les-geants-de-lalimentation-du-tabac-et-de-lalcool-de-bloquer-les-reformes-vitales-de-sante\/","title":{"rendered":"L&rsquo;OMS accuse les g\u00e9ants de l&rsquo;alimentation, du tabac et de l&rsquo;alcool de bloquer les r\u00e9formes vitales de sant\u00e9"},"content":{"rendered":"<p style=\"text-align: justify\"><em>L\u2019Organisation mondiale de la sant\u00e9 (OMS) a publi\u00e9 un communiqu\u00e9 dans lequel elle met en cause les fabricants de tabac, d\u2019alcool et d\u2019aliments ultra-transform\u00e9s<a href=\"#_ftn1\" name=\"_ftnref1\"><strong>[1]<\/strong><\/a>. Selon elle, ces secteurs exercent un lobbying intense visant \u00e0 bloquer, affaiblir ou retarder des politiques de sant\u00e9 publique telles que l\u2019augmentation des taxes ou les restrictions de marketing \u00e0 destination des jeunes. L\u2019OMS estime que ces pratiques compromettent la mise en \u0153uvre de r\u00e9formes jug\u00e9es essentielles pour r\u00e9duire la mortalit\u00e9 et am\u00e9liorer la sant\u00e9 des populations.<\/em><\/p>\n<h2 style=\"text-align: justify\">Un contexte international marqu\u00e9 par les maladies chroniques<\/h2>\n<p style=\"text-align: justify\">Cette prise de position survient \u00e0 quelques jours d\u2019une r\u00e9union de haut niveau de l\u2019Assembl\u00e9e g\u00e9n\u00e9rale des Nations unies \u00e0 New York consacr\u00e9e aux maladies chroniques, notamment les maladies cardiaques, le diab\u00e8te, le cancer ou encore les maladies respiratoires, notamment l\u2019asthme, le jeudi 25 septembre 2025.<\/p>\n<p style=\"text-align: justify\">Bien que la mortalit\u00e9 li\u00e9e \u00e0 ces pathologies ait diminu\u00e9 au niveau mondial, les progr\u00e8s se sont ralentis ces derni\u00e8res ann\u00e9es, selon une analyse r\u00e9cente.<\/p>\n<p style=\"text-align: justify\">La d\u00e9claration de l&rsquo;OMS indique que les gouvernements sont en effet souvent confront\u00e9s \u00e0 un lobbying intense de la part des industries qui tentent de bloquer, d&rsquo;affaiblir ou de retarder les politiques, qu&rsquo;il s&rsquo;agisse de taxes sur la sant\u00e9 ou de restrictions commerciales visant les enfants. Lors de la r\u00e9union des Nations Unies, les gouvernements devraient s&rsquo;accorder sur de nouveaux objectifs en mati\u00e8re de maladies non transmissibles et sur une feuille de route pour les atteindre, mais les associations de sant\u00e9 ont averti que le projet de d\u00e9claration politique avait d\u00e9j\u00e0 \u00e9t\u00e9 \u00e9dulcor\u00e9<a href=\"#_ftn2\" name=\"_ftnref2\">[2]<\/a>.<\/p>\n<p style=\"text-align: justify\">\u00ab <em>Souvent, les gouvernements sont confront\u00e9s \u00e0 une opposition farouche de la part des industries qui tirent profit des produits malsains<\/em> \u00bb, a d\u00e9clar\u00e9 le directeur g\u00e9n\u00e9ral de l&rsquo;OMS, Tedros Adhanom Ghebreyesus, lors d&rsquo;une conf\u00e9rence de presse.<\/p>\n<p style=\"text-align: justify\">\u00ab\u00a0<em>Il est inacceptable que des int\u00e9r\u00eats commerciaux profitent de l&rsquo;augmentation des d\u00e9c\u00e8s et des maladies<\/em>\u00a0\u00bb, a d\u00e9clar\u00e9 le\u00a0Dr. Etienne Krug, directeur du d\u00e9partement des d\u00e9terminants de la sant\u00e9, de la promotion et de la pr\u00e9vention de l&rsquo;OMS, dans un communiqu\u00e9. Il a ajout\u00e9 que \u00ab\u00a0<em>Les gouvernements doivent faire passer les gens avant les profits et veiller \u00e0 ce que les politiques fond\u00e9es sur des donn\u00e9es probantes ne soient pas entrav\u00e9es par la pression des entreprises.<\/em>\u00a0\u00bb.<\/p>\n<h2 style=\"text-align: justify\">Les recommandations et objectifs de l\u2019OMS dans un climat de lobbyisme exacerb\u00e9<\/h2>\n<p style=\"text-align: justify\">L\u2019OMS plaide pour une hausse d\u2019au moins 50 % des prix du tabac, de l\u2019alcool et des boissons sucr\u00e9es au cours de la prochaine d\u00e9cennie.<\/p>\n<p style=\"text-align: justify\">L\u2019agence mondiale de sant\u00e9 rappelle que chaque dollar investi par les gouvernements dans la lutte contre les maladies non transmissibles pourrait sauver plus de 12 millions de vies, pr\u00e9venir 50 millions de d\u00e9c\u00e8s pr\u00e9matur\u00e9s en cinquante ans et g\u00e9n\u00e9rer environ 1 000 milliards de dollars (environ 850 milliards d\u2019euros) de recettes publiques d\u2019ici 2030. Ces donn\u00e9es sont d\u2019autant plus importantes que les maladies chroniques et d\u00e9c\u00e8s pr\u00e9matur\u00e9s li\u00e9s aux maladies non transmissibles mettent actuellement en p\u00e9ril les syst\u00e8mes de sant\u00e9.<\/p>\n<p style=\"text-align: justify\">Les repr\u00e9sentants des industries agroalimentaires, du tabac et de l\u2019alcool, de leur c\u00f4t\u00e9, se sont r\u00e9guli\u00e8rement oppos\u00e9s \u00e0 ces propositions d\u2019augmentation des taxes et demandent dans leurs d\u00e9clarations publiques \u00e0 \u00eatre consult\u00e9s et impliqu\u00e9s dans les politiques sanitaires de r\u00e9duction des risques.<\/p>\n<p style=\"text-align: justify\">\u00c0 cet \u00e9gard, l\u2019industrie du tabac a toujours jou\u00e9 un r\u00f4le moteur et pionnier en mati\u00e8re de marketing de masse et de contournement des lois. Ses pratiques se sont diss\u00e9min\u00e9es \u00e0 d\u2019autres industries et lobbies et les surnoms de \u00ab Big Pharma \u00bb ou \u00ab Big Food \u00bb sont des d\u00e9riv\u00e9s de \u00ab Big Tobacco \u00bb. La responsabilit\u00e9 de l\u2019industrie du tabac dans la pand\u00e9mie tabagique a \u00e9t\u00e9 et demeure telle que les pays se sont accord\u00e9s pour l\u2019exclure de la d\u00e9finition et de la mise en \u0153uvre de toute politique publique. Tel est le sens de l\u2019article 5.3 du trait\u00e9 international de la Convention-cadre de l\u2019OMS pour la lutte antitabac (CCLAT) qui impose une telle obligation g\u00e9n\u00e9rale de protection des politiques publiques.<\/p>\n<p style=\"text-align: justify\">Le respect de cette obligation g\u00e9n\u00e9rale est d\u2019autant plus n\u00e9cessaire que le lobbyisme de l\u2019industrie du tabac demeure constant et intense avec une immixtion \u00e0 tous les niveaux en vue d\u2019affaiblir la r\u00e9glementation et la <a href=\"https:\/\/www.generationsanstabac.org\/fr\/actualites\/lettre-ouverte-sur-la-fiscalite-du-tabac-des-signataires-lies-au-lobby-de-la-nicotine\/\">fiscalit\u00e9 des nouveaux produits nicotiniques<\/a> (tabac chauff\u00e9, cigarettes \u00e9lectroniques, sachets de nicotine\u2026), d\u2019emp\u00eacher toute<a href=\"https:\/\/www.generationsanstabac.org\/fr\/actualites\/inc-5-2-a-geneve-nouvel-echec-du-traite-mondial-sur-la-pollution-plastique\/\"> politique \u00e9cologique et climatique<\/a> efficace ou encore de consolider sa pr\u00e9sence dans <a href=\"https:\/\/www.generationsanstabac.org\/fr\/actualites\/lindustrie-du-tabac-consolide-sa-presence-dans-des-etats-a-faible-reglementation\/\">les \u00c9tats en d\u00e9veloppement et \u00e0 faible r\u00e9glementation<\/a> et d\u2019affaiblir les m\u00e9canismes mondiaux de protection \u00e0 son \u00e9gard.<\/p>\n<p style=\"text-align: justify\"><strong style=\"text-align: justify\"><a href=\"https:\/\/www.generationsanstabac.org\/\">\u00a9G\u00e9n\u00e9ration Sans Tabac<\/a><\/strong><\/p>\n<p style=\"text-align: right\"><em><strong>AD<\/strong><\/em><\/p>\n<hr \/>\n<p style=\"text-align: justify\"><a href=\"#_ftnref1\" name=\"_ftn1\">[1]<\/a>Gabriela Galvin, <a href=\"https:\/\/fr.euronews.com\/sante\/2025\/09\/18\/selon-loms-les-geants-du-tabac-alcool-et-alimentation-bloquent-les-politiques-de-sante\">Selon l&rsquo;OMS, les g\u00e9ants du tabac, alcool et alimentation bloquent les politiques de sant\u00e9<\/a>, Euronews, publi\u00e9 le 18 septembre 2025, consult\u00e9 le 19 septembre 2025<\/p>\n<p style=\"text-align: justify\"><a href=\"#_ftnref2\" name=\"_ftn2\">[2]<\/a>Jennifer Rigby, <a href=\"https:\/\/www.reuters.com\/business\/healthcare-pharmaceuticals\/alcohol-tobacco-food-giants-block-health-reforms-says-who-2025-09-18\/\">Alcohol, tobacco and food giants block health reforms, says WHO<\/a>, Reuters, publi\u00e9 le 18 septembre 2025, consult\u00e9 le 19 septembre 2025<\/p>\n<p style=\"text-align: justify\"><strong style=\"color: #999999\"><a style=\"color: #999999\" href=\"http:\/\/www.cnct.fr\/\" target=\"_blank\" rel=\"noopener noreferrer\">Comit\u00e9 national contre le tabagisme |<\/a><\/strong><\/p>\n","protected":false},"excerpt":{"rendered":"<p>L\u2019Organisation mondiale de la sant\u00e9 (OMS) a publi\u00e9 un communiqu\u00e9 dans lequel elle met en cause les fabricants de tabac, d\u2019alcool et d\u2019aliments ultra-transform\u00e9s. Selon elle, ces secteurs exercent un lobbying intense visant \u00e0 bloquer, affaiblir ou retarder des politiques de sant\u00e9 publique telles que l\u2019augmentation des taxes ou les restrictions de marketing \u00e0 destination des jeunes. L\u2019OMS estime que ces pratiques compromettent la mise en \u0153uvre de r\u00e9formes jug\u00e9es essentielles pour r\u00e9duire la mortalit\u00e9 et am\u00e9liorer la sant\u00e9 des populations.<\/p>\n","protected":false},"featured_media":22229,"template":"","tags":[],"thematique":[499,491],"class_list":["post-25057","actualites","type-actualites","status-publish","has-post-thumbnail","hentry","thematique-lobby","thematique-politiques-publiques"],"acf":[],"_links":{"self":[{"href":"https:\/\/www.generationsanstabac.org\/fr\/wp-json\/wp\/v2\/actualites\/25057","targetHints":{"allow":["GET"]}}],"collection":[{"href":"https:\/\/www.generationsanstabac.org\/fr\/wp-json\/wp\/v2\/actualites"}],"about":[{"href":"https:\/\/www.generationsanstabac.org\/fr\/wp-json\/wp\/v2\/types\/actualites"}],"version-history":[{"count":2,"href":"https:\/\/www.generationsanstabac.org\/fr\/wp-json\/wp\/v2\/actualites\/25057\/revisions"}],"predecessor-version":[{"id":25061,"href":"https:\/\/www.generationsanstabac.org\/fr\/wp-json\/wp\/v2\/actualites\/25057\/revisions\/25061"}],"wp:featuredmedia":[{"embeddable":true,"href":"https:\/\/www.generationsanstabac.org\/fr\/wp-json\/wp\/v2\/media\/22229"}],"wp:attachment":[{"href":"https:\/\/www.generationsanstabac.org\/fr\/wp-json\/wp\/v2\/media?parent=25057"}],"wp:term":[{"taxonomy":"post_tag","embeddable":true,"href":"https:\/\/www.generationsanstabac.org\/fr\/wp-json\/wp\/v2\/tags?post=25057"},{"taxonomy":"thematique","embeddable":true,"href":"https:\/\/www.generationsanstabac.org\/fr\/wp-json\/wp\/v2\/thematique?post=25057"}],"curies":[{"name":"wp","href":"https:\/\/api.w.org\/{rel}","templated":true}]}}