{"id":25015,"date":"2025-09-22T07:00:46","date_gmt":"2025-09-22T05:00:46","guid":{"rendered":"https:\/\/www.generationsanstabac.org\/?post_type=actualites&#038;p=25015"},"modified":"2025-09-16T17:00:53","modified_gmt":"2025-09-16T15:00:53","slug":"en-belgique-il-sera-interdit-de-fumer-et-vapoter-sur-les-terrasses-a-partir-de-2027","status":"publish","type":"actualites","link":"https:\/\/www.generationsanstabac.org\/fr\/actualites\/en-belgique-il-sera-interdit-de-fumer-et-vapoter-sur-les-terrasses-a-partir-de-2027\/","title":{"rendered":"En Belgique, il sera interdit de fumer et vapoter sur les terrasses \u00e0 partir de 2027"},"content":{"rendered":"<p style=\"text-align: justify\"><em>D\u00e8s le 1<sup>er<\/sup> janvier 2027, il ne sera plus autoris\u00e9 de fumer ou de vapoter sur les terrasses publiques ni \u00e0 leurs abords dans un rayon de dix m\u00e8tres autour de celles-ci<a href=\"#_ftn1\" name=\"_ftnref1\"><strong>[1]<\/strong><\/a>. Les fumoirs pr\u00e9sents dans certains caf\u00e9s ou a\u00e9roports seront \u00e9galement interdits, tout comme les bars \u00e0 chicha et clubs de cigares. Cette d\u00e9cision, valid\u00e9e par le Conseil des ministres, s\u2019inscrit dans la continuit\u00e9 des politiques visant \u00e0 limiter le tabagisme dans les lieux publics et \u00e0 atteindre une g\u00e9n\u00e9ration sans tabac d\u2019ici 2040.<\/em><\/p>\n<h2 style=\"text-align: justify\">De nouvelles r\u00e8gles de conformit\u00e9 pour les \u00e9tablissements<\/h2>\n<p style=\"text-align: justify\">Les responsables de l\u2019Horeca, la f\u00e9d\u00e9ration de l\u2019h\u00f4tellerie, de la restauration et des caf\u00e9s, devront mettre en place une signal\u00e9tique claire et veiller \u00e0 ce que l\u2019interdiction soit respect\u00e9e, par exemple en interpellant les clients s\u2019ils venaient \u00e0 allumer leur cigarette en terrasse. Ils seront tenus responsables en cas de tol\u00e9rance implicite, par exemple s\u2019ils venaient \u00e0 mettre \u00e0 dispositions des cendriers. En revanche, si les r\u00e8gles sont appliqu\u00e9es correctement, aucune sanction ne sera retenue contre eux.<\/p>\n<p style=\"text-align: justify\">Les contrevenants resteront les fumeurs ou vapoteurs eux-m\u00eames. Des d\u00e9rogations temporaires pourront \u00eatre d\u00e9cid\u00e9es par les communes lors d\u2019\u00e9v\u00e9nements o\u00f9 la mise en \u0153uvre et le contr\u00f4le de la mesure est difficile \u00e0 appliquer, comme les festivals, foires, kermesses, braderies et march\u00e9s de No\u00ebl.<\/p>\n<p style=\"text-align: justify\">Le montant des amendes n&rsquo;a pas encore \u00e9t\u00e9 communiqu\u00e9. Actuellement, les amendes en cas d\u2019infraction \u00e0 l\u2019interdiction de fumer vont de 208 \u00e0 8 000 \u20ac<a href=\"#_ftn2\" name=\"_ftnref2\">[2]<\/a>.<\/p>\n<p style=\"text-align: justify\">Depuis le\u00a01<sup>er<\/sup>\u00a0janvier 2025, il est d\u00e9j\u00e0\u00a0interdit de fumer\u00a0dans les parcs d\u2019attractions, les parcs animaliers, les fermes pour enfants, les aires de jeux ou les terrains de sport mais aussi aux abords des lieux publics comme les biblioth\u00e8ques, les cr\u00e8ches ou les h\u00f4pitaux. Cet \u00e9largissement de l\u2019interdiction de fumer et de vapoter aux terrasses devait au d\u00e9part\u00a0\u00eatre effectif d\u00e8s janvier 2026\u00a0mais\u00a0<em>\u00ab\u00a0une ann\u00e9e suppl\u00e9mentaire a \u00e9t\u00e9 accord\u00e9e pour permettre aux \u00e9tablissements concern\u00e9s de se mettre en ordre\u00a0\u00bb<\/em>, a expliqu\u00e9 l\u2019agence de presse Belga<a href=\"#_ftn3\" name=\"_ftnref3\">[3]<\/a>.<\/p>\n<h2 style=\"text-align: justify\">Le tabagisme passif et le vapotage des jeunes en ligne de mire<\/h2>\n<p style=\"text-align: justify\">Le ministre de la Sant\u00e9, Frank Vandenbroucke, a rappel\u00e9 que l\u2019objectif est de prot\u00e9ger la sant\u00e9 publique et de r\u00e9duire l\u2019exposition involontaire \u00e0 la fum\u00e9e. En Belgique, le tabac reste l\u2019une des principales causes de mortalit\u00e9 pr\u00e9matur\u00e9e et \u00e9vitable, avec pr\u00e8s de deux d\u00e9c\u00e8s chaque heure, soit environ 8\u00a0% des d\u00e9c\u00e8s annuels dans le pays.<\/p>\n<p style=\"text-align: justify\">\u00ab\u00a0<em>Prot\u00e9ger la sant\u00e9 des personnes et cr\u00e9er un environnement sain pour tous, voil\u00e0 notre objectif<\/em>\u00a0\u00bb, a expliqu\u00e9 M.\u00a0Vandendenbroucke. \u00ab\u00a0<em>Gr\u00e2ce \u00e0 ces mesures, nous \u00e9vitons que les enfants et les adultes soient expos\u00e9s involontairement \u00e0 la fum\u00e9e nocive des cigarettes et nous veillons \u00e0 ce que les gens ne soient pas tent\u00e9s d\u2019allumer une cigarette. Car voir fumer incite \u00e0 fumer.<\/em>\u00a0\u00bb.<\/p>\n<p style=\"text-align: justify\">Selon l\u2019enqu\u00eate de sant\u00e9 de Sciensano de juillet 2025, la proportion de fumeurs est en baisse (17,6 % en 2023 contre 19,4 % en 2018), la proportion de personnes n\u2019ayant jamais fum\u00e9 atteignant un niveau record de 58,1\u00a0%<a href=\"#_ftn4\" name=\"_ftnref4\">[4]<\/a>.<\/p>\n<p style=\"text-align: justify\">En revanche, le vapotage progresse, surtout chez les jeunes : plus d\u2019un cinqui\u00e8me de la population a d\u00e9j\u00e0 essay\u00e9 la cigarette \u00e9lectronique, et chez les jeunes de 15 \u00e0 24\u00a0ans, 6,3\u00a0% disent vapoter quotidiennement et 11,1\u00a0% occasionnellement. En outre, 60\u00a0% des utilisateurs combinent cigarettes \u00e9lectroniques et classiques. \u00a0Le vapotage pourrait ainsi constituer une porte d\u2019entr\u00e9e vers le tabagisme, selon \u00ab\u00a0l\u2019effet passerelle\u00a0\u00bb.<\/p>\n<p style=\"text-align: justify\">Ce renforcement des dispositions en vigueur r\u00e9sulte \u00e9galement du manque d\u2019application par nombre de vendeurs des mesures existantes. Ainsi, compte tenu du fait que la moiti\u00e9 des vendeurs <a href=\"https:\/\/www.generationsanstabac.org\/fr\/actualites\/belgique-la-moitie-des-detaillants-de-vapotage-vendent-des-produits-illicites\/\">enfreignaient les nouvelles r\u00e9glementations interdisant les designs et les slogans attractifs en faveur des produits<\/a>, \u00a0<a href=\"https:\/\/www.generationsanstabac.org\/fr\/actualites\/belgique-les-produits-du-tabac-et-du-vapotage-ne-peuvent-plus-etre-visibles-dans-les-magasins\/\">les produits du tabac et du vapotage ne peuvent plus \u00eatre visibles dans les magasins<\/a> en Belgique depuis le 1<sup>er<\/sup> avril 2025.<\/p>\n<p style=\"text-align: justify\"><strong style=\"text-align: justify\"><a href=\"https:\/\/www.generationsanstabac.org\/\">\u00a9G\u00e9n\u00e9ration Sans Tabac<\/a><\/strong><\/p>\n<p style=\"text-align: right\"><em><strong>AD<\/strong><\/em><\/p>\n<hr \/>\n<p style=\"text-align: justify\"><a href=\"#_ftnref1\" name=\"_ftn1\">[1]<\/a>Belga, <a href=\"https:\/\/www.lesoir.be\/698690\/article\/2025-09-12\/fumer-et-vapoter-seront-interdits-sur-les-terrasses-partir-de-2027\">Fumer et vapoter seront interdits sur les terrasses \u00e0 partir de 2027<\/a>, Le Soir, publi\u00e9 le 12 septembre 2025, consult\u00e9 le 16 septembre 2025<\/p>\n<p style=\"text-align: justify\"><a href=\"#_ftnref2\" name=\"_ftn2\">[2]<\/a>Bruxelles Today, <a href=\"https:\/\/www.bruxellestoday.be\/actualite\/fumer-vapoter-interdits-terrasses-2027.html\">Fumer et vapoter interdits sur les terrasses \u00e0 partir de 2027: ce que risquent les g\u00e9rants et les clients<\/a>, publi\u00e9 le 13 septembre 2025, consult\u00e9 le 16 septembre 2025<\/p>\n<p style=\"text-align: justify\"><a href=\"#_ftnref3\" name=\"_ftn3\">[3]<\/a>Justine Pluchard, <a href=\"https:\/\/www.lavoixdunord.fr\/1624305\/article\/2025-09-13\/il-sera-interdit-de-fumer-et-vapoter-en-terrasse-en-belgique-partir-de-2027\">Il sera bient\u00f4t interdit de fumer et vapoter en terrasse en Belgique<\/a>, La Voix du Nord, publi\u00e9 le 13 septembre 2025, consult\u00e9 le 16 septembre 2025<\/p>\n<p style=\"text-align: justify\"><a href=\"#_ftnref4\" name=\"_ftn4\">[4]<\/a>RTL Info, <a href=\"https:\/\/www.rtl.be\/actu\/belgique\/societe\/sort-peine-la-tete-de-leau-linterdiction-de-fumer-en-terrasse-desole-ce\/2025-09-12\/article\/763271\">\u00ab\u00a0On sort \u00e0 peine la t\u00eate de l\u2019eau\u00a0\u00bb\u00a0: l\u2019interdiction de fumer en terrasse d\u00e9sole ce repr\u00e9sentant du secteur<\/a>, publi\u00e9 le 12 septembre 2025, consult\u00e9 le 16 septembre 2025<\/p>\n<p style=\"text-align: justify\"><strong style=\"color: #999999\"><a style=\"color: #999999\" href=\"http:\/\/www.cnct.fr\/\" target=\"_blank\" rel=\"noopener noreferrer\">Comit\u00e9 national contre le tabagisme |<\/a><\/strong><\/p>\n","protected":false},"excerpt":{"rendered":"<p>D\u00e8s le 1er janvier 2027, il ne sera plus autoris\u00e9 de fumer ou de vapoter sur les terrasses publiques ni \u00e0 leurs abords dans un rayon de dix m\u00e8tres autour de celles-ci. Les fumoirs pr\u00e9sents dans certains caf\u00e9s ou a\u00e9roports seront \u00e9galement interdits, tout comme les bars \u00e0 chicha et clubs de cigares. Cette d\u00e9cision, valid\u00e9e par le Conseil des ministres, s\u2019inscrit dans la continuit\u00e9 des politiques visant \u00e0 limiter le tabagisme dans les lieux publics et \u00e0 atteindre une g\u00e9n\u00e9ration sans tabac d\u2019ici 2040.<\/p>\n","protected":false},"featured_media":25018,"template":"","tags":[],"thematique":[491],"class_list":["post-25015","actualites","type-actualites","status-publish","has-post-thumbnail","hentry","thematique-politiques-publiques"],"acf":[],"_links":{"self":[{"href":"https:\/\/www.generationsanstabac.org\/fr\/wp-json\/wp\/v2\/actualites\/25015","targetHints":{"allow":["GET"]}}],"collection":[{"href":"https:\/\/www.generationsanstabac.org\/fr\/wp-json\/wp\/v2\/actualites"}],"about":[{"href":"https:\/\/www.generationsanstabac.org\/fr\/wp-json\/wp\/v2\/types\/actualites"}],"version-history":[{"count":1,"href":"https:\/\/www.generationsanstabac.org\/fr\/wp-json\/wp\/v2\/actualites\/25015\/revisions"}],"predecessor-version":[{"id":25019,"href":"https:\/\/www.generationsanstabac.org\/fr\/wp-json\/wp\/v2\/actualites\/25015\/revisions\/25019"}],"wp:featuredmedia":[{"embeddable":true,"href":"https:\/\/www.generationsanstabac.org\/fr\/wp-json\/wp\/v2\/media\/25018"}],"wp:attachment":[{"href":"https:\/\/www.generationsanstabac.org\/fr\/wp-json\/wp\/v2\/media?parent=25015"}],"wp:term":[{"taxonomy":"post_tag","embeddable":true,"href":"https:\/\/www.generationsanstabac.org\/fr\/wp-json\/wp\/v2\/tags?post=25015"},{"taxonomy":"thematique","embeddable":true,"href":"https:\/\/www.generationsanstabac.org\/fr\/wp-json\/wp\/v2\/thematique?post=25015"}],"curies":[{"name":"wp","href":"https:\/\/api.w.org\/{rel}","templated":true}]}}