{"id":24892,"date":"2025-09-04T07:00:42","date_gmt":"2025-09-04T05:00:42","guid":{"rendered":"https:\/\/www.generationsanstabac.org\/?post_type=actualites&#038;p=24892"},"modified":"2025-08-29T13:41:29","modified_gmt":"2025-08-29T11:41:29","slug":"en-irlande-la-ministre-de-la-sante-veut-interdire-les-sachets-de-nicotine-pour-les-mineurs","status":"publish","type":"actualites","link":"https:\/\/www.generationsanstabac.org\/fr\/actualites\/en-irlande-la-ministre-de-la-sante-veut-interdire-les-sachets-de-nicotine-pour-les-mineurs\/","title":{"rendered":"En Irlande, la ministre de la Sant\u00e9 veut interdire les sachets de nicotine pour les mineurs"},"content":{"rendered":"<p style=\"text-align: justify\"><em>La ministre irlandaise de la Sant\u00e9, Jennifer Carroll MacNeill, s\u2019est d\u00e9clar\u00e9e favorable \u00e0 l\u2019interdiction des sachets de nicotine pour les moins de 18 ans. Ces produits, de la taille d\u2019un b\u00e2tonnet de chewing-gum, contiennent de la poudre de nicotine et se consomment en les pla\u00e7ant entre la l\u00e8vre et la gencive. La ministre a d\u00e9crit ces sachets comme particuli\u00e8rement probl\u00e9matiques, car leur apparence proche des confiseries et leur discr\u00e9tion les rendent difficiles \u00e0 d\u00e9tecter par les parents. Elle a toutefois reconnu les difficult\u00e9s d\u2019int\u00e9grer une telle interdiction dans la l\u00e9gislation irlandaise, tout en affirmant vouloir agir d\u00e8s que possible pour inclure ces produits dans un futur cadre l\u00e9gal<a href=\"#_ftn1\" name=\"_ftnref1\"><strong>[1]<\/strong><\/a>.<\/em><\/p>\n<h2 style=\"text-align: justify\">Les acteurs de la sant\u00e9 publique s\u2019inqui\u00e8tent d\u2019un risque de nouvelle \u00e9pid\u00e9mie<\/h2>\n<p style=\"text-align: justify\">La Soci\u00e9t\u00e9 irlandaise du cancer a appel\u00e9 \u00e0 un renforcement de la r\u00e9glementation concernant les sachets de nicotine, estimant qu\u2019ils ciblent clairement les jeunes et risquent de devenir la nouvelle \u00ab\u00a0\u00e9pid\u00e9mie de vapotage\u00a0\u00bb. Selon sa directrice g\u00e9n\u00e9rale, Averil Power, ces produits co\u00fbtent entre 5 et 7 \u20ac pour une bo\u00eete de 15 \u00e0 20 sachets, soit bien moins cher que les cigarettes, et sont propos\u00e9s dans de nombreux ar\u00f4mes sucr\u00e9s.<\/p>\n<p style=\"text-align: justify\">Leur aspect et leur absence de fum\u00e9e ou de vapeur les rendent particuli\u00e8rement attrayants et faciles \u00e0 utiliser en toute discr\u00e9tion par les adolescents. L\u2019organisation avertit que cette situation pourrait reproduire le ph\u00e9nom\u00e8ne observ\u00e9 avec la cigarette \u00e9lectronique, dont l\u2019usage a fortement augment\u00e9 chez les mineurs en Irlande. D\u2019apr\u00e8s les estimations de l\u2019organisme, un tiers des adolescents irlandais vapotent actuellement, une tendance <a href=\"https:\/\/www.generationsanstabac.org\/fr\/actualites\/une-enquete-sur-le-vapotage-en-irlande-du-nord-revele-lampleur-du-probleme-chez-les-jeunes\/\">\u00e9galement observ\u00e9e en Irlande du Nord<\/a> et <a href=\"https:\/\/www.generationsanstabac.org\/fr\/actualites\/vapotage-en-irlande-des-usages-en-forte-hausse-chez-les-jeunes-adultes\/\">en hausse chez les jeunes adultes<\/a>.<\/p>\n<p style=\"text-align: justify\">\u00ab <em>Ces sachets ne jouent aucun r\u00f4le dans le sevrage tabagique<\/em> \u00bb, a par ailleurs d\u00e9clar\u00e9 le professeur Bobby Smyth du Trinity College. \u00ab <em>Leur seul but est de rendre une nouvelle g\u00e9n\u00e9ration d\u00e9pendante \u00e0 la nicotine, dont certains passeront in\u00e9vitablement au tabagisme traditionnel.<\/em> [\u2026] <em>Certains produits contiennent des quantit\u00e9s stup\u00e9fiantes de nicotine. Ils peuvent provoquer des sympt\u00f4mes d&rsquo;intoxication \u00e0 la nicotine, notamment des vomissements, des douleurs abdominales, des sueurs et une augmentation de la pression art\u00e9rielle.<\/em> [\u2026] <em>Il existe des bo\u00eetes individuelles de sachets contenant suffisamment de nicotine pour tuer deux adolescents de 13 ans. Et malheureusement, mais comme on pouvait s&rsquo;y attendre, personne n&rsquo;est charg\u00e9 de r\u00e9glementer ou de contr\u00f4ler ces produits nocifs pour la sant\u00e9<\/em>. \u00bb<a href=\"#_ftn2\" name=\"_ftnref2\">[2]<\/a>.<\/p>\n<h2 style=\"text-align: justify\">D\u00e9bat sur la r\u00e9glementation et le marketing des sachets de nicotine<\/h2>\n<p style=\"text-align: justify\">Mme Power a ainsi critiqu\u00e9 la lenteur du gouvernement \u00e0 r\u00e9glementer l\u2019usage de la nicotine, rappelant que les recommandations de l\u2019OMS concernant les cigarettes \u00e9lectroniques datent de 2014, tandis que la premi\u00e8re l\u00e9gislation irlandaise n\u2019a \u00e9t\u00e9 adopt\u00e9e qu\u2019en 2023.<\/p>\n<p style=\"text-align: justify\">Elle plaide pour une loi plus large, incluant non seulement les cigarettes \u00e9lectroniques, mais aussi les sachets de nicotine et tout produit similaire \u00e0 venir. L\u2019organisation s\u2019inqui\u00e8te \u00e9galement de la pr\u00e9sence de marques de nicotine comme sponsors de festivals fr\u00e9quent\u00e9s par des jeunes. Environ 560 000 personnes \u00e9taient attendues \u00e0 des festivals de musique durant l\u2019\u00e9t\u00e9, dont 80 000 \u00e0 l\u2019\u00e9dition 2025 du festival Electric Picnic, sponsoris\u00e9 par la marque de sachets de nicotine VELO, propri\u00e9t\u00e9 de British American Tobacco (BAT). Nordic Spirit, propri\u00e9t\u00e9 de Japan Tobacco International (JTI), a \u00e9galement parrain\u00e9 d&rsquo;autres \u00e9v\u00e9nements musicaux au cours des derniers mois.<\/p>\n<p style=\"text-align: justify\">La Soci\u00e9t\u00e9 irlandaise du cancer juge cette pratique contraire \u00e0 l\u2019\u00e9thique et \u00e0 la l\u00e9gislation\u00a0; l\u2019organisation demande au gouvernement d\u2019y mettre un terme, rappelant que le parrainage par les fabricants de tabac est interdit en Irlande depuis 25 ans. Elle a pr\u00e9cis\u00e9 que ces nouveaux produits constituent un moyen pour l\u2019industrie du tabac de conqu\u00e9rir un nouveau march\u00e9 et d&rsquo;\u00e9chapper aux restrictions qui lui sont impos\u00e9es par la l\u00e9gislation sur les autres produits nicotiniques.<\/p>\n<p style=\"text-align: justify\">La d\u00e9put\u00e9e sociale-d\u00e9mocrate Jennifer Whitmore a r\u00e9agi : \u00ab <em>Il est extr\u00eamement d\u00e9cevant de voir des festivals, auxquels assistent des centaines de milliers de personnes, utilis\u00e9s comme vecteurs pour commercialiser des produits nicotiniques.<\/em> \u00bb Elle a ajout\u00e9 que ces sachets constituent une \u00ab <em>porte d&rsquo;entr\u00e9e vers une d\u00e9pendance \u00e0 la nicotine \u00e0 vie<\/em> [\u2026] <em>L&rsquo;incapacit\u00e9 du gouvernement \u00e0 r\u00e9glementer la vente de sachets nicotiniques repr\u00e9sente une menace permanente pour la sant\u00e9 et le bien-\u00eatre des enfants.<\/em> \u00bb<a href=\"#_ftn3\" name=\"_ftnref3\">[3]<\/a>. Elle a enfin appel\u00e9 le gouvernement irlandais \u00e0 \u00ab <em>d\u00e9sormais se ressaisir et introduire imm\u00e9diatement des restrictions d&rsquo;\u00e2ge et des r\u00e9glementations sur la vente et la commercialisation des sachets de nicotine.<\/em> \u00bb<a href=\"#_ftn4\" name=\"_ftnref4\">[4]<\/a>.<\/p>\n<p style=\"text-align: justify\"><strong style=\"text-align: justify\"><a href=\"https:\/\/www.generationsanstabac.org\/\">\u00a9G\u00e9n\u00e9ration Sans Tabac<\/a><\/strong><\/p>\n<p style=\"text-align: right\"><em><strong>AD<\/strong><\/em><\/p>\n<hr \/>\n<p style=\"text-align: justify\"><a href=\"#_ftnref1\" name=\"_ftn1\">[1]<\/a>RTE, <a href=\"https:\/\/www.rte.ie\/news\/2025\/0827\/1530375-nicotine-pouches-regulation\/\">Minister for Health in favour of nicotine pouch ban for children<\/a>, publi\u00e9 le 27 ao\u00fbt 2025, consult\u00e9 le 28 ao\u00fbt 2025<\/p>\n<p style=\"text-align: justify\"><a href=\"#_ftnref2\" name=\"_ftn2\">[2]<\/a>Michael McHale, <a href=\"https:\/\/www.imt.ie\/news\/music-festivals-partnering-with-pouches-that-addict-a-new-generation-to-nicotine-27-08-2025\/\">Music festivals partnering with pouches that \u2018addict a new generation to nicotine\u2019<\/a>, Irish Medical Times, publi\u00e9 le 27 ao\u00fbt 2025, consult\u00e9 le 28 ao\u00fbt 2025<\/p>\n<p style=\"text-align: justify\"><a href=\"#_ftnref3\" name=\"_ftn3\">[3]<\/a>Sophie Finn, <a href=\"https:\/\/www.thejournal.ie\/health-minister-says-she-plans-to-introduce-legislation-for-nicotine-pouches-6800481-Aug2025\/\">Government will &lsquo;absolutely&rsquo; introduce legislation on nicotine pouches<\/a>, The Journal, publi\u00e9 le 27 ao\u00fbt 2025, consult\u00e9 le 28 ao\u00fbt 2025<\/p>\n<p style=\"text-align: justify\"><a href=\"#_ftnref4\" name=\"_ftn4\">[4]<\/a>Social Democrats, <a href=\"https:\/\/www.socialdemocrats.ie\/government-failure-to-regulate-nicotine-pouches-poses-a-threat-to-childrens-health-and-wellbeing\/\">Government failure to regulate nicotine pouches poses a threat to children\u2019s health and wellbeing<\/a>, publi\u00e9 le 27 ao\u00fbt 2025, consult\u00e9 le 28 ao\u00fbt 2025<\/p>\n<p style=\"text-align: justify\"><strong style=\"color: #999999\"><a style=\"color: #999999\" href=\"http:\/\/www.cnct.fr\/\" target=\"_blank\" rel=\"noopener noreferrer\">Comit\u00e9 national contre le tabagisme |<\/a><\/strong><\/p>\n","protected":false},"excerpt":{"rendered":"<p>La ministre irlandaise de la Sant\u00e9, Jennifer Carroll MacNeill, s\u2019est d\u00e9clar\u00e9e favorable \u00e0 l\u2019interdiction des sachets de nicotine pour les moins de 18 ans. Ces produits, de la taille d\u2019un b\u00e2tonnet de chewing-gum, contiennent de la poudre de nicotine et se consomment en les pla\u00e7ant entre la l\u00e8vre et la gencive. La ministre a d\u00e9crit ces sachets comme particuli\u00e8rement probl\u00e9matiques, car leur apparence proche des confiseries et leur discr\u00e9tion les rendent difficiles \u00e0 d\u00e9tecter par les parents. Elle a toutefois reconnu les difficult\u00e9s d\u2019int\u00e9grer une telle interdiction dans la l\u00e9gislation irlandaise, tout en affirmant vouloir agir d\u00e8s que possible pour inclure ces produits dans un futur cadre l\u00e9gal.<\/p>\n","protected":false},"featured_media":19497,"template":"","tags":[],"thematique":[491,474],"class_list":["post-24892","actualites","type-actualites","status-publish","has-post-thumbnail","hentry","thematique-politiques-publiques","thematique-sante"],"acf":[],"_links":{"self":[{"href":"https:\/\/www.generationsanstabac.org\/fr\/wp-json\/wp\/v2\/actualites\/24892","targetHints":{"allow":["GET"]}}],"collection":[{"href":"https:\/\/www.generationsanstabac.org\/fr\/wp-json\/wp\/v2\/actualites"}],"about":[{"href":"https:\/\/www.generationsanstabac.org\/fr\/wp-json\/wp\/v2\/types\/actualites"}],"version-history":[{"count":2,"href":"https:\/\/www.generationsanstabac.org\/fr\/wp-json\/wp\/v2\/actualites\/24892\/revisions"}],"predecessor-version":[{"id":24923,"href":"https:\/\/www.generationsanstabac.org\/fr\/wp-json\/wp\/v2\/actualites\/24892\/revisions\/24923"}],"wp:featuredmedia":[{"embeddable":true,"href":"https:\/\/www.generationsanstabac.org\/fr\/wp-json\/wp\/v2\/media\/19497"}],"wp:attachment":[{"href":"https:\/\/www.generationsanstabac.org\/fr\/wp-json\/wp\/v2\/media?parent=24892"}],"wp:term":[{"taxonomy":"post_tag","embeddable":true,"href":"https:\/\/www.generationsanstabac.org\/fr\/wp-json\/wp\/v2\/tags?post=24892"},{"taxonomy":"thematique","embeddable":true,"href":"https:\/\/www.generationsanstabac.org\/fr\/wp-json\/wp\/v2\/thematique?post=24892"}],"curies":[{"name":"wp","href":"https:\/\/api.w.org\/{rel}","templated":true}]}}