{"id":24820,"date":"2025-08-25T07:00:26","date_gmt":"2025-08-25T05:00:26","guid":{"rendered":"https:\/\/www.generationsanstabac.org\/?post_type=actualites&#038;p=24820"},"modified":"2025-08-26T10:07:37","modified_gmt":"2025-08-26T08:07:37","slug":"au-turkmenistan-un-objectif-deradication-totale-du-tabagisme","status":"publish","type":"actualites","link":"https:\/\/www.generationsanstabac.org\/fr\/actualites\/au-turkmenistan-un-objectif-deradication-totale-du-tabagisme\/","title":{"rendered":"Au Turkm\u00e9nistan, un objectif d\u2019\u00e9radication totale du tabagisme"},"content":{"rendered":"<p style=\"text-align: justify\"><a href=\"#_ftn1\" name=\"_ftnref1\"><\/a><\/p>\n<p style=\"text-align: justify\"><em>Au Turkm\u00e9nistan, fumer dans l\u2019espace public est devenu une infraction passible d\u2019amendes, dans le cadre d\u2019une politique stricte de lutte contre le tabagisme<a href=\"#_ftn1\" name=\"_ftnref1\"><strong>[1]<\/strong><\/a><\/em><em>. <\/em><em>Depuis 2022, les autorit\u00e9s de ce pays d\u2019Asie centrale tr\u00e8s ferm\u00e9 et autocratique visent \u00e0 faire du pays le premier \u00ab \u00c9tat lib\u00e9r\u00e9 du tabac \u00bb d\u2019ici fin 2025. Cette ambition a \u00e9t\u00e9 fix\u00e9e par l\u2019ancien pr\u00e9sident Gourbangouly Berdymoukhamedov, qui promeut un mode de vie sain en appliquant strictement des mesures pr\u00e9conis\u00e9es par l\u2019OMS m\u00eal\u00e9es \u00e0 des d\u00e9monstrations de force autoritaires. Selon l\u2019OMS, seuls 4 % des Turkm\u00e8nes consomment du tabac, l\u2019une des plus basses pr\u00e9valences qui soit dans le monde.<\/em><\/p>\n<h2 style=\"text-align: justify\">Un acc\u00e8s restreint au tabac, en raison de prix \u00e9lev\u00e9s et de mesures antitabac appliqu\u00e9es<\/h2>\n<p style=\"text-align: justify\">Malgr\u00e9 l\u2019interdiction de vente dans les commerces publics, certains fumeurs s\u2019approvisionnent dans des kiosques priv\u00e9s, comme celui de Me\u00eflis, dans la capitale Achkhabad, qui vend des cigarettes import\u00e9es des autres pays d\u2019Asie centrale voisins, comme l\u2019Ouzb\u00e9kistan et le Kazakhstan, ainsi que du Moyen-Orient, comme l\u2019Iran.<\/p>\n<p style=\"text-align: justify\">Le prix d\u2019un paquet varie de 50 \u00e0 170 manats turkm\u00e8nes (12 \u20ac \u00e0 42 \u20ac) et les cigarettes \u00e0 l\u2019unit\u00e9 entre 2 et 5 manats (0,49 \u20ac \u00e0 1,23 \u20ac). Ceci peut repr\u00e9senter jusqu\u2019\u00e0 11 % du salaire mensuel moyen, d\u2019environ 1 500 manats (369 \u20ac) en 2018, selon les derni\u00e8res donn\u00e9es disponibles.<\/p>\n<p style=\"text-align: justify\">Toutefois, l\u2019estimation du prix r\u00e9el des cigarettes par les consommateurs et la comparaison avec d\u2019autres pays sont rendues compliqu\u00e9es par l\u2019existence de deux taux de change, l\u2019un officiel utilis\u00e9 par l\u2019\u00c9tat pour contr\u00f4ler la monnaie, et l\u2019autre r\u00e9el issu du march\u00e9 noir, qui est six fois plus faible, ce qui illustre l\u2019\u00e9cart consid\u00e9rable entre les statistiques officielles et le pouvoir d\u2019achat r\u00e9el des habitants.<\/p>\n<p style=\"text-align: justify\">Les autorit\u00e9s turkm\u00e8nes misent sur des mesures fortes pour r\u00e9duire le tabagisme : augmentation de l\u2019\u00e2ge l\u00e9gal pour fumer (depuis 2022, il est interdit de vendre du tabac \u00e0 toute personne de moins de 21 ans et \u00e0 toute personne de moins de 21 ans d\u2019en acheter<a href=\"#_ftn2\" name=\"_ftnref1\">[2]<\/a>), <a href=\"#_ftn2\" name=\"_ftnref2\"><\/a>limitation des quantit\u00e9s import\u00e9es (deux paquets maximum), taxes douani\u00e8res \u00e9lev\u00e9es, interdiction de fumer dans presque tous les lieux publics, y compris les v\u00e9hicules priv\u00e9s quand ils sont stationn\u00e9s sur des parkings publics, et des contraventions pouvant atteindre 200 manats turkm\u00e8nes (49 \u20ac). Des centres de sevrage gratuit ont \u00e9t\u00e9 mis en place par le minist\u00e8re de la Sant\u00e9.<\/p>\n<p style=\"text-align: justify\">L\u2019essentiel de ces mesures sont par ailleurs pr\u00e9conis\u00e9es par la Convention-cadre de l\u2019OMS pour la lutte antitabac, que le Turkm\u00e9nistan a ratifi\u00e9e le 13 mai 2011.<\/p>\n<h2 style=\"text-align: justify\">L\u2019Asie centrale entre lutte antitabac ferme et ing\u00e9rence de l\u2019industrie<\/h2>\n<p style=\"text-align: justify\">Cette politique s\u2019inscrit dans un contexte de pouvoir transmis de p\u00e8re en fils entre Gourbangouly et Serdar Berdymoukhamedov. En 2023, le pr\u00e9sident actuel a ordonn\u00e9 une \u00ab <em>lutte sans compromis<\/em> \u00bb contre le tabac, men\u00e9e comme pour les autres aspects de la vie politique turkm\u00e8ne de fa\u00e7on tr\u00e8s autoritaire, avec des fumeurs montr\u00e9s \u00e0 la t\u00e9l\u00e9vision en train de pr\u00e9senter publiquement leurs excuses et de renoncer \u00e0 la chicha ou aux cigarettes de contrebande. Des \u00e9v\u00e9nements publics, incluant la destruction symbolique de cigarettes accompagn\u00e9e de performances artistiques, sont r\u00e9guli\u00e8rement organis\u00e9s.<\/p>\n<p style=\"text-align: justify\">Par ailleurs, les autorit\u00e9s ont annonc\u00e9 en juillet 2025 un nouveau plan d\u2019action pour lutter contre la consommation d\u2019alcool d\u2019ici 2028, \u00e9largissant ainsi leur politique de sant\u00e9 publique \u00e0 d\u2019autres substances addictives.<\/p>\n<p style=\"text-align: justify\">Dans d\u2019autres pays d\u2019Asie centrale comme l\u2019Azerba\u00efdjan et le Kazakhstan, o\u00f9 les cadres r\u00e9glementaires sont plus faibles et les dispositifs de pr\u00e9vention moins d\u00e9velopp\u00e9s qu\u2019au Turkm\u00e9nistan, <a href=\"https:\/\/www.generationsanstabac.org\/fr\/actualites\/lindustrie-du-tabac-consolide-sa-presence-dans-des-etats-a-faible-reglementation\/\">les fabricants de tabac installent des usines de production de tabac<\/a> et se m\u00ealent du d\u00e9veloppement \u00e9conomique et social, avec la complicit\u00e9 des autorit\u00e9s locales. Ce faisant, les fabricants emp\u00eachent ces pays de progresser voire risquent d\u2019affaiblir les progr\u00e8s r\u00e9alis\u00e9s sur le plan international en mati\u00e8re de sant\u00e9.<\/p>\n<p style=\"text-align: justify\">Au contraire, le Kirghizistan, qui comme le Turkm\u00e9nistan a suivi les pr\u00e9conisations de l\u2019OMS pour la lutte antitabac, a annonc\u00e9 en juin 2025 <a href=\"https:\/\/www.generationsanstabac.org\/fr\/actualites\/le-kirghizistan-renforce-sa-politique-de-lutte-contre-le-tabagisme\/\">s\u2019engager dans un renforcement majeur de sa politique de lutte contre le tabagisme<\/a> en annon\u00e7ant une hausse significative des taxes sur les produits du tabac, avec pour objectif de r\u00e9duire leur accessibilit\u00e9, notamment aupr\u00e8s des jeunes, ainsi qu\u2019une interdiction \u00e0 compter du 1<sup>er<\/sup>\u00a0juillet 2025 de la vente de cigarettes \u00e9lectroniques et de tabac chauff\u00e9.<\/p>\n<p style=\"text-align: justify\"><strong style=\"text-align: justify\"><a href=\"https:\/\/www.generationsanstabac.org\/\">\u00a9G\u00e9n\u00e9ration Sans Tabac<\/a><\/strong><\/p>\n<p style=\"text-align: right\"><em><strong>AD<\/strong><\/em><\/p>\n<hr \/>\n<p style=\"text-align: justify\"><a href=\"#_ftnref1\" name=\"_ftn1\">[1]<\/a>AFP, <a href=\"https:\/\/www.france24.com\/fr\/info-en-continu\/20250820-au-turkm%C3%A9nistan-la-lutte-sans-rel%C3%A2che-pour-%C3%A9radiquer-le-tabagisme\">Au Turkm\u00e9nistan, la lutte sans rel\u00e2che pour \u00ab\u00a0\u00e9radiquer\u00a0\u00bb le tabagisme<\/a>, France 24, publi\u00e9 le 20 ao\u00fbt 2025, consult\u00e9 le m\u00eame jour<\/p>\n<p style=\"text-align: justify\"><a href=\"#_ftnref2\" name=\"_ftn2\">[2]<\/a>Turkmen Portal, <a href=\"https:\/\/turkmenportal.com\/en\/blog\/54945\/turkmenistan-raises-legal-age-for-selling-tobacco-products-to-21?utm_source=chatgpt.com\">Turkmenistan raises legal age for selling tobacco products to 21<\/a>, publi\u00e9 le 30 novembre 2022, consult\u00e9 le 20 ao\u00fbt 2025<\/p>\n<p style=\"text-align: justify\"><strong style=\"color: #999999\"><a style=\"color: #999999\" href=\"http:\/\/www.cnct.fr\/\" target=\"_blank\" rel=\"noopener noreferrer\">Comit\u00e9 national contre le tabagisme |<\/a><\/strong><\/p>\n","protected":false},"excerpt":{"rendered":"<p>Depuis 2022, les autorit\u00e9s de ce pays d\u2019Asie centrale tr\u00e8s ferm\u00e9 et autocratique visent \u00e0 faire du pays le premier \u00ab \u00c9tat lib\u00e9r\u00e9 du tabac \u00bb d\u2019ici fin 2025. Cette ambition a \u00e9t\u00e9 fix\u00e9e par l\u2019ancien pr\u00e9sident Gourbangouly Berdymoukhamedov, qui promeut un mode de vie sain en appliquant strictement des mesures pr\u00e9conis\u00e9es par l\u2019OMS m\u00eal\u00e9es \u00e0 des d\u00e9monstrations de force autoritaires. Selon l\u2019OMS, seuls 4 % des Turkm\u00e8nes consomment du tabac, l\u2019une des plus basses pr\u00e9valences qui soit dans le monde.<\/p>\n","protected":false},"featured_media":24823,"template":"","tags":[],"thematique":[491],"class_list":["post-24820","actualites","type-actualites","status-publish","has-post-thumbnail","hentry","thematique-politiques-publiques"],"acf":[],"_links":{"self":[{"href":"https:\/\/www.generationsanstabac.org\/fr\/wp-json\/wp\/v2\/actualites\/24820","targetHints":{"allow":["GET"]}}],"collection":[{"href":"https:\/\/www.generationsanstabac.org\/fr\/wp-json\/wp\/v2\/actualites"}],"about":[{"href":"https:\/\/www.generationsanstabac.org\/fr\/wp-json\/wp\/v2\/types\/actualites"}],"version-history":[{"count":1,"href":"https:\/\/www.generationsanstabac.org\/fr\/wp-json\/wp\/v2\/actualites\/24820\/revisions"}],"predecessor-version":[{"id":24824,"href":"https:\/\/www.generationsanstabac.org\/fr\/wp-json\/wp\/v2\/actualites\/24820\/revisions\/24824"}],"wp:featuredmedia":[{"embeddable":true,"href":"https:\/\/www.generationsanstabac.org\/fr\/wp-json\/wp\/v2\/media\/24823"}],"wp:attachment":[{"href":"https:\/\/www.generationsanstabac.org\/fr\/wp-json\/wp\/v2\/media?parent=24820"}],"wp:term":[{"taxonomy":"post_tag","embeddable":true,"href":"https:\/\/www.generationsanstabac.org\/fr\/wp-json\/wp\/v2\/tags?post=24820"},{"taxonomy":"thematique","embeddable":true,"href":"https:\/\/www.generationsanstabac.org\/fr\/wp-json\/wp\/v2\/thematique?post=24820"}],"curies":[{"name":"wp","href":"https:\/\/api.w.org\/{rel}","templated":true}]}}