{"id":24725,"date":"2025-08-12T07:00:39","date_gmt":"2025-08-12T05:00:39","guid":{"rendered":"https:\/\/www.generationsanstabac.org\/?post_type=actualites&#038;p=24725"},"modified":"2025-08-04T16:39:13","modified_gmt":"2025-08-04T14:39:13","slug":"le-tabac-en-montenegro-une-urgence-de-sante-publique","status":"publish","type":"actualites","link":"https:\/\/www.generationsanstabac.org\/fr\/actualites\/le-tabac-en-montenegro-une-urgence-de-sante-publique\/","title":{"rendered":"Le tabac en Mont\u00e9n\u00e9gro, une urgence de sant\u00e9 publique"},"content":{"rendered":"<p style=\"text-align: justify\"><em>La consommation de tabac constitue la premi\u00e8re cause de mortalit\u00e9 pr\u00e9matur\u00e9e<\/em><em> \u00e9vitable au Mont\u00e9n\u00e9gro, selon Mina Brajovi\u0107, cheffe du bureau de l\u2019Organisation mondiale de la sant\u00e9 (OMS) dans le pays. Elle rappelle que plus de 2 000 d\u00e9c\u00e8s y sont enregistr\u00e9s chaque ann\u00e9e \u00e0 cause de maladies li\u00e9es au tabagisme, soit pr\u00e8s de 30 % des d\u00e9c\u00e8s annuels. En 2022, environ 32 % des adultes mont\u00e9n\u00e9grins consommaient du tabac, un chiffre sup\u00e9rieur \u00e0 la moyenne europ\u00e9enne (25,3 %) et mondiale (20,9 %)<a href=\"#_ftn1\" name=\"_ftnref1\"><strong>[1]<\/strong><\/a>.<\/em><\/p>\n<h2 style=\"text-align: justify\">Une r\u00e9glementation encore peu appliqu\u00e9e<\/h2>\n<p style=\"text-align: justify\">Brajovi\u0107 estime que la mise en \u0153uvre des obligations issues de la Convention-cadre de l\u2019OMS pour la lutte antitabac, pourtant ratifi\u00e9e par le Mont\u00e9n\u00e9gro le 23 octobre 2006, reste insuffisante. Des mesures telles que l\u2019interdiction de fumer dans les espaces publics clos, dans les lieux de travail ou dans les transports en commun ne sont toujours pas appliqu\u00e9es de mani\u00e8re effective. De plus, les services de sant\u00e9 pour accompagner l\u2019arr\u00eat du tabac ou surveiller la consommation demeurent limit\u00e9s.<\/p>\n<p style=\"text-align: justify\">Selon l\u2019OMS, une strat\u00e9gie efficace devrait inclure une interdiction totale de fumer dans les lieux publics, la suppression de toute forme de publicit\u00e9, promotion et parrainage, l\u2019imposition de paquets neutres et standardis\u00e9s, un soutien renforc\u00e9 \u00e0 l\u2019arr\u00eat du tabac ainsi qu\u2019une fiscalit\u00e9 dissuasive par le biais de taxes sp\u00e9cifiques.<\/p>\n<p style=\"text-align: justify\">La r\u00e9cente hausse des droits d\u2019accise sur les produits du tabac est consid\u00e9r\u00e9e comme un pas dans la bonne direction. L\u2019OMS encourage les autorit\u00e9s \u00e0 poursuivre cette politique, d\u00e9montr\u00e9e comme efficace pour r\u00e9duire la consommation d\u00e8s les premiers mois.<\/p>\n<h2 style=\"text-align: justify\">Le tabac a un co\u00fbt tant sanitaire qu\u2019\u00e9conomique, rappelle la dignitaire<\/h2>\n<p style=\"text-align: justify\">\u00ab <em>Les produits du tabac \u00e0 fumer, y compris les narguil\u00e9s, contiennent plus de 7 000 substances chimiques, dont au moins 250 sont reconnues comme toxiques ou canc\u00e9rig\u00e8nes. Le tabac \u00e0 chiquer provoque \u00e9galement des probl\u00e8mes de sant\u00e9 graves, parfois mortels. L&rsquo;industrie du tabac ne produit pas des biens de consommation courants : elle vend des produits con\u00e7us pour cr\u00e9er et entretenir une d\u00e9pendance, et qui tuent jusqu&rsquo;\u00e0 la moiti\u00e9 des consommateurs qui ne parviennent pas \u00e0 arr\u00eater. Ces produits contiennent de la nicotine, une substance addictive, ainsi que de nombreux produits chimiques toxiques qui affectent presque tous les organes du corps humain et ont un effet n\u00e9faste sur la sant\u00e9 tout au long de la vie. En moyenne, les fumeurs de longue date perdent au moins 10 ans de leur vie<\/em> \u00bb, souligne Mme Brajovi\u0107.<\/p>\n<p style=\"text-align: justify\">Elle avertit que la consommation de tabac en 2021 \u00e9tait responsable de 15,4 % de tous les d\u00e9c\u00e8s chez les hommes et de 4,7 % chez les femmes dans la r\u00e9gion europ\u00e9enne de l&rsquo;OMS.<\/p>\n<p style=\"text-align: justify\">Les cons\u00e9quences \u00e9conomiques sont \u00e9galement significatives : en 2020, les pertes li\u00e9es au tabac ont \u00e9t\u00e9 estim\u00e9es \u00e0 307 millions d\u2019euros, soit 7,3 % du PIB annuel du pays. Ces pertes d\u00e9passent largement les revenus g\u00e9n\u00e9r\u00e9s par les taxes sur le tabac.<\/p>\n<h2 style=\"text-align: justify\">Une industrie qui cible les jeunes g\u00e9n\u00e9rations<\/h2>\n<p style=\"text-align: justify\">L\u2019OMS souligne \u00e9galement les m\u00e9thodes de la fili\u00e8re tabac et nicotine, qualifi\u00e9e d\u2019\u00ab\u00a0industrie de la mort\u00a0\u00bb, qui utilise des tactiques marketing agressives. Les produits sont souvent pr\u00e9sent\u00e9s dans des emballages attrayants, avec des ar\u00f4mes destin\u00e9s \u00e0 s\u00e9duire les plus jeunes. Ces ar\u00f4mes sont identifi\u00e9s comme un facteur majeur de l\u2019initiation et de la d\u00e9pendance, rendant le sevrage plus difficile.<\/p>\n<p style=\"text-align: justify\">Brajovi\u0107 insiste sur le fait que l\u2019industrie continue de diffuser des messages ambigus, affirmant que certains produits, comme les sachets de nicotine, ne seraient pas nocifs, ou que la hausse des taxes entra\u00eenerait des cons\u00e9quences n\u00e9gatives sur l\u2019emploi ou l\u2019\u00e9conomie, des affirmations contredites par des donn\u00e9es scientifiques solides.<\/p>\n<p style=\"text-align: justify\">Elle conclut en appelant les autorit\u00e9s mont\u00e9n\u00e9grines \u00e0 adopter sans d\u00e9lai une nouvelle l\u00e9gislation compl\u00e8te, accompagn\u00e9e de m\u00e9canismes de contr\u00f4le et d\u2019application efficaces, afin de prot\u00e9ger la sant\u00e9 publique, en particulier celle des jeunes g\u00e9n\u00e9rations.<\/p>\n<p style=\"text-align: justify\">Le Mont\u00e9n\u00e9gro s\u2019\u00e9tait d\u00e9j\u00e0 montr\u00e9 proactif en la mati\u00e8re <a href=\"https:\/\/www.generationsanstabac.org\/fr\/actualites\/le-montenegro-plaide-en-faveur-dune-lutte-antitabac-plus-forte-dans-les-balkans-occidentaux\/\">en organisant, en mars 2025, plusieurs r\u00e9unions techniques et politiques de haut niveau, r\u00e9unissant d\u00e9cideurs, experts, ONG et repr\u00e9sentants d\u2019organisations internationales<\/a>, afin de renforcer la coop\u00e9ration dans les Balkans occidentaux, acc\u00e9l\u00e9rer la ratification du Protocole de l\u2019OMS pour \u00e9liminer le commerce illicite des produits du tabac et lutter contre l\u2019ing\u00e9rence de l\u2019industrie du tabac.<\/p>\n<p style=\"text-align: justify\"><strong style=\"text-align: justify\"><a href=\"https:\/\/www.generationsanstabac.org\/\">\u00a9G\u00e9n\u00e9ration Sans Tabac<\/a><\/strong><\/p>\n<p style=\"text-align: right\"><em><strong>AD<\/strong><\/em><\/p>\n<hr \/>\n<p style=\"text-align: justify\"><a href=\"#_ftnref1\" name=\"_ftn1\">[1]<\/a>Komatina Ana, <a href=\"https:\/\/en.vijesti.me\/amp\/769370\/Smoking-claims-2000-lives-a-year--head-of-the-WHO-office-on-the-control-and-manipulation-of-the-death-industry\">Smoking claims 2.000 lives annually: WHO office head on control and manipulation of the \u00ab\u00a0death industry\u00a0\u00bb<\/a>, Vijesti, publi\u00e9 le 3 ao\u00fbt 2025, consult\u00e9 le 4 ao\u00fbt 2025<\/p>\n<p style=\"text-align: justify\"><strong style=\"color: #999999\"><a style=\"color: #999999\" href=\"http:\/\/www.cnct.fr\/\" target=\"_blank\" rel=\"noopener noreferrer\">Comit\u00e9 national contre le tabagisme |<\/a><\/strong><\/p>\n","protected":false},"excerpt":{"rendered":"<p>La consommation de tabac constitue la premi\u00e8re cause de mortalit\u00e9 pr\u00e9matur\u00e9e \u00e9vitable au Mont\u00e9n\u00e9gro, selon Mina Brajovi\u0107, cheffe du bureau de l\u2019Organisation mondiale de la sant\u00e9 (OMS) dans le pays. Elle rappelle que plus de 2 000 d\u00e9c\u00e8s y sont enregistr\u00e9s chaque ann\u00e9e \u00e0 cause de maladies li\u00e9es au tabagisme, soit pr\u00e8s de 30 % des d\u00e9c\u00e8s annuels. En 2022, environ 32 % des adultes mont\u00e9n\u00e9grins consommaient du tabac, un chiffre sup\u00e9rieur \u00e0 la moyenne europ\u00e9enne (25,3 %) et mondiale (20,9 %).<\/p>\n","protected":false},"featured_media":24728,"template":"","tags":[],"thematique":[491,474],"class_list":["post-24725","actualites","type-actualites","status-publish","has-post-thumbnail","hentry","thematique-politiques-publiques","thematique-sante"],"acf":[],"_links":{"self":[{"href":"https:\/\/www.generationsanstabac.org\/fr\/wp-json\/wp\/v2\/actualites\/24725","targetHints":{"allow":["GET"]}}],"collection":[{"href":"https:\/\/www.generationsanstabac.org\/fr\/wp-json\/wp\/v2\/actualites"}],"about":[{"href":"https:\/\/www.generationsanstabac.org\/fr\/wp-json\/wp\/v2\/types\/actualites"}],"version-history":[{"count":1,"href":"https:\/\/www.generationsanstabac.org\/fr\/wp-json\/wp\/v2\/actualites\/24725\/revisions"}],"predecessor-version":[{"id":24729,"href":"https:\/\/www.generationsanstabac.org\/fr\/wp-json\/wp\/v2\/actualites\/24725\/revisions\/24729"}],"wp:featuredmedia":[{"embeddable":true,"href":"https:\/\/www.generationsanstabac.org\/fr\/wp-json\/wp\/v2\/media\/24728"}],"wp:attachment":[{"href":"https:\/\/www.generationsanstabac.org\/fr\/wp-json\/wp\/v2\/media?parent=24725"}],"wp:term":[{"taxonomy":"post_tag","embeddable":true,"href":"https:\/\/www.generationsanstabac.org\/fr\/wp-json\/wp\/v2\/tags?post=24725"},{"taxonomy":"thematique","embeddable":true,"href":"https:\/\/www.generationsanstabac.org\/fr\/wp-json\/wp\/v2\/thematique?post=24725"}],"curies":[{"name":"wp","href":"https:\/\/api.w.org\/{rel}","templated":true}]}}