{"id":24679,"date":"2025-08-05T07:00:03","date_gmt":"2025-08-05T05:00:03","guid":{"rendered":"https:\/\/www.generationsanstabac.org\/?post_type=actualites&#038;p=24679"},"modified":"2025-07-30T15:38:22","modified_gmt":"2025-07-30T13:38:22","slug":"le-belize-soriente-vers-linterdiction-de-fumer-dans-les-lieux-publics-fermes","status":"publish","type":"actualites","link":"https:\/\/www.generationsanstabac.org\/fr\/actualites\/le-belize-soriente-vers-linterdiction-de-fumer-dans-les-lieux-publics-fermes\/","title":{"rendered":"Le Belize s&rsquo;oriente vers l&rsquo;interdiction de fumer dans les lieux publics ferm\u00e9s"},"content":{"rendered":"<p style=\"text-align: justify\"><em>Le minist\u00e8re de la Sant\u00e9 et du Bien-\u00eatre, avec le soutien de l\u2019Organisation panam\u00e9ricaine de la sant\u00e9 (OPS) et de l\u2019Organisation mondiale de la sant\u00e9 (OMS), a organis\u00e9 \u00e0 Belize City un important atelier visant \u00e0 faire avancer le pays vers un environnement sans tabac. Cette initiative s\u2019inscrit dans une dynamique r\u00e9gionale en faveur du renforcement de la l\u00e9gislation sur le tabac \u00e0 travers l\u2019Am\u00e9rique latine<a href=\"#_ftn1\" name=\"_ftnref1\"><strong>[1]<\/strong><\/a>.<\/em><\/p>\n<h2 style=\"text-align: justify\">Un atelier strat\u00e9gique pour un Belize sans tabac<\/h2>\n<p style=\"text-align: justify\">Bien que le Belize ait ratifi\u00e9 la Convention-cadre de l\u2019OMS pour la lutte antitabac le 15 d\u00e9cembre 2005, les autorit\u00e9s estiment qu\u2019il est temps de passer des engagements \u00e0 la mise en \u0153uvre concr\u00e8te. L\u2019atelier a r\u00e9uni des repr\u00e9sentants du gouvernement, de la soci\u00e9t\u00e9 civile, du monde universitaire et du secteur priv\u00e9 afin d\u2019\u00e9changer sur les strat\u00e9gies \u00e0 adopter.<\/p>\n<p style=\"text-align: justify\">L\u2019objectif revendiqu\u00e9 est de r\u00e9duire l\u2019usage du tabac, l\u2019une des principales causes \u00e9vitables de d\u00e9c\u00e8s pr\u00e9matur\u00e9, et promouvoir des espaces de vie plus sains et exempts de fum\u00e9e.<\/p>\n<p style=\"text-align: justify\">Le Dr Andrei Chell, directeur de l\u2019Unit\u00e9 d\u2019analyse des politiques et de planification, a pr\u00e9cis\u00e9 que cette semaine est consacr\u00e9e \u00e0 des activit\u00e9s centr\u00e9es sur les environnements sans tabac ni \u00e9missions. Selon lui, il s\u2019agit de sauver des vies, de soutenir l\u2019\u00e9conomie et d\u2019am\u00e9liorer la qualit\u00e9 de vie au Belize. Il a soulign\u00e9 l\u2019importance de la collaboration multisectorielle pour identifier les bonnes pratiques et mettre en place des politiques fond\u00e9es sur des donn\u00e9es probantes.<\/p>\n<p style=\"text-align: justify\">Les donn\u00e9es de la soci\u00e9t\u00e9 d&rsquo;\u00e9tudes de march\u00e9 IndexBox montrent que le Belize a enregistr\u00e9 la consommation par habitant la plus \u00e9lev\u00e9e de cigarettes de la r\u00e9gion en 2024, avec une moyenne de 50 unit\u00e9s par personne. Les donn\u00e9es ont \u00e9galement montr\u00e9 que le Belize figure parmi les trois premiers importateurs de produits du tabac dans la r\u00e9gion, avec 52 millions de dollars d\u00e9pens\u00e9s en 2024<a href=\"#_ftn2\" name=\"_ftnref2\">[2]<\/a>.<\/p>\n<h2 style=\"text-align: justify\">Une dynamique r\u00e9gionale en faveur de la sant\u00e9 publique<\/h2>\n<p style=\"text-align: justify\">Lors de cet atelier, Rosa Carolina Sandoval, conseill\u00e8re r\u00e9gionale \u00e0 l\u2019OPS, a rappel\u00e9 que la r\u00e9duction de la consommation de tabac et du tabagisme passif permet non seulement de sauver des vies, citant par exemple les risques de cancers et de maladies cardiovasculaires, mais \u00e9galement de r\u00e9aliser des \u00e9conomies significatives pour les syst\u00e8mes de sant\u00e9. Pour elle, il est essentiel de garantir des espaces non-fumeurs dans les espaces ferm\u00e9s et les lieux de travail pour prot\u00e9ger la sant\u00e9 des travailleurs.<\/p>\n<p style=\"text-align: justify\">Elle a \u00e9galement insist\u00e9 sur l\u2019importance de la pr\u00e9vention et du soutien aux pays qui souhaitent adopter des lois anti-tabac. Mme Sandoval a ainsi soulign\u00e9 que 24 pays d\u2019Am\u00e9rique latine et des Cara\u00efbes ont d\u00e9j\u00e0 mis en \u0153uvre des lois interdisant de fumer dans les lieux publics tels que les bars et restaurants, ces lois n\u2019ayant pas impact\u00e9 le tourisme de pays comme Trinit\u00e9-et-Tobago, la Jama\u00efque ou encore la Barbade.<\/p>\n<p style=\"text-align: justify\">Elle a ajout\u00e9 que dans un pays comme l&rsquo;Uruguay, qui a \u00e9t\u00e9 le premier \u00e0 mettre en place une politique antitabac en 2005, les lois antitabac ont rapidement augment\u00e9 les revenus des bars et restaurants en attirant une client\u00e8le non-fumeuse, majoritaire dans le pays.<\/p>\n<p style=\"text-align: justify\">L\u2019OPS et l\u2019OMS souhaitent d\u00e9sormais accompagner le Belize dans la mise en place de mesures similaires, dans l\u2019espoir de voir un jour l\u2019ensemble de la r\u00e9gion devenir une zone sans tabac.<\/p>\n<p style=\"text-align: justify\">Avec une mobilisation croissante autour de cette initiative r\u00e9gionale, le Belize cherche d\u00e9sormais \u00e0 d\u00e9finir une feuille de route claire pour prot\u00e9ger la sant\u00e9 publique des effets n\u00e9fastes du tabac. Le dialogue entre les diff\u00e9rents secteurs devrait permettre de b\u00e2tir des alliances solides pour instaurer des environnements sans fum\u00e9e, au b\u00e9n\u00e9fice de l\u2019ensemble de la population.<\/p>\n<p style=\"text-align: justify\">Toutefois, le minist\u00e8re de la Sant\u00e9 et du Bien-\u00eatre social du Belize a d\u00e9clar\u00e9 plus t\u00f4t dans le mois de juillet qu&rsquo;il n&rsquo;augmenterait pas les taxes sur le tabac et l&rsquo;alcool, contrairement \u00e0 ce que recommande l\u2019OMS. Au d\u00e9but du mois, l&rsquo;organisation a lanc\u00e9 <a href=\"https:\/\/www.generationsanstabac.org\/fr\/actualites\/loms-appelle-a-augmenter-les-taxes-sur-les-produits-nocifs-pour-la-sante\/\">une initiative majeure exhortant les pays \u00e0 augmenter le prix du tabac, de l&rsquo;alcool et des boissons sucr\u00e9es d&rsquo;au moins 50 % d&rsquo;ici 2035 par le biais de taxes<\/a>.<\/p>\n<p style=\"text-align: justify\">L&rsquo;OMS affirme que cette augmentation permettrait de r\u00e9duire les maladies chroniques et de g\u00e9n\u00e9rer des recettes publiques essentielles.<\/p>\n<p style=\"text-align: justify\">Selon les responsables de la sant\u00e9, le Belize n&rsquo;en est pas encore l\u00e0, mais cherche plut\u00f4t \u00e0 finaliser un projet de loi sur le tabac visant \u00e0 d\u00e9courager la vente et la consommation de tabac. La directrice de la sant\u00e9 publique et du bien-\u00eatre, le Dr Melissa Diaz Musa, a affirm\u00e9 que ce projet de loi r\u00e9glementerait \u00e9galement la commercialisation du tabac et que des campagnes de pr\u00e9vention contre les boissons sucr\u00e9es, le tabac et l\u2019alcool seraient men\u00e9es dans les \u00e9coles.<\/p>\n<p style=\"text-align: justify\"><strong style=\"text-align: justify\"><a href=\"https:\/\/www.generationsanstabac.org\/\">\u00a9G\u00e9n\u00e9ration Sans Tabac<\/a><\/strong><\/p>\n<p style=\"text-align: right\"><em><strong>AD<\/strong><\/em><\/p>\n<hr \/>\n<p style=\"text-align: justify\"><a href=\"#_ftnref1\" name=\"_ftn1\">[1]<\/a>Arceo Tanya, <a href=\"https:\/\/www.greaterbelize.com\/belize-pushes-for-smoke-free-future\/\">Belize Pushes for Smoke-Free Future<\/a>, Greater Belize, publi\u00e9 le 29 juillet 2025, consult\u00e9 le 30 juillet 2025<\/p>\n<p style=\"text-align: justify\"><a href=\"#_ftnref2\" name=\"_ftn2\">[2]<\/a>Love FM, <a href=\"https:\/\/lovefm.com\/belize-rejects-who-call-for-higher-tobacco-and-alcohol-taxes\/\">Belize Rejects WHO Call for Higher Tobacco and Alcohol Taxes<\/a>, publi\u00e9 le 24 juillet 2025, consult\u00e9 le 30 juillet 2025<\/p>\n<p style=\"text-align: justify\"><strong style=\"color: #999999\"><a style=\"color: #999999\" href=\"http:\/\/www.cnct.fr\/\" target=\"_blank\" rel=\"noopener noreferrer\">Comit\u00e9 national contre le tabagisme |<\/a><\/strong><\/p>\n","protected":false},"excerpt":{"rendered":"<p>Le minist\u00e8re de la Sant\u00e9 et du Bien-\u00eatre, avec le soutien de l\u2019Organisation panam\u00e9ricaine de la sant\u00e9 (OPS) et de l\u2019Organisation mondiale de la sant\u00e9 (OMS), a organis\u00e9 \u00e0 Belize City un important atelier visant \u00e0 faire avancer le pays vers un environnement sans tabac. Cette initiative s\u2019inscrit dans une dynamique r\u00e9gionale en faveur du renforcement de la l\u00e9gislation sur le tabac \u00e0 travers l\u2019Am\u00e9rique latine.<\/p>\n","protected":false},"featured_media":24683,"template":"","tags":[],"thematique":[491],"class_list":["post-24679","actualites","type-actualites","status-publish","has-post-thumbnail","hentry","thematique-politiques-publiques"],"acf":[],"_links":{"self":[{"href":"https:\/\/www.generationsanstabac.org\/fr\/wp-json\/wp\/v2\/actualites\/24679","targetHints":{"allow":["GET"]}}],"collection":[{"href":"https:\/\/www.generationsanstabac.org\/fr\/wp-json\/wp\/v2\/actualites"}],"about":[{"href":"https:\/\/www.generationsanstabac.org\/fr\/wp-json\/wp\/v2\/types\/actualites"}],"version-history":[{"count":3,"href":"https:\/\/www.generationsanstabac.org\/fr\/wp-json\/wp\/v2\/actualites\/24679\/revisions"}],"predecessor-version":[{"id":24685,"href":"https:\/\/www.generationsanstabac.org\/fr\/wp-json\/wp\/v2\/actualites\/24679\/revisions\/24685"}],"wp:featuredmedia":[{"embeddable":true,"href":"https:\/\/www.generationsanstabac.org\/fr\/wp-json\/wp\/v2\/media\/24683"}],"wp:attachment":[{"href":"https:\/\/www.generationsanstabac.org\/fr\/wp-json\/wp\/v2\/media?parent=24679"}],"wp:term":[{"taxonomy":"post_tag","embeddable":true,"href":"https:\/\/www.generationsanstabac.org\/fr\/wp-json\/wp\/v2\/tags?post=24679"},{"taxonomy":"thematique","embeddable":true,"href":"https:\/\/www.generationsanstabac.org\/fr\/wp-json\/wp\/v2\/thematique?post=24679"}],"curies":[{"name":"wp","href":"https:\/\/api.w.org\/{rel}","templated":true}]}}