{"id":24666,"date":"2025-08-09T07:00:59","date_gmt":"2025-08-09T05:00:59","guid":{"rendered":"https:\/\/www.generationsanstabac.org\/?post_type=actualites&#038;p=24666"},"modified":"2025-08-01T12:17:03","modified_gmt":"2025-08-01T10:17:03","slug":"antigua-et-barbuda-prepare-une-reglementation-sur-le-tabagisme-prevoyant-des-amendes-severes","status":"publish","type":"actualites","link":"https:\/\/www.generationsanstabac.org\/fr\/actualites\/antigua-et-barbuda-prepare-une-reglementation-sur-le-tabagisme-prevoyant-des-amendes-severes\/","title":{"rendered":"Antigua-et-Barbuda pr\u00e9pare une r\u00e9glementation sur le tabagisme pr\u00e9voyant des amendes s\u00e9v\u00e8res"},"content":{"rendered":"<p style=\"text-align: justify\"><em>Les autorit\u00e9s sanitaires d\u2019Antigua-et-Barbuda intensifient leurs efforts de sensibilisation autour de l\u2019usage responsable des substances, dans le cadre de la mise en place prochaine de nouvelles r\u00e9glementations sur l\u2019interdiction de fumer dans les espaces publics. Les contrevenants pourront encourir des amendes allant jusqu\u2019\u00e0 5 000 dollars des Cara\u00efbes orientales (1600 euros)<a href=\"#_ftn1\" name=\"_ftnref1\"><strong>[1]<\/strong><\/a>.<\/em><\/p>\n<h2 style=\"text-align: justify\">De nouvelles r\u00e9glementations en cours de finalisation<\/h2>\n<p style=\"text-align: justify\">Le minist\u00e8re de la Sant\u00e9, en collaboration avec l\u2019Autorit\u00e9 du cannabis m\u00e9dicinal, a annonc\u00e9 que ces nouvelles mesures de lutte contre le tabac sont en phase finale de r\u00e9daction et devraient entrer en vigueur en 2026. Ces r\u00e9glementations viennent renforcer la loi sur le contr\u00f4le du tabac adopt\u00e9e en 2018, consid\u00e9r\u00e9e comme l\u2019une des plus compl\u00e8tes de la r\u00e9gion.<\/p>\n<p style=\"text-align: justify\">Ces nouvelles dispositions interdiront la consommation de tabac dans de nombreux lieux publics, incluant les \u00e9tablissements \u00e9ducatifs, les \u00e9tablissements de sant\u00e9, les parcs, les aires de jeux, les lieux de divertissement, les restaurants, les ar\u00e8nes sportives et tout espace destin\u00e9 \u00e0 la consommation de nourriture ou de boissons. Des espaces sp\u00e9cifiques, tels que des salons fumeurs ou des zones de vapotage, seront cependant autoris\u00e9s dans certains cas.<\/p>\n<h2 style=\"text-align: justify\">L\u2019\u00e9ducation au service d\u2019enjeux publics de sant\u00e9<\/h2>\n<p style=\"text-align: justify\">Les responsables de la sant\u00e9 publique mettent en avant l\u2019impact croissant du tabagisme, y compris pour les non-fumeurs expos\u00e9s au tabagisme passif. La Dre Kamaria De Castro, m\u00e9decin-chef, souligne l\u2019augmentation des maladies cardiovasculaires, du cancer du poumon et des AVC, notant que ces pathologies touchent d\u00e9sormais \u00e9galement les non-fumeurs expos\u00e9s au tabagisme passif.<\/p>\n<p style=\"text-align: justify\">Un accent particulier est mis sur l\u2019\u00e9ducation du public, notamment dans les \u00e9coles, o\u00f9 sont utilis\u00e9s des supports visuels comme des mod\u00e8les gonflables de poumons pour illustrer les effets du tabagisme. Des aides au sevrage, y compris des prescriptions m\u00e9dicales, sont \u00e9galement mises \u00e0 disposition via les professionnels de sant\u00e9, afin d\u2019accompagner les personnes souhaitant arr\u00eater de fumer.<\/p>\n<h2 style=\"text-align: justify\">La protection de la jeunesse en ligne de mire<\/h2>\n<p style=\"text-align: justify\">Les autorit\u00e9s alertent \u00e9galement sur la popularit\u00e9 croissante de produits comme les cigarettes \u00e9lectroniques, les cigarettes \u00e9lectroniques aromatis\u00e9es ou encore la chicha, particuli\u00e8rement pris\u00e9s par les jeunes. Samantha Moitt, responsable de la nutrition et r\u00e9f\u00e9rente tabac au minist\u00e8re de la Sant\u00e9, pr\u00e9cise que ces produits, souvent per\u00e7us comme inoffensifs, peuvent contenir des doses de nicotine importantes, parfois sup\u00e9rieures \u00e0 celles des cigarettes classiques.<\/p>\n<p style=\"text-align: justify\">Si l\u2019importation, la vente, la distribution et la promotion de la cigarette \u00e9lectronique sont formellement interdites dans l\u2019archipel carib\u00e9en, <a href=\"https:\/\/www.generationsanstabac.org\/fr\/actualites\/les-maldives-interdisent-les-produits-du-vapotage\/\">comme cela a \u00e9t\u00e9 d\u00e9cid\u00e9 ailleurs dans le monde comme les Maldives depuis le 15 d\u00e9cembre 2024<\/a>, la possession ou l\u2019usage personnel n\u2019y sont pas explicitement p\u00e9nalis\u00e9s. Le pays fait pourtant partie d\u2019une liste grandissante de pays, qui, \u00e9tant Parties de la Convention-cadre pour la lutte antitabac de l\u2019OMS (depuis le 5 juin 2006 dans le cas d\u2019Antigua-et-Barbuda), se sont engag\u00e9s \u00e0 lutter totalement et efficacement contre les produits de vapotage.<\/p>\n<p style=\"text-align: justify\">Les nouvelles r\u00e9glementations incluront des avertissements visuels sur les paquets de tabac et interdiront les activit\u00e9s de parrainage par les entreprises du secteur, notamment dans les \u00e9v\u00e9nements destin\u00e9s \u00e0 la jeunesse. L\u2019application des r\u00e8gles sera assur\u00e9e conjointement par la police, les services de sant\u00e9, les autorit\u00e9s en mati\u00e8re de stup\u00e9fiants et l\u2019Autorit\u00e9 du cannabis m\u00e9dicinal.<\/p>\n<p style=\"text-align: justify\">Enfin, les autorit\u00e9s insistent sur l\u2019importance du respect des autres dans les espaces partag\u00e9s. \u00ab <em>Il ne s\u2019agit pas d\u2019interdire, mais de faire preuve de respect<\/em> \u00bb, a d\u00e9clar\u00e9 Regis Burton, directeur g\u00e9n\u00e9ral de l\u2019Autorit\u00e9 du cannabis m\u00e9dicinal. L\u2019approche adopt\u00e9e vise \u00e0 encadrer l\u2019usage non seulement du tabac, mais \u00e9galement du cannabis et de l\u2019alcool, avec une distinction claire entre l\u2019usage m\u00e9dical prescrit et l\u2019usage r\u00e9cr\u00e9atif, qui reste interdit dans les lieux publics.<\/p>\n<p style=\"text-align: justify\"><strong style=\"text-align: justify\"><a href=\"https:\/\/www.generationsanstabac.org\/\">\u00a9G\u00e9n\u00e9ration Sans Tabac<\/a><\/strong><\/p>\n<p style=\"text-align: right\"><em><strong>AD<\/strong><\/em><\/p>\n<hr \/>\n<p style=\"text-align: justify\"><a href=\"#_ftnref1\" name=\"_ftn1\">[1]<\/a>Kisean Joseph, <a href=\"https:\/\/antiguaobserver.com\/antigua-and-barbuda-prepares-new-smoking-regulations-with-stiff-fines\/\">Antigua and Barbuda prepares new smoking regulations with stiff fines<\/a>, Antigua Observer, publi\u00e9 le 29 juillet 2025, consult\u00e9 le 29 juillet 2025<\/p>\n<p style=\"text-align: justify\"><strong style=\"color: #999999\"><a style=\"color: #999999\" href=\"http:\/\/www.cnct.fr\/\" target=\"_blank\" rel=\"noopener noreferrer\">Comit\u00e9 national contre le tabagisme |<\/a><\/strong><\/p>\n","protected":false},"excerpt":{"rendered":"<p>Les autorit\u00e9s sanitaires d\u2019Antigua-et-Barbuda intensifient leurs efforts de sensibilisation autour de l\u2019usage responsable des substances, dans le cadre de la mise en place prochaine de nouvelles r\u00e9glementations sur l\u2019interdiction de fumer dans les espaces publics. Les contrevenants pourront encourir des amendes allant jusqu\u2019\u00e0 5 000 dollars des Cara\u00efbes orientales (1600 euros).<\/p>\n","protected":false},"featured_media":24669,"template":"","tags":[],"thematique":[491],"class_list":["post-24666","actualites","type-actualites","status-publish","has-post-thumbnail","hentry","thematique-politiques-publiques"],"acf":[],"_links":{"self":[{"href":"https:\/\/www.generationsanstabac.org\/fr\/wp-json\/wp\/v2\/actualites\/24666","targetHints":{"allow":["GET"]}}],"collection":[{"href":"https:\/\/www.generationsanstabac.org\/fr\/wp-json\/wp\/v2\/actualites"}],"about":[{"href":"https:\/\/www.generationsanstabac.org\/fr\/wp-json\/wp\/v2\/types\/actualites"}],"version-history":[{"count":1,"href":"https:\/\/www.generationsanstabac.org\/fr\/wp-json\/wp\/v2\/actualites\/24666\/revisions"}],"predecessor-version":[{"id":24670,"href":"https:\/\/www.generationsanstabac.org\/fr\/wp-json\/wp\/v2\/actualites\/24666\/revisions\/24670"}],"wp:featuredmedia":[{"embeddable":true,"href":"https:\/\/www.generationsanstabac.org\/fr\/wp-json\/wp\/v2\/media\/24669"}],"wp:attachment":[{"href":"https:\/\/www.generationsanstabac.org\/fr\/wp-json\/wp\/v2\/media?parent=24666"}],"wp:term":[{"taxonomy":"post_tag","embeddable":true,"href":"https:\/\/www.generationsanstabac.org\/fr\/wp-json\/wp\/v2\/tags?post=24666"},{"taxonomy":"thematique","embeddable":true,"href":"https:\/\/www.generationsanstabac.org\/fr\/wp-json\/wp\/v2\/thematique?post=24666"}],"curies":[{"name":"wp","href":"https:\/\/api.w.org\/{rel}","templated":true}]}}