{"id":24548,"date":"2025-07-17T07:00:21","date_gmt":"2025-07-17T05:00:21","guid":{"rendered":"https:\/\/www.generationsanstabac.org\/?post_type=actualites&#038;p=24548"},"modified":"2025-07-15T12:48:04","modified_gmt":"2025-07-15T10:48:04","slug":"philippines-controverse-autour-de-la-nomination-de-dave-gomez-chef-de-la-communication-de-lexecutif","status":"publish","type":"actualites","link":"https:\/\/www.generationsanstabac.org\/fr\/actualites\/philippines-controverse-autour-de-la-nomination-de-dave-gomez-chef-de-la-communication-de-lexecutif\/","title":{"rendered":"Philippines : Controverse autour de la nomination de Dave Gomez, chef de la communication de l\u2019ex\u00e9cutif"},"content":{"rendered":"<p style=\"text-align: justify\"><em>Des organisations de sant\u00e9 publique, des parlementaires et des acteurs de la soci\u00e9t\u00e9 civile expriment de fortes inqui\u00e9tudes quant \u00e0 la nomination de Dave Gomez, ancien cadre de Philip Morris, \u00e0 la t\u00eate du bureau pr\u00e9sidentiel de la communication (PCO). Cette d\u00e9cision soul\u00e8ve des questions majeures d\u2019ind\u00e9pendance de la communication gouvernementale, en particulier sur les sujets li\u00e9s \u00e0 la sant\u00e9 publique et \u00e0 la lutte antitabac.<\/em><\/p>\n<h2 style=\"text-align: justify\"><strong>Un ancien de Philip Morris nomm\u00e9 \u00e0 la communication pr\u00e9sidentielle<\/strong><\/h2>\n<p style=\"text-align: justify\">Le 11 juillet 2025, le pr\u00e9sident philippin Ferdinand Marcos Jr. a annonc\u00e9 la nomination de Dave Gomez en tant que nouveau secr\u00e9taire du Presidential Communications Office (PCO), organe central de la communication de l\u2019ex\u00e9cutif. Ancien directeur de la communication globale pour Philip Morris Fortune Tobacco Corporation, Dave Gomez a \u00e9galement travaill\u00e9 dans les relations publiques pour d&rsquo;autres grandes entreprises priv\u00e9es. Cette nomination a imm\u00e9diatement suscit\u00e9 la controverse.<\/p>\n<p style=\"text-align: justify\">Les opposants pointent du doigt ses liens \u00e9troits avec l\u2019industrie du tabac, d\u00e9non\u00e7ant un choix incompatible avec les missions de l\u2019administration, notamment en mati\u00e8re de pr\u00e9vention des maladies non transmissibles. Le PCO est en effet charg\u00e9 de coordonner la communication gouvernementale, y compris les campagnes de sensibilisation du public sur des enjeux de sant\u00e9. Or, l\u2019industrie du tabac est r\u00e9guli\u00e8rement accus\u00e9e de strat\u00e9gies visant \u00e0 retarder ou affaiblir les politiques de sant\u00e9 publique, en particulier celles li\u00e9es \u00e0 la r\u00e9glementation du tabac et des produits \u00e0 base de nicotine.<\/p>\n<h2 style=\"text-align: justify\"><strong>R\u00e9quisitoire de la s\u00e9natrice Pia Cayetano et des ONG<\/strong><\/h2>\n<p style=\"text-align: justify\">Parmi les premi\u00e8res personnalit\u00e9s \u00e0 exprimer leur opposition figure la s\u00e9natrice Pia Cayetano, engag\u00e9e de longue date dans les politiques de sant\u00e9 publique et la lutte contre le tabagisme. Elle a vivement critiqu\u00e9 la nomination de Dave Gomez, qu\u2019elle qualifie de \u00ab conflit d\u2019int\u00e9r\u00eats dangereux \u00bb, soulignant qu\u2019un tel profil ne peut incarner de mani\u00e8re cr\u00e9dible la voix du gouvernement sur des enjeux aussi sensibles.<\/p>\n<p style=\"text-align: justify\"><em>\u00ab Comment le gouvernement peut-il mener des campagnes cr\u00e9dibles contre le tabagisme et le vapotage alors que la personne en charge de sa communication a travaill\u00e9 pour l&rsquo;industrie que nous tentons de r\u00e9glementer ? \u00bb, <\/em>a-t-elle d\u00e9clar\u00e9 \u00e0 la presse locale<a href=\"#_ftn1\" name=\"_ftnref1\">[1]<\/a>.<\/p>\n<p style=\"text-align: justify\">La s\u00e9natrice a re\u00e7u le soutien de nombreuses organisations de la soci\u00e9t\u00e9 civile, parmi lesquelles HealthJustice Philippines, le Medical Action Group, la Youth for Mental Health Coalition, et le r\u00e9seau Child Rights Network. Toutes demandent \u00e0 la <em>Commission on Appointments<\/em> de ne pas confirmer cette nomination, qu\u2019elles estiment incompatible avec l\u2019\u00e9thique du service public.<\/p>\n<p style=\"text-align: justify\">Dans une d\u00e9claration conjointe, une coalition de dix ONG de sant\u00e9 et de d\u00e9fense des droits appelle \u00e0 un retrait imm\u00e9diat de cette d\u00e9signation.<\/p>\n<p style=\"text-align: justify\"><em>\u00ab Confier les r\u00eanes de la communication gouvernementale \u00e0 une personne ayant \u0153uvr\u00e9 pendant des ann\u00e9es pour une industrie aussi nocive, c\u2019est compromettre les fondements m\u00eames du service public<\/em> \u00bb, indiquent-elles dans leur communiqu\u00e9.<\/p>\n<p style=\"text-align: justify\">Elles d\u00e9noncent une menace directe pour l\u2019ind\u00e9pendance du discours public et rappellent que l\u2019industrie du tabac est reconnue, comme ayant des int\u00e9r\u00eats fondamentalement oppos\u00e9s \u00e0 ceux de la sant\u00e9 publique<a href=\"#_ftn2\" name=\"_ftnref2\">[2]<\/a>. Cette reconnaissance figure dans l\u2019un des textes internationaux adopt\u00e9s en conf\u00e9rence des parties du trait\u00e9 de l\u2019OMS, la convention cadre pour la lutte antitabac, y compris par les Philippines.<\/p>\n<p style=\"text-align: justify\">Elles craignent que le PCO, sous cette direction, n\u2019ait plus la capacit\u00e9 de porter des messages de pr\u00e9vention clairs et ind\u00e9pendants, notamment \u00e0 destination des jeunes, qui constituent une cible privil\u00e9gi\u00e9e des strat\u00e9gies marketing de l\u2019industrie du tabac et du vapotage. Cette d\u00e9cision intervient alors que les Philippines ont r\u00e9cemment renforc\u00e9 leur cadre r\u00e9glementaire sur les produits de vapotage et r\u00e9affirm\u00e9 leur engagement \u00e0 respecter les obligations de la Convention-cadre de l\u2019OMS pour la lutte antitabac, notamment la n\u00e9cessit\u00e9 de prot\u00e9ger les politiques publiques de toute influence de l\u2019industrie.<\/p>\n<h2 style=\"text-align: justify\"><strong>Un contexte marqu\u00e9 par l\u2019ing\u00e9rence croissante de l\u2019industrie du tabac<\/strong><\/h2>\n<p style=\"text-align: justify\">Cette controverse s\u2019inscrit dans un climat plus large de pr\u00e9occupations autour de l\u2019influence croissante de l\u2019industrie du tabac aux Philippines.<\/p>\n<p style=\"text-align: justify\">Des op\u00e9rations de promotion de produits nicotin\u00e9s, y compris des distributions gratuites dans des bars et discoth\u00e8ques, ont \u00e9t\u00e9 document\u00e9es, ciblant d\u00e9lib\u00e9r\u00e9ment les jeunes adultes dans un cadre festif et peu r\u00e9glement\u00e9<a href=\"#_ftn3\" name=\"_ftnref3\">[3]<\/a>.<\/p>\n<p style=\"text-align: justify\">Par ailleurs, ces derniers mois, plusieurs \u00e9v\u00e9nements ont mis en lumi\u00e8re les liens persistants entre des repr\u00e9sentants de l\u2019\u00c9tat et les int\u00e9r\u00eats industriels. En mai 2024, la nomination d\u2019un repr\u00e9sentant philippin controvers\u00e9 \u00e0 la pr\u00e9sidence de la 77e Assembl\u00e9e mondiale de la sant\u00e9<a href=\"#_ftn4\" name=\"_ftnref4\">[4]<\/a> avait suscit\u00e9 de vives r\u00e9actions, en raison de sa proximit\u00e9 suppos\u00e9e avec l\u2019industrie du tabac. Enfin, des d\u00e9l\u00e9gations philippines ont \u00e9t\u00e9 cit\u00e9es parmi les acteurs ayant frein\u00e9 les n\u00e9gociations internationales de l\u2019OMS sur la lutte contre le tabac<a href=\"#_ftn5\" name=\"_ftnref5\">[5]<\/a>. L\u2019affaire Gomez vient ainsi renforcer les craintes d\u2019un affaiblissement institutionnel dans la mise en \u0153uvre des engagements internationaux du pays en mati\u00e8re de sant\u00e9 publique.<\/p>\n<p style=\"text-align: justify\"><strong style=\"text-align: justify\"><a href=\"https:\/\/www.generationsanstabac.org\/\">\u00a9G\u00e9n\u00e9ration Sans Tabac<\/a><\/strong><\/p>\n<p style=\"text-align: right\"><em><strong>AE<\/strong><\/em><\/p>\n<hr \/>\n<p><a href=\"#_ftnref1\" name=\"_ftn1\">[1]<\/a> Hannah L. Torregoza, <a href=\"https:\/\/mb.com.ph\/2025\/07\/11\/pia-cayetano-joins-groups-rejecting-gomez-appointment-as-pco-secretary\">Pia Cayetano joins groups rejecting Gomez appointment as PCO secretary<\/a>, Manila Bulletin, publi\u00e9 le 11 juillet 2025, consult\u00e9 le jour-m\u00eame<\/p>\n<p><a href=\"#_ftnref2\" name=\"_ftn2\">[2]<\/a> <a href=\"https:\/\/manilastandard.net\/news\/314614442\/cayetano-csos-oppose-dave-gomez-appointment-at-pco.html\">Cayetano, CSOs oppose Dave Gomez appointment at PCO,<\/a> Manila Standard, publi\u00e9 le 11 juillet 2025, consult\u00e9 le jour-m\u00eame<\/p>\n<p><a href=\"#_ftnref3\" name=\"_ftn3\">[3]<\/a> G\u00e9n\u00e9ration sans tabac, <a href=\"https:\/\/www.generationsanstabac.org\/fr\/actualites\/philippines-distribution-gratuite-de-produits-de-la-nicotine-dans-les-bars-et-discotheques\/\">Philippines : distribution gratuite de produits de la nicotine dans les bars et discoth\u00e8ques<\/a>, publi\u00e9 le 20 avril 2025, consult\u00e9 le 11 juillet 2025<\/p>\n<p><a href=\"#_ftnref4\" name=\"_ftn4\">[4]<\/a> G\u00e9n\u00e9ration sans tabac, <a href=\"https:\/\/www.generationsanstabac.org\/fr\/actualites\/controverse-autour-de-la-nomination-des-philippines-a-la-presidence-de-lassemblee-mondiale-de-la-sante\/\">Controverse autour de la nomination des Philippines \u00e0 la pr\u00e9sidence de l\u2019Assembl\u00e9e mondiale de la Sant\u00e9<\/a>, publi\u00e9 le 15 avril 2025, consult\u00e9 le 11 juillet 2025<\/p>\n<p><a href=\"#_ftnref5\" name=\"_ftn5\">[5]<\/a> G\u00e9n\u00e9ration sans tabac, <a href=\"https:\/\/www.generationsanstabac.org\/fr\/decryptages\/des-delegations-mises-en-cause-dans-le-blocage-des-negociations-internationales-de-loms\/\">Des d\u00e9l\u00e9gations mises en cause dans le blocage des n\u00e9gociations internationales de l\u2019OMS<\/a>, publi\u00e9 le 12 mai 2025, consult\u00e9 le 11 juillet 2025<\/p>\n<p><strong style=\"color: #999999\"><a style=\"color: #999999\" href=\"http:\/\/www.cnct.fr\/\" target=\"_blank\" rel=\"noopener noreferrer\">Comit\u00e9 national contre le tabagisme |<\/a><\/strong><\/p>\n","protected":false},"excerpt":{"rendered":"<p>Des organisations de sant\u00e9 publique, des parlementaires et des acteurs de la soci\u00e9t\u00e9 civile expriment de fortes inqui\u00e9tudes quant \u00e0 la nomination de Dave Gomez, ancien cadre de Philip Morris, \u00e0 la t\u00eate du bureau pr\u00e9sidentiel de la communication (PCO). Cette d\u00e9cision soul\u00e8ve des questions majeures d\u2019ind\u00e9pendance de la communication gouvernementale, en particulier sur les sujets li\u00e9s \u00e0 la sant\u00e9 publique et \u00e0 la lutte antitabac.<\/p>\n","protected":false},"featured_media":24551,"template":"","tags":[],"thematique":[499,491],"class_list":["post-24548","actualites","type-actualites","status-publish","has-post-thumbnail","hentry","thematique-lobby","thematique-politiques-publiques"],"acf":[],"_links":{"self":[{"href":"https:\/\/www.generationsanstabac.org\/fr\/wp-json\/wp\/v2\/actualites\/24548","targetHints":{"allow":["GET"]}}],"collection":[{"href":"https:\/\/www.generationsanstabac.org\/fr\/wp-json\/wp\/v2\/actualites"}],"about":[{"href":"https:\/\/www.generationsanstabac.org\/fr\/wp-json\/wp\/v2\/types\/actualites"}],"version-history":[{"count":1,"href":"https:\/\/www.generationsanstabac.org\/fr\/wp-json\/wp\/v2\/actualites\/24548\/revisions"}],"predecessor-version":[{"id":24552,"href":"https:\/\/www.generationsanstabac.org\/fr\/wp-json\/wp\/v2\/actualites\/24548\/revisions\/24552"}],"wp:featuredmedia":[{"embeddable":true,"href":"https:\/\/www.generationsanstabac.org\/fr\/wp-json\/wp\/v2\/media\/24551"}],"wp:attachment":[{"href":"https:\/\/www.generationsanstabac.org\/fr\/wp-json\/wp\/v2\/media?parent=24548"}],"wp:term":[{"taxonomy":"post_tag","embeddable":true,"href":"https:\/\/www.generationsanstabac.org\/fr\/wp-json\/wp\/v2\/tags?post=24548"},{"taxonomy":"thematique","embeddable":true,"href":"https:\/\/www.generationsanstabac.org\/fr\/wp-json\/wp\/v2\/thematique?post=24548"}],"curies":[{"name":"wp","href":"https:\/\/api.w.org\/{rel}","templated":true}]}}