{"id":24476,"date":"2025-07-07T07:00:48","date_gmt":"2025-07-07T05:00:48","guid":{"rendered":"https:\/\/www.generationsanstabac.org\/?post_type=actualites&#038;p=24476"},"modified":"2025-07-07T16:34:58","modified_gmt":"2025-07-07T14:34:58","slug":"la-caroline-du-nord-interdit-les-e-cigarettes-jetables-non-approuvees-par-la-fda","status":"publish","type":"actualites","link":"https:\/\/www.generationsanstabac.org\/fr\/actualites\/la-caroline-du-nord-interdit-les-e-cigarettes-jetables-non-approuvees-par-la-fda\/","title":{"rendered":"La Caroline du Nord interdit les e-cigarettes jetables non approuv\u00e9es par la FDA"},"content":{"rendered":"<p style=\"text-align: justify\"><em>\u00c0 partir du 1<sup>er<\/sup> juillet 2025, la majorit\u00e9 des cigarettes \u00e9lectroniques jetables ne seront plus l\u00e9gales en Caroline du Nord, en vertu de la loi House Bill 900, sign\u00e9e en 2023 par l\u2019ancien gouverneur Roy Cooper. Bien que cette loi soit officiellement entr\u00e9e en vigueur le 1<sup>er<\/sup> mai 2025, une p\u00e9riode de transition de 60 jours \u00e9tait pr\u00e9vue pour permettre aux commer\u00e7ants de s\u2019adapter aux nouvelles directives du D\u00e9partement des imp\u00f4ts de Caroline du Nord, bas\u00e9es sur un r\u00e9pertoire de produits autoris\u00e9s ou en cours d\u2019examen par la Food and Drug Administration (FDA)<a href=\"#_ftn1\" name=\"_ftnref1\"><strong>[1]<\/strong><\/a>.<\/em><\/p>\n<h2 style=\"text-align: justify\">Interdiction de la plupart des e-cigarettes jetables en Caroline du Nord<\/h2>\n<p style=\"text-align: justify\">D\u00e9sormais, seuls les produits de vapotage ayant re\u00e7u une autorisation de la FDA ou qui sont enregistr\u00e9s comme \u00e9tant en cours d\u2019examen par l\u2019agence f\u00e9d\u00e9rale pourront rester en vente. De nombreuses marques populaires, comme Lost Mary et Elf Bar, vont dispara\u00eetre des rayons, m\u00eame si pr\u00e8s de 900 e-cigarettes jetables figurent encore sur le nouveau registre des produits de vapotage autoris\u00e9s en Caroline du Nord. Par ailleurs, il suffit aux fabricants de prouver qu\u2019ils ont entam\u00e9 une demande d&rsquo;autorisation pour pouvoir \u00eatre mis sur le march\u00e9.<\/p>\n<p style=\"text-align: justify\">Les produits contenant du THC ou du chanvre, eux, ne sont pas non plus concern\u00e9s par cette interdiction, car bien que la marijuana ne soit pas l\u00e9gale dans l&rsquo;\u00c9tat, un vide juridique permet aux produits de cannabis fabriqu\u00e9s avec des cannabino\u00efdes autres que le THC-9 ill\u00e9gal d&rsquo;\u00eatre vendus dans les magasins de Caroline du Nord<a href=\"#_ftn2\" name=\"_ftnref2\">[2]<\/a>.<\/p>\n<p style=\"text-align: justify\">Les commerces avaient jusqu\u2019au 29 juin 2025 pour retirer les produits non conformes. \u00c0 partir du 1<sup>er<\/sup> juillet 2025, ils doivent \u00e9galement obtenir une licence du D\u00e9partement des imp\u00f4ts pour continuer \u00e0 vendre des produits de vapotage.<\/p>\n<p style=\"text-align: justify\">En parall\u00e8le, une nouvelle fiscalit\u00e9 est mise en place : les produits \u00e0 base de nicotine alternative seront d\u00e9sormais soumis \u00e0 des taxes suppl\u00e9mentaires. La taxation du tabac sans fum\u00e9e, comme le snuff, sera d\u00e9sormais calcul\u00e9e en fonction du poids.<\/p>\n<h2 style=\"text-align: justify\">R\u00e9action des commer\u00e7ants et impacts sur la consommation<\/h2>\n<p style=\"text-align: justify\">Cette r\u00e9forme vise \u00e0 aligner la l\u00e9gislation de la Caroline du Nord sur les normes f\u00e9d\u00e9rales et \u00e0 r\u00e9duire l&rsquo;acc\u00e8s des jeunes \u00e0 des produits non r\u00e9glement\u00e9s. Un enjeu crucial puisque 1 lyc\u00e9en sur 8 dans l\u2019\u00c9tat d\u00e9clare vapoter, selon le d\u00e9partement de la sant\u00e9 de Caroline du Nord.<\/p>\n<p style=\"text-align: justify\">De plus, les donn\u00e9es les plus r\u00e9centes de l&rsquo;American Lung Association, datant de 2022, montrent que la Caroline du Nord a un taux de 7,9 % de vapoteurs adultes, un taux plus \u00e9lev\u00e9 que la moyenne nationale qui est d&rsquo;environ 6 %, selon les Centres am\u00e9ricains de contr\u00f4le des maladies (CDC).<\/p>\n<p style=\"text-align: justify\">En 2019, le Congr\u00e8s am\u00e9ricain a relev\u00e9 l\u2019\u00e2ge l\u00e9gal de vente pour l&rsquo;achat des produits du tabac, y compris les e-cigarettes, de 18 \u00e0 21 ans. Cependant, la Caroline du Nord fait encore partie des 7 \u00c9tats qui n&rsquo;ont pas modifi\u00e9 leur loi pour s&rsquo;aligner sur cette r\u00e8gle f\u00e9d\u00e9rale, l\u2019\u00e2ge minimum l\u00e9gal y reste donc \u00e0 18 ans.<\/p>\n<p style=\"text-align: justify\">Mohammad Ahmed, employ\u00e9 d\u2019un magasin proche de l\u2019universit\u00e9 North Carolina State, a constat\u00e9 une forte demande de e-cigarettes : \u00ab\u00a0<em>90 % des clients venaient pour \u00e7a<\/em>\u00a0\u00bb, dit-il. Mais il ne regrette pas leur retrait : \u00ab\u00a0<em>Je n\u2019aimais pas les vendre, c\u2019est mauvais pour la sant\u00e9.<\/em>\u00a0\u00bb.<\/p>\n<p style=\"text-align: justify\">L\u2019application de la loi est cens\u00e9e \u00eatre supervis\u00e9e par le D\u00e9partement des imp\u00f4ts mais demeure peu claire puisqu\u2019aucune pr\u00e9cision n\u2019a encore \u00e9t\u00e9 apport\u00e9e sur les modalit\u00e9s de contr\u00f4le. En outre, les fabricants de produits interdits ont engag\u00e9 des actions en justice pour suspendre l\u2019application de la loi.<\/p>\n<p style=\"text-align: justify\">Au niveau de la sant\u00e9 publique, la Caroline du Nord pr\u00e9sente le 10<sup>e<\/sup>\u00a0taux de mortalit\u00e9 infantile le plus \u00e9lev\u00e9 du pays. En mati\u00e8re de contr\u00f4le de l\u2019offre des produits du tabac, elle est aussi l\u2019un des neuf Etats \u00e0 ne pas exiger de licence ou permis de la part d\u2019un d\u00e9taillant du tabac.<\/p>\n<p style=\"text-align: justify\">C\u2019est pourquoi le groupe de travail sur la mortalit\u00e9 infantile de Caroline du Nord (CFTF), dans son rapport annuel de f\u00e9vrier 2025, a <a href=\"https:\/\/www.generationsanstabac.org\/fr\/actualites\/etats-unis-une-task-force-appelle-a-passer-lage-legal-de-vente-du-tabac-et-de-la-nicotine-a-21-ans\/\">soulign\u00e9 que le tabagisme et le vapotage chez les jeunes constituent un probl\u00e8me de sant\u00e9 publique majeur<\/a>. Il a notamment sugg\u00e9r\u00e9 d\u2019\u00e9lever l\u2019\u00e2ge minimal requis pour vendre du tabac et autres produits de la nicotine \u00e0 21 ans, d\u2019obliger les d\u00e9taillants \u00e0 disposer d\u2019une licence de vente, et demand\u00e9 que les produits du cannabis soient pr\u00e9sent\u00e9s de mani\u00e8re moins attractive, notamment pour les jeunes. Sont ainsi pr\u00e9conis\u00e9es l\u2019apposition d\u2019avertissements sanitaires et une r\u00e9glementation des conditionnements et produits.<\/p>\n<p style=\"text-align: justify\"><strong style=\"text-align: justify\"><a href=\"https:\/\/www.generationsanstabac.org\/\">\u00a9G\u00e9n\u00e9ration Sans Tabac<\/a><\/strong><\/p>\n<p style=\"text-align: right\"><em><strong>AD<\/strong><\/em><\/p>\n<hr \/>\n<p style=\"text-align: justify\"><a href=\"#_ftnref1\" name=\"_ftn1\">[1]<\/a>WRAL News, <a href=\"https:\/\/www.wral.com\/news\/state\/north-carolina-disposable-vape-ban-july-2025\/\">North Carolina begins ban on popular disposable vapes not approved by the FDA, starting July 1<\/a>, publi\u00e9 le 1 juillet 2025, consult\u00e9 le 2 juillet 2025<\/p>\n<p style=\"text-align: justify\"><a href=\"#_ftnref2\" name=\"_ftn2\">[2]<\/a>Seaton Iris, <a href=\"https:\/\/eu.citizen-times.com\/story\/news\/local\/2025\/07\/01\/are-vapes-banned-in-nc-hb-900-goes-into-effect-july-1\/84431695007\/\">North Carolina vaping product ban begins July 1: What&rsquo;s banned, what residents should know<\/a>, Citizen Times, publi\u00e9 le 1 juillet 2025, consult\u00e9 le 2 juillet 2025<\/p>\n<p style=\"text-align: justify\"><strong style=\"color: #999999\"><a style=\"color: #999999\" href=\"http:\/\/www.cnct.fr\/\" target=\"_blank\" rel=\"noopener noreferrer\">Comit\u00e9 national contre le tabagisme |<\/a><\/strong><\/p>\n","protected":false},"excerpt":{"rendered":"<p>\u00c0 partir du 1er juillet 2025, la majorit\u00e9 des cigarettes \u00e9lectroniques jetables ne seront plus l\u00e9gales en Caroline du Nord, en vertu de la loi House Bill 900, sign\u00e9e en 2023 par l\u2019ancien gouverneur Roy Cooper. Bien que cette loi soit officiellement entr\u00e9e en vigueur le 1er mai 2025, une p\u00e9riode de transition de 60 jours \u00e9tait pr\u00e9vue pour permettre aux commer\u00e7ants de s\u2019adapter aux nouvelles directives du D\u00e9partement des imp\u00f4ts de Caroline du Nord, bas\u00e9es sur un r\u00e9pertoire de produits autoris\u00e9s ou en cours d\u2019examen par la Food and Drug Administration (FDA).<\/p>\n","protected":false},"featured_media":24479,"template":"","tags":[],"thematique":[491],"class_list":["post-24476","actualites","type-actualites","status-publish","has-post-thumbnail","hentry","thematique-politiques-publiques"],"acf":[],"_links":{"self":[{"href":"https:\/\/www.generationsanstabac.org\/fr\/wp-json\/wp\/v2\/actualites\/24476","targetHints":{"allow":["GET"]}}],"collection":[{"href":"https:\/\/www.generationsanstabac.org\/fr\/wp-json\/wp\/v2\/actualites"}],"about":[{"href":"https:\/\/www.generationsanstabac.org\/fr\/wp-json\/wp\/v2\/types\/actualites"}],"version-history":[{"count":1,"href":"https:\/\/www.generationsanstabac.org\/fr\/wp-json\/wp\/v2\/actualites\/24476\/revisions"}],"predecessor-version":[{"id":24480,"href":"https:\/\/www.generationsanstabac.org\/fr\/wp-json\/wp\/v2\/actualites\/24476\/revisions\/24480"}],"wp:featuredmedia":[{"embeddable":true,"href":"https:\/\/www.generationsanstabac.org\/fr\/wp-json\/wp\/v2\/media\/24479"}],"wp:attachment":[{"href":"https:\/\/www.generationsanstabac.org\/fr\/wp-json\/wp\/v2\/media?parent=24476"}],"wp:term":[{"taxonomy":"post_tag","embeddable":true,"href":"https:\/\/www.generationsanstabac.org\/fr\/wp-json\/wp\/v2\/tags?post=24476"},{"taxonomy":"thematique","embeddable":true,"href":"https:\/\/www.generationsanstabac.org\/fr\/wp-json\/wp\/v2\/thematique?post=24476"}],"curies":[{"name":"wp","href":"https:\/\/api.w.org\/{rel}","templated":true}]}}