{"id":24460,"date":"2025-07-03T07:00:03","date_gmt":"2025-07-03T05:00:03","guid":{"rendered":"https:\/\/www.generationsanstabac.org\/?post_type=actualites&#038;p=24460"},"modified":"2025-07-02T09:57:54","modified_gmt":"2025-07-02T07:57:54","slug":"interdictions-de-fumer-un-jalon-vers-une-generation-sans-tabac-en-france","status":"publish","type":"actualites","link":"https:\/\/www.generationsanstabac.org\/fr\/actualites\/interdictions-de-fumer-un-jalon-vers-une-generation-sans-tabac-en-france\/","title":{"rendered":"Interdictions de fumer : un jalon vers une g\u00e9n\u00e9ration sans tabac en France"},"content":{"rendered":"<p style=\"text-align: justify\"><em>Entr\u00e9e en vigueur en juillet 2025, l\u2019interdiction de fumer dans les parcs, plages, abords des biblioth\u00e8ques, abris de transport en commun et aux abords des \u00e9tablissements scolaires constitue une avanc\u00e9e notable dans la politique de d\u00e9normalisation du tabac en France. Les associations de lutte contre le tabagisme \u00e0 l\u2019instar du Comit\u00e9 national contre le tabagisme (CNCT) et l\u2019ACT-Alliance contre le tabac saluent cette mesure mais appellent \u00e0 une vigilance sur son effectivit\u00e9 et \u00e0 l\u2019\u00e9largissement d\u2019autres lieux.<\/em><\/p>\n<h2 style=\"text-align: justify\"><strong>Des leviers structurants de pr\u00e9vention et de d\u00e9normalisation<\/strong><\/h2>\n<p style=\"text-align: justify\">Un d\u00e9cret est venu renforcer le cadre r\u00e9glementaire de la lutte contre le tabagisme en France. Il interdit d\u00e9sormais la consommation de tabac dans plusieurs espaces publics ext\u00e9rieurs : parcs, jardins publics, plages, , abords des biblioth\u00e8ques, abords et \u00e0 l\u2019int\u00e9rieur des enceintes sportives, abris de transport collectif (abribus, quais de tram ou de bus), ainsi qu\u2019\u00e0 moins de dix m\u00e8tres des entr\u00e9es des \u00e9tablissements scolaires, coll\u00e8ges et lyc\u00e9es.<\/p>\n<p style=\"text-align: justify\">Cette mesure s\u2019inscrit dans l\u2019objectif de long terme poursuivi par les autorit\u00e9s sanitaires : r\u00e9duire l\u2019exposition de la population \u2014 en particulier des jeunes \u2014 \u00e0 la consommation de tabac dans l\u2019espace public, en coh\u00e9rence avec la strat\u00e9gie nationale de lutte contre le tabagisme. En interdisant de fumer dans les lieux de vie collective et dans un rayon clairement d\u00e9fini autour des \u00e9tablissements scolaires et lieux fr\u00e9quent\u00e9s par les jeunes, ce d\u00e9cret vise \u00e0 les prot\u00e9ger des effets d\u00e9l\u00e9t\u00e8res du tabagisme mais \u00e9galement \u00e0 affaiblir la visibilit\u00e9 sociale du tabagisme et \u00e0 pr\u00e9venir son acceptabilit\u00e9, en particulier aupr\u00e8s des enfants et des adolescents.<\/p>\n<p style=\"text-align: justify\">Au-del\u00e0 de sa port\u00e9e pr\u00e9ventive et sanitaire, cette interdiction r\u00e9pond \u00e9galement \u00e0 des pr\u00e9occupations environnementales, en limitant la pollution g\u00e9n\u00e9r\u00e9e par les m\u00e9gots dans des zones naturelles ou dens\u00e9ment fr\u00e9quent\u00e9es. Elle constitue ainsi un levier structurant et transversal, au croisement des enjeux de sant\u00e9 publique, de protection des plus jeunes et de pr\u00e9servation des espaces publics.<\/p>\n<p style=\"text-align: justify\">En compl\u00e9ment, le d\u00e9cret renforce \u00e9galement le cadre de protection des mineurs en reclassant l\u2019infraction de vente de tabac et de vapotage \u00e0 un mineur en contravention de 5e classe, punie d\u2019une amende pouvant atteindre 1 500 euros, contre 450 euros auparavant.<\/p>\n<h2 style=\"text-align: justify\"><strong>Des exceptions qui fragilisent la coh\u00e9rence de la mesure<\/strong><\/h2>\n<p style=\"text-align: justify\">Malgr\u00e9 les avanc\u00e9es permises par ce d\u00e9cret, l\u2019exclusion des terrasses de caf\u00e9s et restaurants constitue un point de fragilit\u00e9 majeur selon le CNCT et l\u2019ACT<a href=\"#_ftn1\" name=\"_ftnref1\">[1]<\/a>. Ces espaces, souvent tr\u00e8s fr\u00e9quent\u00e9s par les familles, les jeunes et les enfants, restent des lieux d\u2019exposition directe \u00e0 la fum\u00e9e de tabac. Leur maintien hors du champ de l\u2019interdiction envoie un message contradictoire, alors m\u00eame que l\u2019objectif affich\u00e9 est de d\u00e9normaliser la consommation dans l\u2019espace public.<\/p>\n<p style=\"text-align: justify\">De m\u00eame, les produits de vapotage ne sont pas concern\u00e9s par le d\u00e9cret, bien qu\u2019ils soient de plus en plus pr\u00e9sents et consomm\u00e9s par les jeunes. Leur usage visible dans les lieux publics contribue \u00e0 entretenir une culture de la d\u00e9pendance nicotinique. Le CNCT appelle donc les maires \u00e0 inclure les produits du vapotage dans le champ de l\u2019interdit comme le leur permet leurs pouvoirs, \u00e0 l\u2019\u00e9chelle de leur commune.<\/p>\n<h2 style=\"text-align: justify\"><strong>Des modalit\u00e9s d\u2019application encore \u00e0 structurer<\/strong><\/h2>\n<p style=\"text-align: justify\">Si le d\u00e9cret marque une avanc\u00e9e significative selon les associations, son efficacit\u00e9 d\u00e9pendra \u00e9troitement de sa mise en \u0153uvre concr\u00e8te sur le terrain. L\u2019application homog\u00e8ne des nouvelles interdictions, qu\u2019il s\u2019agisse des espaces sans tabac ou des mesures renforc\u00e9es contre la vente aux mineurs, n\u00e9cessite une mobilisation coordonn\u00e9e des acteurs publics \u00e0 tous les niveaux.<\/p>\n<p style=\"text-align: justify\">Concernant les espaces sans tabac, l\u2019effectivit\u00e9 repose sur plusieurs conditions : une signal\u00e9tique claire et visible dans les lieux concern\u00e9s, le rappel des enjeux de la mesure facilitant son appropriation par les administr\u00e9s, la formation des agents comp\u00e9tents en mati\u00e8re de contr\u00f4le et des consignes claires de la part des maires \u00e0 ce sujet. Sans ces pr\u00e9requis, le risque est grand de voir la mesure appliqu\u00e9e de mani\u00e8re in\u00e9gale, voire symbolique, d\u2019une commune \u00e0 l\u2019autre.<\/p>\n<p style=\"text-align: justify\">S\u2019agissant de la vente de tabac aux mineurs, la requalification de l\u2019infraction en contravention de 5e classe constitue un pas dans la bonne direction. N\u00e9anmoins, le CNCT estime que cette sanction ne sera efficace qu\u2019\u00e0 la condition d\u2019\u00eatre coupl\u00e9e de sanctions disciplinaires dissuasives, en particulier la suspension temporaire ou d\u00e9finitive de la licence en cas de condamnations. L\u2019association souligne aussi l\u2019importance de renforcer les contr\u00f4les, notamment dans les zones \u00e0 forte densit\u00e9 de jeunes et de communiquer sur ces contr\u00f4les, condamnations et suites qui y sont donn\u00e9es<a href=\"#_ftn2\" name=\"_ftnref2\">[2]<\/a>.<\/p>\n<p style=\"text-align: justify\"><strong style=\"text-align: justify\"><a href=\"https:\/\/www.generationsanstabac.org\/\">\u00a9G\u00e9n\u00e9ration Sans Tabac<\/a><\/strong><\/p>\n<p style=\"text-align: right\"><em><strong>AE<\/strong><\/em><\/p>\n<hr \/>\n<p style=\"text-align: justify\"><a href=\"#_ftnref1\" name=\"_ftn1\">[1]<\/a> <a href=\"https:\/\/www.la-croix.com\/international\/la-cigarette-desormais-bannie-a-la-plage-au-parc-devant-un-lycee-mais-pas-en-terrasse-20250628\">La cigarette d\u00e9sormais bannie \u00e0 la plage, au parc, devant un lyc\u00e9e\u2026 mais pas en terrasse<\/a>, La Croix,\u00a0 publi\u00e9 le 28 juin 2025, consult\u00e9 le 1er juillet 2025<\/p>\n<p style=\"text-align: justify\"><a href=\"#_ftnref2\" name=\"_ftn2\">[2]<\/a> Communiqu\u00e9, <a href=\"https:\/\/cnct.fr\/communiques\/cnct-salue-nouvelles-interdictions-fumer-appelle-effectivite\/\">Le CNCT salue les nouvelles interdictions de fumer et appelle \u00e0 veiller \u00e0 son effectivit\u00e9<\/a>, CNCT, publi\u00e9 le 1er juillet 2025, consult\u00e9 le jour m\u00eame<\/p>\n<p><strong style=\"color: #999999\"><a style=\"color: #999999\" href=\"http:\/\/www.cnct.fr\/\" target=\"_blank\" rel=\"noopener noreferrer\">Comit\u00e9 national contre le tabagisme |<\/a><\/strong><\/p>\n","protected":false},"excerpt":{"rendered":"<p>Entr\u00e9e en vigueur en juillet 2025, l\u2019interdiction de fumer dans les parcs, plages, abords des biblioth\u00e8ques, abris de transport en commun et aux abords des \u00e9tablissements scolaires constitue une avanc\u00e9e notable dans la politique de d\u00e9normalisation du tabac en France. Les associations de lutte contre le tabagisme \u00e0 l\u2019instar du Comit\u00e9 national contre le tabagisme (CNCT) et l\u2019ACT-Alliance contre le tabac saluent cette mesure mais appellent \u00e0 une vigilance sur son effectivit\u00e9 et \u00e0 l\u2019\u00e9largissement d\u2019autres lieux.<\/p>\n","protected":false},"featured_media":24269,"template":"","tags":[],"thematique":[491,474],"class_list":["post-24460","actualites","type-actualites","status-publish","has-post-thumbnail","hentry","thematique-politiques-publiques","thematique-sante"],"acf":[],"_links":{"self":[{"href":"https:\/\/www.generationsanstabac.org\/fr\/wp-json\/wp\/v2\/actualites\/24460","targetHints":{"allow":["GET"]}}],"collection":[{"href":"https:\/\/www.generationsanstabac.org\/fr\/wp-json\/wp\/v2\/actualites"}],"about":[{"href":"https:\/\/www.generationsanstabac.org\/fr\/wp-json\/wp\/v2\/types\/actualites"}],"version-history":[{"count":1,"href":"https:\/\/www.generationsanstabac.org\/fr\/wp-json\/wp\/v2\/actualites\/24460\/revisions"}],"predecessor-version":[{"id":24466,"href":"https:\/\/www.generationsanstabac.org\/fr\/wp-json\/wp\/v2\/actualites\/24460\/revisions\/24466"}],"wp:featuredmedia":[{"embeddable":true,"href":"https:\/\/www.generationsanstabac.org\/fr\/wp-json\/wp\/v2\/media\/24269"}],"wp:attachment":[{"href":"https:\/\/www.generationsanstabac.org\/fr\/wp-json\/wp\/v2\/media?parent=24460"}],"wp:term":[{"taxonomy":"post_tag","embeddable":true,"href":"https:\/\/www.generationsanstabac.org\/fr\/wp-json\/wp\/v2\/tags?post=24460"},{"taxonomy":"thematique","embeddable":true,"href":"https:\/\/www.generationsanstabac.org\/fr\/wp-json\/wp\/v2\/thematique?post=24460"}],"curies":[{"name":"wp","href":"https:\/\/api.w.org\/{rel}","templated":true}]}}