{"id":24424,"date":"2025-06-28T07:00:07","date_gmt":"2025-06-28T05:00:07","guid":{"rendered":"https:\/\/www.generationsanstabac.org\/?post_type=actualites&#038;p=24424"},"modified":"2025-06-24T16:31:16","modified_gmt":"2025-06-24T14:31:16","slug":"loms-livre-son-rapport-2025-sur-lepidemie-mondiale-de-tabagisme","status":"publish","type":"actualites","link":"https:\/\/www.generationsanstabac.org\/fr\/actualites\/loms-livre-son-rapport-2025-sur-lepidemie-mondiale-de-tabagisme\/","title":{"rendered":"L&rsquo;OMS livre son rapport 2025 sur l&rsquo;\u00e9pid\u00e9mie mondiale de tabagisme"},"content":{"rendered":"<p style=\"text-align: justify\"><em>Lors de la Conf\u00e9rence mondiale sur la lutte antitabac \u00e0 Dublin du 23 au 25 juin 2025, l\u2019Organisation mondiale de la Sant\u00e9 (OMS) a pr\u00e9sent\u00e9 son rapport sur l\u2019\u00e9pid\u00e9mie mondiale de tabac 2025, soulignant l\u2019urgence de maintenir et d\u2019acc\u00e9l\u00e9rer les efforts de contr\u00f4le des produits du tabac et de la nicotine face \u00e0 l\u2019ing\u00e9rence croissante de l\u2019industrie<a href=\"#_ftn1\" name=\"_ftnref1\"><strong>[1]<\/strong><\/a>. Organis\u00e9e par l&rsquo;Union internationale contre la tuberculose et les maladies respiratoires, avec le soutien du gouvernement irlandais, de l&rsquo;Organisation mondiale\u00a0de la Sant\u00e9\u00a0et de Bloomberg Philanthropies, la Conf\u00e9rence r\u00e9unit des centaines de d\u00e9l\u00e9gu\u00e9s issus de gouvernements, d&rsquo;organismes de sant\u00e9, d&rsquo;instituts de recherche et de la soci\u00e9t\u00e9 civile du monde entier.<\/em><\/p>\n<h2 style=\"text-align: justify\">Les progr\u00e8s accomplis dans la lutte mondiale contre le tabac<\/h2>\n<p style=\"text-align: justify\">Le rapport de l\u2019OMS s\u2019appuie sur les six mesures cl\u00e9s du programme MPOWER (Monitoring, Protecting, Offering, Warning, Enforcing, Raising), qui visent \u00e0 r\u00e9duire la consommation de tabac, responsable de plus de 7 millions de d\u00e9c\u00e8s pr\u00e9matur\u00e9s \u00e9vitables chaque ann\u00e9e.<\/p>\n<p style=\"text-align: justify\">Ces mesures sont la surveillance de la consommation de tabac et des politiques de pr\u00e9vention, la protection de la population \u00e0 l\u2019\u00e9gard de l\u2019exposition au tabagisme passif gr\u00e2ce \u00e0 des mesures d\u2019interdiction de fumer, une offre de prise en charge du sevrage tabagique, l\u2019apposition d\u2019avertissements sanitaires sur les paquets, les campagnes d\u2019information dans les m\u00e9dias, l\u2019interdiction de la publicit\u00e9, de la promotion et du parrainage en faveur du tabac, et enfin l\u2019augmentation des taxes sur les produits du tabac.<\/p>\n<p style=\"text-align: justify\">Depuis 2007, 155 pays ont mis en \u0153uvre au moins une de ces mesures \u00e0 un niveau consid\u00e9r\u00e9 comme exemplaire. En 2025, plus de 6,1 milliards de personnes, soit les trois quarts de la population mondiale, sont prot\u00e9g\u00e9es par au moins une mesure du programme MPOWER, contre 1 milliard en 2007.<\/p>\n<p style=\"text-align: justify\">Quatre pays, le Br\u00e9sil, Maurice, les Pays-Bas et la Turquie, ont appliqu\u00e9 l\u2019ensemble complet du programme MPOWER. Sept autres, l&rsquo;Espagne, l\u2019\u00c9thiopie, l\u2019Irlande, la Jordanie, le Mexique, la Nouvelle-Z\u00e9lande et la Slov\u00e9nie, ne sont plus qu\u2019\u00e0 une mesure de ce niveau maximal de protection.<\/p>\n<p style=\"text-align: justify\">Les avanc\u00e9es majeures concernent notamment les avertissements sanitaires graphiques, d\u00e9sormais exig\u00e9s dans 110 pays (contre 9 en 2007), couvrant 62 % de la population mondiale soit 5 milliards de personnes\u00a0; l\u2019adoption du paquet neutre est intervenue dans 25 pays. L\u2019extension des interdictions de fumer dans les lieux \u00e0 usage collectif concerne 79 pays, soit 2,6\u00a0milliards\u00a0de\u00a0personnes\u00a0b\u00e9n\u00e9ficiant\u00a0d\u00e9sormais\u00a0de\u00a0transports, lieux\u00a0de\u00a0travail et espaces publics sans\u00a0tabac<a href=\"#_ftn2\" name=\"_ftnref2\">[2]<\/a>. Depuis 2022, six autres pays, les \u00celes Cook, l&rsquo;Indon\u00e9sie, la Malaisie, l&rsquo;Ouzb\u00e9kistan, le Sierra Leone et la Slov\u00e9nie, ont adopt\u00e9 des lois antitabac strictes, malgr\u00e9 la r\u00e9sistance de l&rsquo;industrie, notamment dans les \u00e9tablissements h\u00f4teliers.<\/p>\n<p style=\"text-align: justify\">\u00c0 cela s\u2019ajoute une progression de la r\u00e9glementation relative aux cigarettes \u00e9lectroniques (Electronic Nicotine Delivery Systems ou \u00ab\u00a0ENDS\u00a0\u00bb), 133 pays ayant adopt\u00e9 des mesures en la mati\u00e8re, contre 122 en 2022.<\/p>\n<h2 style=\"text-align: justify\">Face \u00e0 de nombreux d\u00e9fis restants, les acteurs de la sant\u00e9 appellent \u00e0 l\u2019action<\/h2>\n<p style=\"text-align: justify\">Malgr\u00e9 les progr\u00e8s constat\u00e9s, le rapport 2025 de l\u2019OMS met en lumi\u00e8re des lacunes persistantes. En effet, 40 pays n\u2019ont toujours aucune mesure MPOWER appliqu\u00e9e \u00e0 un niveau exemplaire.<\/p>\n<p style=\"text-align: justify\">En outre, dans plus de 30 pays, les cigarettes peuvent encore \u00eatre vendues sans avertissements sanitaires obligatoires. Selon\u00a0le\u00a0Dr. R\u00fcdiger Krech, qui dirige\u00a0le\u00a0d\u00e9partement\u00a0de\u00a0promotion\u00a0de\u00a0la sant\u00e9 \u00e0 l\u2019OMS, l\u2019une des\u00a0mesures\u00a0les plus efficaces est l\u2019obligation\u00a0de\u00a0faire appara\u00eetre, sur les paquets\u00a0de\u00a0cigarettes et\u00a0dans\u00a0des campagnes\u00a0de\u00a0sensibilisation \u00e0 grande \u00e9chelle, des images montrant les cons\u00e9quences physiques du tabagisme sur la sant\u00e9 (poumons encrass\u00e9s, risque d\u2019infarctus, dents ab\u00eem\u00e9es&#8230;). Ces visuels, selon lui, \u00ab\u00a0<em>r\u00e9duisent l\u2019attrait des produits du\u00a0tabac\u00a0; ils incitent les consommateurs \u00e0 arr\u00eater et d\u00e9couragent les jeunes\u00a0de\u00a0commencer<\/em>\u00a0\u00bb.<\/p>\n<p style=\"text-align: justify\">Depuis 2022, 110 pays n\u2019ont men\u00e9 aucune campagne antitabac, bien que la proportion de la population mondiale expos\u00e9e \u00e0 des campagnes exemplaires ait augment\u00e9, passant de 19 % \u00e0 36 %.<\/p>\n<p style=\"text-align: justify\">Par ailleurs, seuls 3 pays ont augment\u00e9 les taxes sur les cigarettes depuis 2022, contre 134 pays qui \u00ab\u00a0<em>ne suivent pas la recommandation\u00a0de\u00a0l\u2019OMS\u00a0de\u00a0taxer\u00a0le\u00a0tabac\u00a0\u00e0 hauteur\u00a0de\u00a075\u00a0%, bien qu\u2019il s\u2019agisse d\u2019un outil \u00e0 tr\u00e8s fort impact sur la consommation<\/em> \u00bb, explique le Dr Vinayak Mohan Prasad, expert dans la lutte contre le tabac \u00e0 l\u2019OMS. Le rapport souligne la faible progression dans ce domaine, la proportion de pays conformes aux bonnes pratiques passant de 13 % en 2018 \u00e0 15 % en 2024.<\/p>\n<p style=\"text-align: justify\">Seulement 33 % de la population mondiale a acc\u00e8s \u00e0 des services de sevrage, pris en charge. Les interdictions compl\u00e8tes de publicit\u00e9 ne sont appliqu\u00e9es que dans 68 pays, couvrant \u00e0 peine 25 % de la population mondiale. De plus, 1,3 million de personnes meurent encore chaque ann\u00e9e \u00e0 cause de la fum\u00e9e secondaire. Enfin, plus de 60 pays ne poss\u00e8dent aucune r\u00e9glementation sur les cigarettes \u00e9lectroniques.<\/p>\n<p style=\"text-align: justify\">Face \u00e0 cette situation, l\u2019OMS appelle \u00e0 une action urgente pour combler les \u00e9carts, n\u00e9cessitant de renforcer l\u2019application des lois et d\u2019investir dans des mesures \u00e9prouv\u00e9es.<\/p>\n<p style=\"text-align: justify\">\u00ab <em>Vingt ans apr\u00e8s l\u2019entr\u00e9e en vigueur de la Convention-cadre pour la lutte antitabac, nous devons continuer \u00e0 \u00e9voluer en prenant en compte les strat\u00e9gies de l\u2019industrie du tabac<\/em> \u00bb, a d\u00e9clar\u00e9 le Dr. Tedros Adhanom Ghebreyesus, Directeur g\u00e9n\u00e9ral de l\u2019OMS. \u00ab <em>En alliant science, politiques publiques et volont\u00e9 politique, nous pouvons cr\u00e9er un monde lib\u00e9r\u00e9 du tabac.<\/em> \u00bb.<\/p>\n<p style=\"text-align: justify\">Michael R. Bloomberg, fondateur de Bloomberg Philanthropies et ambassadeur mondial de l\u2019OMS, a ajout\u00e9 que \u00ab <em>depuis 2007, d\u2019\u00e9normes progr\u00e8s ont \u00e9t\u00e9 r\u00e9alis\u00e9s, mais la lutte est loin d\u2019\u00eatre termin\u00e9e. Bloomberg Philanthropies reste pleinement engag\u00e9e aux c\u00f4t\u00e9s de l\u2019OMS pour sauver des millions de vies.<\/em> \u00bb.<\/p>\n<p style=\"text-align: justify\">Yolonda C. Richardson, pr\u00e9sidente-directrice g\u00e9n\u00e9rale de Campaign for Tobacco-Free Kids, a r\u00e9agi en expliquant que selon elle, les politiques de lutte contre le tabagisme offrent aux gouvernements une strat\u00e9gie \u00e9prouv\u00e9e et rentable pour combattre les maladies non transmissibles telles que le cancer et les maladies cardiaques. Elles permettent de sauver des millions de vies et de r\u00e9duire les co\u00fbts des soins de sant\u00e9 de plusieurs milliards. Elle pense que les gouvernements devraient pleinement mettre en \u0153uvre ces politiques et faire passer la sant\u00e9 et la vie de leurs citoyens avant les profits de l&rsquo;industrie du tabac<a href=\"#_ftn3\" name=\"_ftnref3\">[3]<\/a>.<\/p>\n<p style=\"text-align: justify\">Au cours de la Conf\u00e9rence, l\u2019OMS a annonc\u00e9 lancer un portail de donn\u00e9es interactif retra\u00e7ant les progr\u00e8s pays par pays entre 2007 et 2025, pour favoriser la transparence, l\u2019apprentissage mutuel et la responsabilisation dans la lutte mondiale contre le tabac.<\/p>\n<p style=\"text-align: justify\">Enfin, les experts ont mis en garde contre la progression du march\u00e9 des nouveaux produits comme les e-cigarettes, les sachets\u00a0de\u00a0nicotine (\u00e9galement appel\u00e9s \u00ab\u00a0nicopouches\u00a0\u00bb ou \u00ab\u00a0nicopods\u00a0\u00bb) ou\u00a0le\u00a0tabac\u00a0chauff\u00e9, encore insuffisamment vis\u00e9s par les l\u00e9gislations pr\u00e9ventives et qui permettent aux industriels\u00a0de\u00a0fid\u00e9liser\u00a0de\u00a0nouveaux clients. Le CNCT a lui-m\u00eame alert\u00e9 il y a quelques semaines sur l\u2019apparition de <a href=\"https:\/\/www.generationsanstabac.org\/fr\/actualites\/le-cnct-alerte-sur-la-6-methyl-nicotine-une-nouvelle-menace-addictive-dans-les-produits-de-vapotage-et-sachets-oraux\/\">la 6-m\u00e9thyl-nicotine, une nouvelle menace addictive dans les produits de vapotage et sachets oraux<\/a>, qui participe de la strat\u00e9gie d\u00e9ploy\u00e9e par les fabricants pour d\u00e9velopper leurs march\u00e9s.<\/p>\n<p style=\"text-align: justify\"><strong style=\"text-align: justify\"><a href=\"https:\/\/www.generationsanstabac.org\/\">\u00a9G\u00e9n\u00e9ration Sans Tabac<\/a><\/strong><\/p>\n<p style=\"text-align: right\"><em><strong>AD<\/strong><\/em><\/p>\n<hr \/>\n<p style=\"text-align: justify\"><a href=\"#_ftnref1\" name=\"_ftn1\">[1]<\/a>Geneva: World Health Organization, <a href=\"https:\/\/www.who.int\/publications\/i\/item\/9789240112063\">WHO report on the global tobacco epidemic, 2025: warning about the dangers of tobacco<\/a>, publi\u00e9 le 23 juin 2025, consult\u00e9 le 24 juin 2025<\/p>\n<p style=\"text-align: justify\"><a href=\"#_ftnref2\" name=\"_ftn2\">[2]<\/a>Fr\u00e9our Pauline, <a href=\"https:\/\/sante.lefigaro.fr\/social\/sante-publique\/dans-le-monde-6-milliards-de-personnes-beneficient-de-mesures-anti-tabac-20250623\">Dans le monde, 6 milliards de personnes b\u00e9n\u00e9ficient de mesures anti-tabac<\/a>, Le Figaro, publi\u00e9 le 23 juin 2025, consult\u00e9 le 24 juin 2025<\/p>\n<p style=\"text-align: justify\"><a href=\"#_ftnref3\" name=\"_ftn3\">[3]<\/a>Campaign for Tobacco-Free Kids, <a href=\"https:\/\/www.tobaccofreekids.org\/press-releases\/2025_06_23_who-report-shows-major-progress-in-global-fight-against-tobacco-but-industry-remains-obstacle-to-greater-gains\">WHO Report Shows Major Progress in Global Fight Against Tobacco, but Industry Remains Obstacle to Greater Gains<\/a>, publi\u00e9 le 23 juin 2025, consult\u00e9 le 24 juin 2025<\/p>\n<p style=\"text-align: justify\"><strong style=\"color: #999999\"><a style=\"color: #999999\" href=\"http:\/\/www.cnct.fr\/\" target=\"_blank\" rel=\"noopener noreferrer\">Comit\u00e9 national contre le tabagisme |<\/a><\/strong><\/p>\n","protected":false},"excerpt":{"rendered":"<p>Lors de la Conf\u00e9rence mondiale sur la lutte antitabac \u00e0 Dublin du 23 au 25 juin 2025, l\u2019Organisation mondiale de la Sant\u00e9 (OMS) a pr\u00e9sent\u00e9 son rapport sur l\u2019\u00e9pid\u00e9mie mondiale de tabac 2025, soulignant l\u2019urgence de maintenir et d\u2019acc\u00e9l\u00e9rer les efforts de contr\u00f4le des produits du tabac et de la nicotine face \u00e0 l\u2019ing\u00e9rence croissante de l\u2019industrie. Organis\u00e9e par l&rsquo;Union internationale contre la tuberculose et les maladies respiratoires, avec le soutien du gouvernement irlandais, de l&rsquo;Organisation mondiale\u00a0de la Sant\u00e9\u00a0et de Bloomberg Philanthropies, la Conf\u00e9rence r\u00e9unit des centaines de d\u00e9l\u00e9gu\u00e9s issus de gouvernements, d&rsquo;organismes de sant\u00e9, d&rsquo;instituts de recherche et de la soci\u00e9t\u00e9 civile du monde entier.<\/p>\n","protected":false},"featured_media":24427,"template":"","tags":[],"thematique":[491],"class_list":["post-24424","actualites","type-actualites","status-publish","has-post-thumbnail","hentry","thematique-politiques-publiques"],"acf":[],"_links":{"self":[{"href":"https:\/\/www.generationsanstabac.org\/fr\/wp-json\/wp\/v2\/actualites\/24424","targetHints":{"allow":["GET"]}}],"collection":[{"href":"https:\/\/www.generationsanstabac.org\/fr\/wp-json\/wp\/v2\/actualites"}],"about":[{"href":"https:\/\/www.generationsanstabac.org\/fr\/wp-json\/wp\/v2\/types\/actualites"}],"version-history":[{"count":3,"href":"https:\/\/www.generationsanstabac.org\/fr\/wp-json\/wp\/v2\/actualites\/24424\/revisions"}],"predecessor-version":[{"id":24429,"href":"https:\/\/www.generationsanstabac.org\/fr\/wp-json\/wp\/v2\/actualites\/24424\/revisions\/24429"}],"wp:featuredmedia":[{"embeddable":true,"href":"https:\/\/www.generationsanstabac.org\/fr\/wp-json\/wp\/v2\/media\/24427"}],"wp:attachment":[{"href":"https:\/\/www.generationsanstabac.org\/fr\/wp-json\/wp\/v2\/media?parent=24424"}],"wp:term":[{"taxonomy":"post_tag","embeddable":true,"href":"https:\/\/www.generationsanstabac.org\/fr\/wp-json\/wp\/v2\/tags?post=24424"},{"taxonomy":"thematique","embeddable":true,"href":"https:\/\/www.generationsanstabac.org\/fr\/wp-json\/wp\/v2\/thematique?post=24424"}],"curies":[{"name":"wp","href":"https:\/\/api.w.org\/{rel}","templated":true}]}}