{"id":24399,"date":"2025-06-24T07:00:57","date_gmt":"2025-06-24T05:00:57","guid":{"rendered":"https:\/\/www.generationsanstabac.org\/?post_type=actualites&#038;p=24399"},"modified":"2025-06-18T11:31:20","modified_gmt":"2025-06-18T09:31:20","slug":"derriere-le-modele-suedois-les-vrais-enjeux-de-lindustrie-concernant-les-sachets-de-nicotine","status":"publish","type":"actualites","link":"https:\/\/www.generationsanstabac.org\/fr\/actualites\/derriere-le-modele-suedois-les-vrais-enjeux-de-lindustrie-concernant-les-sachets-de-nicotine\/","title":{"rendered":"Derri\u00e8re le mod\u00e8le su\u00e9dois : les vrais enjeux de l\u2019industrie concernant les sachets de nicotine"},"content":{"rendered":"<p style=\"text-align: justify\"><em>Les sachets de nicotine connaissent un essor rapide en Europe, en particulier chez les jeunes, attir\u00e9s par un marketing offensif et une large gamme d\u2019ar\u00f4mes. Peu encadr\u00e9s, ces produits soul\u00e8vent des inqui\u00e9tudes croissantes en mati\u00e8re de sant\u00e9 publique. Alors que plusieurs pays les ont interdits ou envisagent de le faire, l\u2019industrie s\u2019appuie sur l\u2019exemple su\u00e9dois pour promouvoir leur usage, en vantant leurs pr\u00e9tendus effets de r\u00e9duction des risques. Mais cette lecture est largement contest\u00e9e.<\/em><\/p>\n<h2 style=\"text-align: justify\"><strong>Un produit en plein essor, pl\u00e9biscit\u00e9 par les jeunes<\/strong><\/h2>\n<p style=\"text-align: justify\">Ces derni\u00e8res ann\u00e9es, les sachets de nicotine, \u00e9galement appel\u00e9s \u00ab pouches \u00bb, ont connu une croissance fulgurante sur le march\u00e9 europ\u00e9en. Propos\u00e9s sous forme de petits sachets \u00e0 placer sous la l\u00e8vre, sans tabac ni combustion, ils s\u00e9duisent par leur apparente discr\u00e9tion, la diversit\u00e9 de leurs ar\u00f4mes et leur marketing calibr\u00e9 pour les jeunes.<\/p>\n<p style=\"text-align: justify\">La publicit\u00e9 pour ces produits s\u2019appuie souvent sur des arguments de \u00ab style de vie \u00bb, associant leur usage \u00e0 des codes esth\u00e9tiques modernes et \u00e0 une image \u00ab clean \u00bb et socialement acceptable. \u00c0 cela s\u2019ajoute une r\u00e9glementation lacunaire dans de nombreux pays : les sachets de nicotine \u00e9chappent au champ de la directive europ\u00e9enne sur les produits du tabac (TPD), ce qui conduit les fabricants \u00e0 les commercialiser en dehors de cadres sanitaires stricts.<\/p>\n<p style=\"text-align: justify\">Face \u00e0 l\u2019essor de ces produits, plusieurs \u00c9tats europ\u00e9ens \u2013 notamment la Belgique, les Pays-Bas, la France, l\u2019Irlande \u2013 ont r\u00e9cemment interdit et ont exprim\u00e9 leur volont\u00e9 d\u2019interdire leur vente. Cette r\u00e9action s\u2019inscrit dans la perspective de pr\u00e9venir une nouvelle \u00e9pid\u00e9mie de d\u00e9pendance nicotinique chez les jeunes, en particulier ceux qui n\u2019ont jamais fum\u00e9.<\/p>\n<h2 style=\"text-align: justify\"><strong>Le \u00ab mod\u00e8le su\u00e9dois \u00bb : un argument central pour l\u2019industrie du tabac<\/strong><\/h2>\n<p style=\"text-align: justify\">Depuis plusieurs ann\u00e9es, l\u2019industrie du tabac pr\u00e9sente le cas su\u00e9dois comme une r\u00e9f\u00e9rence en mati\u00e8re de r\u00e9duction du tabagisme. \u00c0 travers une rh\u00e9torique bien huil\u00e9e, les fabricants affirment que la Su\u00e8de est sur le point de devenir le premier pays au monde \u00e0 atteindre le seuil des 5 % de fumeurs quotidiens. Ce succ\u00e8s serait, selon eux, principalement d\u00fb \u00e0 l\u2019adoption massive de produits nicotin\u00e9s alternatifs, comme le snus et les sachets de nicotine.<\/p>\n<p style=\"text-align: justify\">Ce discours, largement relay\u00e9 dans des rapports sponsoris\u00e9s par l\u2019industrie du tabac tels que le r\u00e9cent rapport <a href=\"https:\/\/smokefreesweden.org\/wp-content\/themes\/smokefreesweden\/assets\/pdf\/power-in-a-pouch.pdf\"><em>Power in a Pouch<\/em><\/a> (Smoke Free Sweden<a href=\"#_ftn1\" name=\"_ftnref1\">[1]<\/a>), vise \u00e0 l\u00e9gitimer les sachets de nicotine comme des outils de sant\u00e9 publique, efficaces, innovants et adapt\u00e9s aux usages modernes. Le rapport insiste notamment sur le r\u00f4le de ces produits dans la baisse du tabagisme chez les femmes, mettant en avant un recul de 49 % de la consommation de tabac f\u00e9minin entre 2016 et 2024. A cela s\u2019ajoutent des t\u00e9moignages valorisant leur discr\u00e9tion, leur esth\u00e9tique et leur compatibilit\u00e9 avec un style de vie actif et socialement expos\u00e9.<\/p>\n<p style=\"text-align: justify\">Dans son discours, l\u2019industrie promeut une approche dite de \u00ab r\u00e9duction des risques \u00bb : il ne s\u2019agirait plus d\u2019\u00e9liminer l\u2019usage de nicotine, mais d\u2019en proposer des formes jug\u00e9es \u00ab moins nocives \u00bb que la cigarette. En Su\u00e8de, cette strat\u00e9gie a \u00e9t\u00e9 soutenue politiquement, notamment par l\u2019inscription officielle en 2024 du principe de r\u00e9duction des risques dans la politique nationale de sant\u00e9 publique. Le gouvernement su\u00e9dois, pouss\u00e9 par le lobby des fabricants de tabac, s\u2019est m\u00eame r\u00e9cemment oppos\u00e9 \u00e0 des projets d\u2019interdiction des sachets de nicotine en France et en Espagne, en adressant \u00e0 la Commission europ\u00e9enne des \u00ab opinions motiv\u00e9es \u00bb arguant que ces restrictions pourraient compromettre les efforts de sant\u00e9 publique dans l\u2019Union europ\u00e9enne.<\/p>\n<p style=\"text-align: justify\">Ce positionnement est exploit\u00e9 par l\u2019industrie du tabac pour renforcer ses efforts de lobbying dans les autres \u00c9tats membres. En valorisant l\u2019exp\u00e9rience su\u00e9doise, elle cherche \u00e0 convaincre les d\u00e9cideurs politiques que ces produits peuvent contribuer aux objectifs europ\u00e9ens de r\u00e9duction du tabagisme \u00e0 l\u2019horizon 2040. Cette strat\u00e9gie repose sur un r\u00e9cit simplificateur et orient\u00e9, qui occulte une partie importante de la r\u00e9alit\u00e9.<\/p>\n<h2 style=\"text-align: justify\"><strong>Une lecture partiale et contest\u00e9e car non conforme \u00e0 la situation su\u00e9doise<\/strong><\/h2>\n<p style=\"text-align: justify\">Le r\u00e9cit promu par l\u2019industrie du tabac et ses alli\u00e9s autour de la \u00ab r\u00e9ussite su\u00e9doise \u00bb<a href=\"#_ftn2\" name=\"_ftnref2\">[2]<\/a> repose sur une lecture orient\u00e9e des donn\u00e9es de sant\u00e9 publique. En valorisant exclusivement l\u2019usage du snus puis des sachets de nicotine comme moteurs du recul du tabagisme, ce discours occulte volontairement d\u2019autres facteurs d\u00e9terminants et n\u00e9glige les risques li\u00e9s \u00e0 la normalisation de ces produits.<\/p>\n<p style=\"text-align: justify\">Des chercheurs et acteurs de sant\u00e9 publique ont d\u00e9montr\u00e9 que la Su\u00e8de n\u2019est pas devenue un pays \u00e0 faible pr\u00e9valence tabagique uniquement gr\u00e2ce \u00e0 l\u2019usage de produits nicotin\u00e9s alternatifs. La baisse du tabagisme y est bien ant\u00e9rieure \u00e0 l\u2019introduction des sachets de nicotine (2016) et r\u00e9sulte d\u2019une politique publique de lutte contre le tabac coh\u00e9rente et de long terme : fiscalit\u00e9 \u00e9lev\u00e9e sur les cigarettes, espaces sans tabac, sensibilisation pr\u00e9coce, respect de l\u2019interdiction de vente aux mineurs en place depuis 2007, normes sociales d\u00e9favorables \u00e0 la consommation de tabac, accessibilit\u00e9 aux traitements de sevrage et forte adh\u00e9sion de la population aux messages de sant\u00e9 publique.<\/p>\n<p style=\"text-align: justify\">La pr\u00e9tendue efficacit\u00e9 des sachets de nicotine comme outil de sevrage est \u00e9galement sujette \u00e0 caution. Les \u00e9tudes cit\u00e9es dans les rapports favorables \u00e0 ces produits sont majoritairement financ\u00e9es ou soutenues par des acteurs li\u00e9s \u00e0 l\u2019industrie du tabac ou \u00e0 des structures promouvant la r\u00e9duction des risques dans une logique commerciale. Ces documents s\u2019appuient sur des enqu\u00eates d\u00e9claratives men\u00e9es aupr\u00e8s d\u2019utilisateurs conquis, sans \u00e9valuation ind\u00e9pendante \u00e0 long terme.<\/p>\n<p style=\"text-align: justify\">Par ailleurs, les donn\u00e9es manquent encore sur les effets \u00e0 moyen et long terme des sachets de nicotine, notamment en ce qui concerne leur potentiel addictif, leur impact sur les fonctions cardiovasculaires ou encore le risque de double usage avec la cigarette. Loin d\u2019\u00eatre des dispositifs de sevrage valid\u00e9s cliniquement comme les substituts nicotiniques (tels les patchs\/timbres, gommes), ces produits sont con\u00e7us et commercialis\u00e9s comme des biens de consommation, avec une forte variabilit\u00e9 dans la concentration de nicotine et une strat\u00e9gie de fid\u00e9lisation marqu\u00e9e.<\/p>\n<p style=\"text-align: justify\">Enfin, en int\u00e9grant les sachets de nicotine dans une logique de normalisation de l\u2019usage de la nicotine, ce mod\u00e8le entretient une d\u00e9pendance \u00e0 cette substance au lieu de favoriser la sortie de l\u2019addiction. Il contribue aussi \u00e0 brouiller les messages de pr\u00e9vention, notamment aupr\u00e8s des jeunes, en promouvant l\u2019id\u00e9e qu\u2019il existerait une mani\u00e8re \u00ab propre \u00bb, acceptable, voire saine, de consommer de la nicotine \u2014 une perception dangereusement trompeuse. En s\u2019appropriant le \u00ab succ\u00e8s su\u00e9dois \u00bb, l\u2019industrie du tabac cherche surtout \u00e0 repositionner ses produits sur un march\u00e9 europ\u00e9en de plus en plus r\u00e9glement\u00e9, \u00e0 retarder ou \u00e9viter des interdictions, et \u00e0 acc\u00e9der aux cercles de d\u00e9cision sous couvert d\u2019expertise. Cette strat\u00e9gie soul\u00e8ve des enjeux majeurs pour la mise en \u0153uvre de politiques de sant\u00e9 publique ind\u00e9pendantes et fond\u00e9es sur des donn\u00e9es scientifiques objectives.<\/p>\n<p style=\"text-align: justify\">Ainsi, si la Su\u00e8de est effectivement sur le point d\u2019atteindre une pr\u00e9valence tabagique inf\u00e9rieure \u00e0 5 %, elle le doit \u00e0 un ensemble de facteurs structurels et politiques. R\u00e9duire ce succ\u00e8s \u00e0 l\u2019usage des sachets de nicotine constitue une simplification abusive, instrumentalis\u00e9e par une industrie qui cherche \u00e0 repositionner ses produits dans un environnement r\u00e9glementaire de plus en plus exigeant, rappellent les acteurs antitabac.<\/p>\n<p style=\"text-align: justify\"><strong style=\"text-align: justify\"><a href=\"https:\/\/www.generationsanstabac.org\/\">\u00a9G\u00e9n\u00e9ration Sans Tabac<\/a><\/strong><\/p>\n<p style=\"text-align: right\"><em><strong>AE<\/strong><\/em><\/p>\n<hr \/>\n<p style=\"text-align: justify\"><a href=\"#_ftnref1\" name=\"_ftn1\">[1]<\/a> L\u2019initiative Smoke Free Sweden a \u00e9t\u00e9 lanc\u00e9e en 2023 par \u00ab\u00a0Health Diplomates\u00a0\u00bb g\u00e9r\u00e9 par Delon Human, ayant collabor\u00e9 avec le fabricant British American Tobacco <a href=\"https:\/\/www.tobaccotactics.org\/article\/delon-human\/\">https:\/\/www.tobaccotactics.org\/article\/delon-human\/<\/a><\/p>\n<p style=\"text-align: justify\"><a href=\"#_ftnref2\" name=\"_ftn2\">[2]<\/a> <a href=\"https:\/\/www.tobaccotactics.org\/article\/the-swedish-experience\/\">The Swedish Experience, Tobacco Tactics<\/a>, derni\u00e8re mise \u00e0 jour le 15 mai 2025, consult\u00e9 le 17 juin 2025<\/p>\n<p><strong style=\"color: #999999\"><a style=\"color: #999999\" href=\"http:\/\/www.cnct.fr\/\" target=\"_blank\" rel=\"noopener noreferrer\">Comit\u00e9 national contre le tabagisme |<\/a><\/strong><\/p>\n","protected":false},"excerpt":{"rendered":"<p>Les sachets de nicotine connaissent un essor rapide en Europe, en particulier chez les jeunes, attir\u00e9s par un marketing offensif et une large gamme d\u2019ar\u00f4mes. Peu encadr\u00e9s, ces produits soul\u00e8vent des inqui\u00e9tudes croissantes en mati\u00e8re de sant\u00e9 publique. Alors que plusieurs pays les ont interdits ou envisagent de le faire, l\u2019industrie s\u2019appuie sur l\u2019exemple su\u00e9dois pour promouvoir leur usage, en vantant leurs pr\u00e9tendus effets de r\u00e9duction des risques. Mais cette lecture est largement contest\u00e9e.<\/p>\n","protected":false},"featured_media":24402,"template":"","tags":[],"thematique":[499,516],"class_list":["post-24399","actualites","type-actualites","status-publish","has-post-thumbnail","hentry","thematique-lobby","thematique-nouveaux-produits"],"acf":[],"_links":{"self":[{"href":"https:\/\/www.generationsanstabac.org\/fr\/wp-json\/wp\/v2\/actualites\/24399","targetHints":{"allow":["GET"]}}],"collection":[{"href":"https:\/\/www.generationsanstabac.org\/fr\/wp-json\/wp\/v2\/actualites"}],"about":[{"href":"https:\/\/www.generationsanstabac.org\/fr\/wp-json\/wp\/v2\/types\/actualites"}],"version-history":[{"count":1,"href":"https:\/\/www.generationsanstabac.org\/fr\/wp-json\/wp\/v2\/actualites\/24399\/revisions"}],"predecessor-version":[{"id":24403,"href":"https:\/\/www.generationsanstabac.org\/fr\/wp-json\/wp\/v2\/actualites\/24399\/revisions\/24403"}],"wp:featuredmedia":[{"embeddable":true,"href":"https:\/\/www.generationsanstabac.org\/fr\/wp-json\/wp\/v2\/media\/24402"}],"wp:attachment":[{"href":"https:\/\/www.generationsanstabac.org\/fr\/wp-json\/wp\/v2\/media?parent=24399"}],"wp:term":[{"taxonomy":"post_tag","embeddable":true,"href":"https:\/\/www.generationsanstabac.org\/fr\/wp-json\/wp\/v2\/tags?post=24399"},{"taxonomy":"thematique","embeddable":true,"href":"https:\/\/www.generationsanstabac.org\/fr\/wp-json\/wp\/v2\/thematique?post=24399"}],"curies":[{"name":"wp","href":"https:\/\/api.w.org\/{rel}","templated":true}]}}