{"id":24334,"date":"2025-06-14T07:00:09","date_gmt":"2025-06-14T05:00:09","guid":{"rendered":"https:\/\/www.generationsanstabac.org\/?post_type=actualites&#038;p=24334"},"modified":"2025-06-11T14:31:08","modified_gmt":"2025-06-11T12:31:08","slug":"le-kenya-veut-renforcer-ses-moyens-de-lutte-contre-les-produits-de-la-nicotine","status":"publish","type":"actualites","link":"https:\/\/www.generationsanstabac.org\/fr\/actualites\/le-kenya-veut-renforcer-ses-moyens-de-lutte-contre-les-produits-de-la-nicotine\/","title":{"rendered":"Le Kenya veut renforcer ses moyens de lutte contre les produits de la nicotine"},"content":{"rendered":"<p style=\"text-align: justify\"><em>Le secr\u00e9taire d&rsquo;\u00c9tat \u00e0 la Sant\u00e9, Aden Duale, a annonc\u00e9 des mesures visant \u00e0 renforcer la l\u00e9gislation k\u00e9nyane en mati\u00e8re de lutte contre les produits de la nicotine<a href=\"#_ftn1\" name=\"_ftnref1\"><strong>[1]<\/strong><\/a>. \u00c0 l\u2019issue d\u2019une r\u00e9union avec une d\u00e9l\u00e9gation de l\u2019Organisation mondiale de la sant\u00e9 (OMS) \u00e0 Afya House, \u00e0 Nairobi, en pr\u00e9sence du Dr. Vinayak Prasad et de plusieurs hauts responsables kenyans du secteur de la sant\u00e9, dont Mary Muthoni, secr\u00e9taire principale \u00e0 la Sant\u00e9 publique, et le directeur g\u00e9n\u00e9ral de la sant\u00e9, le Dr. Patrick Amoth, a indiqu\u00e9 que le Kenya s\u2019efforce d\u2019aligner ses r\u00e9glementations <\/em><em>sur <\/em><em>les bonnes pratiques \u00e0 l\u2019international.<\/em><\/p>\n<h2 style=\"text-align: justify\">Renforcement de la l\u00e9gislation k\u00e9nyane pour inclure les produits nicotiniques<\/h2>\n<p style=\"text-align: justify\">Le gouvernement k\u00e9nyan entend acc\u00e9l\u00e9rer l\u2019adoption des amendements propos\u00e9s \u00e0 la loi sur le contr\u00f4le du tabac. Ces modifications visent \u00e0 moderniser le cadre l\u00e9gal en mati\u00e8re de production, de vente, de publicit\u00e9 et de consommation des produits de la nicotine. Duale a insist\u00e9 sur l\u2019importance d\u2019une r\u00e9ponse strat\u00e9gique \u00e0 cette menace croissante pour la sant\u00e9 publique.<\/p>\n<p style=\"text-align: justify\">Il a ainsi pr\u00e9sent\u00e9 \u00e0 la d\u00e9l\u00e9gation de l\u2019OMS et des dirigeants de la sant\u00e9 du pays les progr\u00e8s r\u00e9alis\u00e9s par le Kenya et a demand\u00e9 un appui technique pour r\u00e9viser la loi de 2007 sur le contr\u00f4le du tabac ainsi que ses textes r\u00e9glementaires d&rsquo;application. En effet, la l\u00e9gislation de 2007 ne pr\u00e9voyait pas les produits tels que les e-cigarettes et les sachets de nicotine<a href=\"#_ftn2\" name=\"_ftnref2\">[2]<\/a>. Son amendement le plus r\u00e9cent date de 2009.<\/p>\n<p style=\"text-align: justify\">L&rsquo;amendement actuellement propos\u00e9, d\u00e9pos\u00e9 par la s\u00e9natrice Catherine Mumma, \u00e9tend les dispositions de la loi relative \u00e0 la lutte contre le tabagisme aux cigarettes \u00e9lectroniques, \u00e0 leurs recharges et aux sachets de nicotine.<\/p>\n<p style=\"text-align: justify\">Il vise \u00e9galement \u00e0 contr\u00f4ler la publicit\u00e9 pour les syst\u00e8mes \u00e9lectroniques d&rsquo;administration de nicotine et les produits oraux modernes.<\/p>\n<p style=\"text-align: justify\">En outre, l&rsquo;amendement exigera des fabricants qu&rsquo;ils obtiennent l&rsquo;approbation du secr\u00e9taire d&rsquo;\u00c9tat \u00e0 la sant\u00e9 pour la fabrication, l&rsquo;importation, la distribution, le stockage ou la vente de produits de la nicotine.<\/p>\n<p style=\"text-align: justify\">Le secr\u00e9taire d\u2019Etat \u00e0 la sant\u00e9 a de plus soulign\u00e9 la n\u00e9cessit\u00e9 d\u2019am\u00e9liorer l\u2019application des lois \u00e0 l\u2019\u00e9chelle des comt\u00e9s, en renfor\u00e7ant les inspections, les services de sevrage, la formation locale ainsi que l\u2019int\u00e9gration de la lutte antitabac dans l\u2019infrastructure num\u00e9rique du minist\u00e8re de la Sant\u00e9.<\/p>\n<h2 style=\"text-align: justify\">Soutien de l\u2019OMS et volont\u00e9 de coop\u00e9ration internationale<\/h2>\n<p style=\"text-align: justify\">L\u2019OMS, repr\u00e9sent\u00e9e par le Dr. Abdourahmane Diallo, chef de mission et repr\u00e9sentant au Kenya, a assur\u00e9 son appui au renforcement des capacit\u00e9s du pays, notamment par le d\u00e9veloppement de laboratoires nationaux capables de v\u00e9rifier de mani\u00e8re ind\u00e9pendante les produits du tabac.<\/p>\n<p style=\"text-align: justify\">Par ailleurs, l\u2019OMS a mis en avant une initiative r\u00e9ussie ayant permis \u00e0 plus de 9 000 agriculteurs de se reconvertir de la culture du tabac vers celle de haricots riches en fer et d\u2019autres cultures, contribuant ainsi aux objectifs de sant\u00e9 et de d\u00e9veloppement \u00e9conomique.<\/p>\n<p style=\"text-align: justify\">Le ministre a r\u00e9affirm\u00e9 l\u2019engagement du Kenya envers la Convention-cadre de l\u2019OMS pour la lutte antitabac (CCLAT), ratifi\u00e9e par le pays le 25 juin 2004, rappelant que le gouvernement a l\u2019obligation constitutionnelle de garantir \u00e0 ses citoyens le droit au meilleur \u00e9tat de sant\u00e9 possible.<\/p>\n<p style=\"text-align: justify\">Ainsi le pays avait par exemple renforc\u00e9 <a href=\"https:\/\/www.generationsanstabac.org\/fr\/actualites\/kenya-les-autorites-renforcent-lapplication-de-linterdiction-de-la-chicha\/\">l\u2019application de l\u2019interdiction de la chicha en avril 2025<\/a>, visant une disparition totale de ce produit de tabac prohib\u00e9 depuis 2017 mais toujours largement utilis\u00e9 et vendu, notamment par les jeunes. Le Kenya, malgr\u00e9 ses efforts, reste fragilis\u00e9 par le fort lobby exerc\u00e9 par les cigarettiers Philip Morris et British American Tobacco, qui cherchent \u00e0 d\u00e9velopper leurs march\u00e9s et contestent les mesures de sant\u00e9 publique adopt\u00e9es par les pouvoirs publics.<\/p>\n<p style=\"text-align: justify\">Enfin, les cigarettiers sont r\u00e9guli\u00e8rement point\u00e9s dans leurs pratiques d\u2019\u00e9vasion fiscale et d\u2019organisation de la contrebande qui affaiblissent l\u2019\u00e9conomie nationale.<\/p>\n<p style=\"text-align: justify\"><strong style=\"text-align: justify\"><a href=\"https:\/\/www.generationsanstabac.org\/\">\u00a9G\u00e9n\u00e9ration Sans Tabac<\/a><\/strong><\/p>\n<p style=\"text-align: right\"><em><strong>AD<\/strong><\/em><\/p>\n<hr \/>\n<p style=\"text-align: justify\"><a href=\"#_ftnref1\" name=\"_ftn1\">[1]<\/a>Kanari Jennifer, <a href=\"https:\/\/www.the-star.co.ke\/news\/2025-06-10-kenya-moves-to-strengthen-tobacco-control-measures\">Kenya moves to strengthen tobacco control measures<\/a>, The Star, publi\u00e9 le 10 juin 2025, consult\u00e9 le 11 juin 2025<\/p>\n<p style=\"text-align: justify\"><a href=\"#_ftnref2\" name=\"_ftn2\">[2]<\/a>Marende Nancy, <a href=\"https:\/\/peopledaily.digital\/news\/who-steps-in-to-help-kenya-with-tobaccos-public-health-threat\">WHO steps in to help Kenya with tobacco\u2019s public health threat<\/a>, People Daily, publi\u00e9 le 10 jun 2025, consult\u00e9 le 11 juin 2025<\/p>\n<p style=\"text-align: justify\"><strong style=\"color: #999999\"><a style=\"color: #999999\" href=\"http:\/\/www.cnct.fr\/\" target=\"_blank\" rel=\"noopener noreferrer\">Comit\u00e9 national contre le tabagisme |<\/a><\/strong><\/p>\n","protected":false},"excerpt":{"rendered":"<p>Le secr\u00e9taire d&rsquo;\u00c9tat \u00e0 la Sant\u00e9, Aden Duale, a annonc\u00e9 des mesures visant \u00e0 renforcer la l\u00e9gislation k\u00e9nyane en mati\u00e8re de lutte contre les produits de la nicotine. \u00c0 l\u2019issue d\u2019une r\u00e9union avec une d\u00e9l\u00e9gation de l\u2019Organisation mondiale de la sant\u00e9 (OMS) \u00e0 Afya House, \u00e0 Nairobi, en pr\u00e9sence du Dr. Vinayak Prasad et de plusieurs hauts responsables kenyans du secteur de la sant\u00e9, dont Mary Muthoni, secr\u00e9taire principale \u00e0 la Sant\u00e9 publique, et le directeur g\u00e9n\u00e9ral de la sant\u00e9, le Dr. Patrick Amoth, a indiqu\u00e9 que le Kenya s\u2019efforce d\u2019aligner ses r\u00e9glementations sur les bonnes pratiques \u00e0 l\u2019international.<\/p>\n","protected":false},"featured_media":24338,"template":"","tags":[],"thematique":[491],"class_list":["post-24334","actualites","type-actualites","status-publish","has-post-thumbnail","hentry","thematique-politiques-publiques"],"acf":[],"_links":{"self":[{"href":"https:\/\/www.generationsanstabac.org\/fr\/wp-json\/wp\/v2\/actualites\/24334","targetHints":{"allow":["GET"]}}],"collection":[{"href":"https:\/\/www.generationsanstabac.org\/fr\/wp-json\/wp\/v2\/actualites"}],"about":[{"href":"https:\/\/www.generationsanstabac.org\/fr\/wp-json\/wp\/v2\/types\/actualites"}],"version-history":[{"count":2,"href":"https:\/\/www.generationsanstabac.org\/fr\/wp-json\/wp\/v2\/actualites\/24334\/revisions"}],"predecessor-version":[{"id":24340,"href":"https:\/\/www.generationsanstabac.org\/fr\/wp-json\/wp\/v2\/actualites\/24334\/revisions\/24340"}],"wp:featuredmedia":[{"embeddable":true,"href":"https:\/\/www.generationsanstabac.org\/fr\/wp-json\/wp\/v2\/media\/24338"}],"wp:attachment":[{"href":"https:\/\/www.generationsanstabac.org\/fr\/wp-json\/wp\/v2\/media?parent=24334"}],"wp:term":[{"taxonomy":"post_tag","embeddable":true,"href":"https:\/\/www.generationsanstabac.org\/fr\/wp-json\/wp\/v2\/tags?post=24334"},{"taxonomy":"thematique","embeddable":true,"href":"https:\/\/www.generationsanstabac.org\/fr\/wp-json\/wp\/v2\/thematique?post=24334"}],"curies":[{"name":"wp","href":"https:\/\/api.w.org\/{rel}","templated":true}]}}