{"id":24324,"date":"2025-06-17T07:00:45","date_gmt":"2025-06-17T05:00:45","guid":{"rendered":"https:\/\/www.generationsanstabac.org\/?post_type=actualites&#038;p=24324"},"modified":"2025-06-12T16:02:12","modified_gmt":"2025-06-12T14:02:12","slug":"le-ministere-tcheque-de-la-sante-propose-des-regles-plus-strictes-pour-la-vente-de-cigarettes","status":"publish","type":"actualites","link":"https:\/\/www.generationsanstabac.org\/fr\/actualites\/le-ministere-tcheque-de-la-sante-propose-des-regles-plus-strictes-pour-la-vente-de-cigarettes\/","title":{"rendered":"Le minist\u00e8re tch\u00e8que de la sant\u00e9 propose des r\u00e8gles plus strictes pour la vente d\u2019e-cigarettes"},"content":{"rendered":"<p style=\"text-align: justify\"><em>Le minist\u00e8re tch\u00e8que de la sant\u00e9 a d\u00e9voil\u00e9 un projet de r\u00e8glementation qui renforcerait les restrictions sur les cigarettes \u00e9lectroniques, en particulier celles qui comportent des images d&rsquo;animaux ou de personnages attrayants pour les enfants<a href=\"#_ftn1\" name=\"_ftnref1\"><strong>[1]<\/strong><\/a>. Les mesures propos\u00e9es, qui doivent \u00eatre notifi\u00e9es \u00e0 la Commission europ\u00e9enne, s\u2019inscrivent dans le principe de base du Trait\u00e9 sur le fonctionnement de l\u2019Union Europ\u00e9enne (TFUE)<\/em><em> visant \u00e0 ce que les l\u00e9gislations europ\u00e9ennes atteignent le niveau de protection en sant\u00e9 le plus \u00e9lev\u00e9. <\/em><\/p>\n<h2 style=\"text-align: justify\">Une nouvelle r\u00e9glementation sur les produits de vapotage, au succ\u00e8s grandissant<\/h2>\n<p style=\"text-align: justify\">En vertu des nouvelles r\u00e8gles, les e-cigarettes et leurs recharges ne pourront plus ressembler \u00e0 des jouets ou \u00e0 des bonbons, ni afficher des images d&rsquo;animaux ou de personnages attrayants pour les mineurs. De m\u00eame, les \u00e9tiquettes pr\u00e9sentant une esth\u00e9tique de dessin anim\u00e9, des r\u00e9f\u00e9rences \u00e0 des jeux ou des motifs fantastiques seront \u00e9galement interdites.<\/p>\n<p style=\"text-align: justify\">Les produits ne pourront pas non plus contenir d&rsquo;\u00e9dulcorants, d&rsquo;extraits de cannabis, de substances psychoactives, de st\u00e9ro\u00efdes anabolisants ou d&rsquo;hormones.<\/p>\n<p style=\"text-align: justify\">Cette r\u00e9glementation est une r\u00e9ponse directe \u00e0 l&rsquo;inqui\u00e9tude croissante suscit\u00e9e par la popularit\u00e9 grandissante du vapotage chez les jeunes Tch\u00e8ques. Selon l&rsquo;Institut national de la sant\u00e9 (SZ\u00da), 13,9 % de la population \u00e9tait consommatrice de cigarettes \u00e9lectroniques en 2023, contre moins de 5 % en 2020. Pr\u00e8s d&rsquo;une personne sur quatre \u00e2g\u00e9e de 15 \u00e0 24 ans vapote r\u00e9guli\u00e8rement, et environ 15 % des utilisateurs ont commenc\u00e9 avant l&rsquo;\u00e2ge l\u00e9gal de vente de 18 ans.<\/p>\n<p style=\"text-align: justify\">Bien que pr\u00e9sent\u00e9es \u00e0 l&rsquo;origine comme une alternative plus s\u00fbre au tabac, les e-cigarettes sont aujourd&rsquo;hui largement utilis\u00e9es par des personnes qui n&rsquo;ont jamais fum\u00e9 de cigarettes traditionnelles. Le minist\u00e8re souligne que pr\u00e8s de 20 % des utilisateurs actuels d&rsquo;e-cigarettes en R\u00e9publique tch\u00e8que sont des non-fumeurs, ce qui sugg\u00e8re que les dispositifs aromatis\u00e9s et \u00e0 l&#8217;emballage brillant attirent tout particuli\u00e8rement de nouveaux utilisateurs.<\/p>\n<h2 style=\"text-align: justify\">Au c\u0153ur de ces mesures, des pr\u00e9occupations de sant\u00e9<\/h2>\n<p style=\"text-align: justify\">L&rsquo;une des principales pr\u00e9occupations du minist\u00e8re est l&rsquo;impact de la nicotine sur le d\u00e9veloppement du cerveau des adolescents. \u00ab\u00a0<em>Les jeunes cerveaux forment des synapses plus rapidement que les adultes. Par cons\u00e9quent, les adolescents sont plus sensibles \u00e0 la d\u00e9pendance<\/em>\u00a0\u00bb, a d\u00e9clar\u00e9 le ministre. La recherche sugg\u00e8re que la nicotine peut modifier les zones du cerveau li\u00e9es \u00e0 l&rsquo;attention et \u00e0 l&rsquo;apprentissage, avec des cons\u00e9quences \u00e0 long terme qui se prolongent ainsi jusqu&rsquo;\u00e0 l&rsquo;\u00e2ge adulte.<\/p>\n<p style=\"text-align: justify\">La nouvelle r\u00e9glementation permettrait \u00e9galement de rem\u00e9dier aux incoh\u00e9rences en mati\u00e8re d&rsquo;\u00e9tiquetage. Actuellement, les fabricants indiquent les taux de nicotine en diff\u00e9rentes unit\u00e9s. Certains utilisent des pourcentages et d&rsquo;autres des grammes par millilitre, ce qui peut induire les consommateurs en erreur. Le minist\u00e8re souhaite que la teneur en nicotine soit indiqu\u00e9e uniform\u00e9ment sur tous les produits, afin de faciliter les comparaisons et d&rsquo;accro\u00eetre la transparence.<\/p>\n<p style=\"text-align: justify\">Un autre changement majeur consisterait \u00e0 allonger la liste des ingr\u00e9dients interdits dans les recharges d&rsquo;e-liquide et, \u00e9ventuellement, \u00e0 fixer des limites maximales pour certains additifs. Alors que la l\u00e9gislation en vigueur impose des avertissements relatifs \u00e0 la nicotine sur les emballages contenant cette substance, le minist\u00e8re estime que tous les produits de vapotage devraient comporter de tels avertissements, \u00e9tant donn\u00e9 que les recharges sans nicotine peuvent \u00eatre remplac\u00e9es par des recharges contenant de la nicotine.<\/p>\n<p style=\"text-align: justify\">Le pays s\u2019\u00e9tait d\u00e9j\u00e0 illustr\u00e9 l\u2019ann\u00e9e derni\u00e8re en annon\u00e7ant <a href=\"https:\/\/www.generationsanstabac.org\/fr\/actualites\/la-republique-tcheque-souhaite-interdire-les-aromes-pour-les-produits-du-vapotage\/\">vouloir interdire les ar\u00f4mes pour les produits du vapotage<\/a>, mesure qui devrait entrer en vigueur cette ann\u00e9e. Seuls 16 ingr\u00e9dients sp\u00e9cifiques pourront alors \u00eatre utilis\u00e9s pour cr\u00e9er les ar\u00f4mes de tabac. La R\u00e9publique tch\u00e8que rejoint ainsi plusieurs pays europ\u00e9ens qui ont d\u00e9cid\u00e9 d\u2019interdire l\u2019ensemble des ar\u00f4mes pour les dispositifs de vapotage (\u00e0 l\u2019exception de l\u2019ar\u00f4me tabac et\/ou du menthol selon les pays) comme la Slov\u00e9nie, la Finlande, la Hongrie, l\u2019Estonie, les Pays-Bas et le Danemark. En France, le CNCT demande l\u2019interdiction de ces ar\u00f4mes depuis d\u00e9but 2023<a href=\"#_ftn2\" name=\"_ftnref2\">[2]<\/a>.<\/p>\n<p style=\"text-align: justify\"><strong style=\"text-align: justify\"><a href=\"https:\/\/www.generationsanstabac.org\/\">\u00a9G\u00e9n\u00e9ration Sans Tabac<\/a><\/strong><\/p>\n<p style=\"text-align: right\"><em><strong>AD<\/strong><\/em><\/p>\n<hr \/>\n<p style=\"text-align: justify\"><a href=\"#_ftnref1\" name=\"_ftn1\">[1]<\/a>Prague Morning, <a href=\"https:\/\/praguemorning.cz\/czechia-e-cigarette-regulation-2025\/\">Czech Health Ministry Proposes Stricter Rules for E-Cigarette Sales<\/a>, publi\u00e9 le 7 juin 2025, consult\u00e9 le 10 juin 2025<\/p>\n<p style=\"text-align: justify\"><a href=\"#_ftnref2\" name=\"_ftn2\">[2]<\/a>Comit\u00e9 national contre le tabagisme, <a href=\"https:\/\/www.generationsanstabac.org\/fr\/actualites\/le-cnct-appelle-a-interdire-les-aromes-de-tous-les-produits-de-la-nicotine\/\">Le CNCT appelle \u00e0 interdire les ar\u00f4mes de tous les produits de la nicotine<\/a>, publi\u00e9 le 13 f\u00e9vrier 2023, consult\u00e9 le 10 juin 2025<\/p>\n<p style=\"text-align: justify\"><strong style=\"color: #999999\"><a style=\"color: #999999\" href=\"http:\/\/www.cnct.fr\/\" target=\"_blank\" rel=\"noopener noreferrer\">Comit\u00e9 national contre le tabagisme |<\/a><\/strong><\/p>\n","protected":false},"excerpt":{"rendered":"<p>Le minist\u00e8re tch\u00e8que de la sant\u00e9 a d\u00e9voil\u00e9 un projet de r\u00e8glementation qui renforcerait les restrictions sur les cigarettes \u00e9lectroniques, en particulier celles qui comportent des images d&rsquo;animaux ou de personnages attrayants pour les enfants. Les mesures propos\u00e9es, qui doivent \u00eatre notifi\u00e9es \u00e0 la Commission europ\u00e9enne, s\u2019inscrivent dans le principe de base du TFUE \u00a0visant \u00e0 ce que les l\u00e9gislations europ\u00e9ennes atteignent le niveau de protection en sant\u00e9 le plus \u00e9lev\u00e9.<\/p>\n","protected":false},"featured_media":24327,"template":"","tags":[],"thematique":[491],"class_list":["post-24324","actualites","type-actualites","status-publish","has-post-thumbnail","hentry","thematique-politiques-publiques"],"acf":[],"_links":{"self":[{"href":"https:\/\/www.generationsanstabac.org\/fr\/wp-json\/wp\/v2\/actualites\/24324","targetHints":{"allow":["GET"]}}],"collection":[{"href":"https:\/\/www.generationsanstabac.org\/fr\/wp-json\/wp\/v2\/actualites"}],"about":[{"href":"https:\/\/www.generationsanstabac.org\/fr\/wp-json\/wp\/v2\/types\/actualites"}],"version-history":[{"count":4,"href":"https:\/\/www.generationsanstabac.org\/fr\/wp-json\/wp\/v2\/actualites\/24324\/revisions"}],"predecessor-version":[{"id":24337,"href":"https:\/\/www.generationsanstabac.org\/fr\/wp-json\/wp\/v2\/actualites\/24324\/revisions\/24337"}],"wp:featuredmedia":[{"embeddable":true,"href":"https:\/\/www.generationsanstabac.org\/fr\/wp-json\/wp\/v2\/media\/24327"}],"wp:attachment":[{"href":"https:\/\/www.generationsanstabac.org\/fr\/wp-json\/wp\/v2\/media?parent=24324"}],"wp:term":[{"taxonomy":"post_tag","embeddable":true,"href":"https:\/\/www.generationsanstabac.org\/fr\/wp-json\/wp\/v2\/tags?post=24324"},{"taxonomy":"thematique","embeddable":true,"href":"https:\/\/www.generationsanstabac.org\/fr\/wp-json\/wp\/v2\/thematique?post=24324"}],"curies":[{"name":"wp","href":"https:\/\/api.w.org\/{rel}","templated":true}]}}