{"id":24313,"date":"2025-06-11T07:00:38","date_gmt":"2025-06-11T05:00:38","guid":{"rendered":"https:\/\/www.generationsanstabac.org\/?post_type=actualites&#038;p=24313"},"modified":"2025-06-10T10:35:04","modified_gmt":"2025-06-10T08:35:04","slug":"luruguay-interdit-les-cigarettes-electroniques-jetables","status":"publish","type":"actualites","link":"https:\/\/www.generationsanstabac.org\/fr\/actualites\/luruguay-interdit-les-cigarettes-electroniques-jetables\/","title":{"rendered":"L&rsquo;Uruguay interdit les cigarettes \u00e9lectroniques jetables"},"content":{"rendered":"<p style=\"text-align: justify\"><em>Le gouvernement uruguayen de Yamand\u00fa Orsi a officiellement interdit depuis mai 2025 la vente, l\u2019importation et l\u2019enregistrement par les entreprises des e-cigarettes jetables, et devrait rendre applicable le paquet neutre pour les produits du tabac, confortant le r\u00f4le de pionnier du pays en mati\u00e8re de sant\u00e9 publique dans la r\u00e9gion<a href=\"#_ftn1\" name=\"_ftnref1\"><strong>[1]<\/strong><\/a>.<\/em><\/p>\n<h2 style=\"text-align: justify\">Une mesure de pr\u00e9vention face \u00e0 de nouvelles formes de d\u00e9pendance<\/h2>\n<p style=\"text-align: justify\">Les cigarettes \u00e9lectroniques ont \u00e9t\u00e9 d\u00e9montr\u00e9es comme pouvant aider \u00e0 arr\u00eater de fumer dans le cadre d\u00e9fini de protocoles de recherche clinique bien conduits. En m\u00eame temps, elles sont une source d\u2019entr\u00e9e des jeunes dans l\u2019addiction \u00e0 la nicotine voire la consommation de tabac. Enfin, leur consommation chronique a des effets d\u00e9l\u00e9t\u00e8res, en particulier sur la sant\u00e9 respiratoire et cardio-vasculaire de leurs usagers.<\/p>\n<p style=\"text-align: justify\">Les donn\u00e9es collect\u00e9es dans les \u00e9coles uruguayennes montrent une tendance \u00e0 la baisse de la consommation de nicotine via les cigarettes de tabac classiques mais une forte hausse de l\u2019utilisation d\u2019e-cigarettes aromatis\u00e9es, en particulier depuis leur apparition dans les commerces de proximit\u00e9. 9,9 % des jeunes de 13 \u00e0 15 ans ont utilis\u00e9 des cigarettes \u00e9lectroniques au cours du mois pr\u00e9c\u00e9dant l\u2019enqu\u00eate.<\/p>\n<p style=\"text-align: justify\">Depuis 2022, plusieurs pays d\u2019Am\u00e9rique latine et centrale, dont le Br\u00e9sil, le Mexique, l\u2019Argentine et le Venezuela, ont \u00e9galement restreint ou interdit le commerce des e-cigarettes jetables. Selon une enqu\u00eate de l\u2019Organisation mondiale de la sant\u00e9 r\u00e9alis\u00e9e en 2023, l\u2019usage de l\u2019e-cigarette chez les adolescents d\u00e9passe d\u00e9sormais celui des adultes dans certaines capitales de la r\u00e9gion, remettant en cause les progr\u00e8s r\u00e9alis\u00e9s dans la lutte contre le tabagisme.<\/p>\n<p style=\"text-align: justify\">Selon l\u2019\u00e9pid\u00e9miologiste Luis Raimondi, cette \u00e9volution compromet les gains obtenus au fil des ann\u00e9es dans la lutte antitabac, le tabac continuant \u00e0 peser lourdement dans le pays avec 18 personnes qui en meurent chaque jour pr\u00e9matur\u00e9ment.<\/p>\n<p style=\"text-align: justify\">L\u2019Organisation panam\u00e9ricaine de la sant\u00e9 \u00e9voque un ph\u00e9nom\u00e8ne de \u00ab passerelle \u00bb, selon lequel les jeunes utilisateurs d\u2019e-cigarettes migreraient ensuite vers des cigarettes traditionnelles. C\u2019est dans cette optique que le gouvernement uruguayen souhaite restreindre l\u2019acc\u00e8s \u00e0 ces produits, consid\u00e9r\u00e9s comme une porte d\u2019entr\u00e9e vers la d\u00e9pendance nicotinique.<\/p>\n<p style=\"text-align: justify\">La ministre de la Sant\u00e9, Cristina Lustemberg, a donc annonc\u00e9 l\u2019interdiction de l\u2019importation, de la vente, de la publicit\u00e9 et m\u00eame de l\u2019usage des cigarettes \u00e9lectroniques jetables, y compris dans des lieux isol\u00e9s. Elle les d\u00e9crit comme \u00ab <em>un pi\u00e8ge \u00e9l\u00e9gant<\/em> \u00bb visant particuli\u00e8rement les jeunes.<\/p>\n<p style=\"text-align: justify\">Des campagnes \u00e9ducatives sont en pr\u00e9paration ainsi que des programmes pilotes pour r\u00e9cup\u00e9rer les appareils usag\u00e9s. Parall\u00e8lement, certaines entreprises d\u00e9veloppent des alternatives qu\u2019elles affirment plus durables : des dispositifs rechargeables avec coques en bioplastique et batteries amovibles sont en phase de test au Br\u00e9sil et au Mexique. L\u2019Uruguay et d\u2019autres pays de la r\u00e9gion envisagent \u00e9galement une coordination au sein du MERCOSUR pour harmoniser les r\u00e9glementations et limiter les circuits illicites.<\/p>\n<h2 style=\"text-align: justify\">Des cons\u00e9quences environnementales croissantes<\/h2>\n<p style=\"text-align: justify\">Au-del\u00e0 des questions de sant\u00e9, les autorit\u00e9s uruguayennes soulignent \u00e9galement l\u2019impact \u00e9cologique des e-cigarettes jetables. Chaque appareil contient une batterie au lithium, des composants \u00e9lectroniques, ainsi que des liquides \u00e0 base de nicotine et de propyl\u00e8ne glycol. D\u2019apr\u00e8s des estimations de l\u2019Organisation panam\u00e9ricaine de la sant\u00e9, 120 millions d\u2019e-cigarettes \u00e0 usage unique ont \u00e9t\u00e9 jet\u00e9es en Am\u00e9rique latine en 2024, repr\u00e9sentant une quantit\u00e9 importante de lithium non recycl\u00e9.<\/p>\n<p style=\"text-align: justify\">Ces d\u00e9chets posent des risques pour les syst\u00e8mes de gestion des d\u00e9chets et pour l\u2019environnement. Une fois \u00e9cras\u00e9es dans les d\u00e9charges, les batteries peuvent provoquer des incendies. En milieu marin, les embouts en plastique sont souvent confondus avec des proies naturelles. L\u2019organisation uruguayenne <em>Oc\u00e9ano Vivo<\/em> a recens\u00e9, depuis janvier 2025, 17 cas de tortues marines \u00e9chou\u00e9es apr\u00e8s ingestion de fragments d\u2019e-cigarettes contenant des r\u00e9sidus de nicotine.<\/p>\n<p style=\"text-align: justify\">Le recyclage de ces dispositifs reste complexe, car les e-cigarettes sont g\u00e9n\u00e9ralement scell\u00e9es pour des raisons de co\u00fbt, rendant leur d\u00e9mant\u00e8lement difficile pour les infrastructures locales. Pour les autorit\u00e9s, l\u2019interdiction vise donc aussi \u00e0 freiner \u00e0 la source une pollution croissante, en compl\u00e9ment des efforts pour g\u00e9rer les d\u00e9chets d\u00e9j\u00e0 pr\u00e9sents dans les \u00e9cosyst\u00e8mes.<\/p>\n<h2 style=\"text-align: justify\">L&rsquo;Uruguay, pr\u00e9curseur dans la lutte antitabac et anti-vapotage<\/h2>\n<p style=\"text-align: justify\">Ce n\u2019est pas la premi\u00e8re fois que le pays se positionne en pr\u00e9curseur. Depuis la ratification de la Convention-cadre pour la lutte antitabac (CCLAT) en 2005 par le pays, l&rsquo;Uruguay a mis en \u0153uvre des interdictions de fumer d\u00e8s 2006, v\u00e9ritable pionnier dans la r\u00e9gion. Le pays a \u00e9galement adopt\u00e9 une interdiction totale de la publicit\u00e9, de la promotion et du parrainage, ainsi que la prise en charge du sevrage tabagique en soins primaires. Le pays s\u2019est distingu\u00e9 au d\u00e9but des ann\u00e9es 2010 par l\u2019adoption de larges avertissements sanitaires sur les conditionnements associ\u00e9s \u00e0 l\u2019impossibilit\u00e9 pour les fabricants de d\u00e9cliner leurs marques. Un recours de Philip Morris contre le pays a \u00e9chou\u00e9, ce dernier soutenu par une mobilisation internationale. Cette d\u00e9cision juridique fut importante dans la reconnaissance de la l\u00e9gitimit\u00e9 d\u2019un pays \u00e0 vouloir d\u00e9fendre ses citoyens face \u00e0 des int\u00e9r\u00eats \u00e9conomiques.<\/p>\n<p style=\"text-align: justify\">Le pays fut aussi le premier pays de la r\u00e9gion \u00e0 adopter le paquet neutre pour les produits du tabac. Cependant l\u2019application de la mesure fut suspendue avec la venue du gouvernement de Lacalle Pou. Mais un recours en justice condamnant la d\u00e9cision de ce gouvernement devrait conduire \u00e0 rendre la mesure effective.<\/p>\n<p style=\"text-align: justify\">Enfin parmi les autres pistes envisag\u00e9es par le pays pour acc\u00e9l\u00e9rer la lutte antitabac figure, entre autres, <a href=\"https:\/\/www.generationsanstabac.org\/fr\/actualites\/uruguay-une-etude-universitaire-analyse-les-effets-sur-la-consommation-dune-majoration-des-taxes-sur-le-tabac-pour-le-pays\/\">une hausse des taxes sur le tabac pour am\u00e9liorer la sant\u00e9 publique et les finances<\/a>.<\/p>\n<p style=\"text-align: justify\"><strong style=\"text-align: justify\"><a href=\"https:\/\/www.generationsanstabac.org\/\">\u00a9G\u00e9n\u00e9ration Sans Tabac<\/a><\/strong><\/p>\n<p style=\"text-align: right\"><em><strong>AD<\/strong><\/em><\/p>\n<hr \/>\n<p style=\"text-align: justify\"><a href=\"#_ftnref1\" name=\"_ftn1\">[1]<\/a>Latin American Post, <a href=\"https:\/\/latinamericanpost.com\/americas\/uruguays-bold-disposable-vapes-ban-boosts-environmental-awareness\/\">Uruguay\u2019s Bold Disposable Vapes Ban Boosts Environmental Awareness<\/a>, publi\u00e9 le 4 juin 2025, consult\u00e9 le 5 juin 2025<\/p>\n<p style=\"text-align: justify\"><strong style=\"color: #999999\"><a style=\"color: #999999\" href=\"http:\/\/www.cnct.fr\/\" target=\"_blank\" rel=\"noopener noreferrer\">Comit\u00e9 national contre le tabagisme |<\/a><\/strong><\/p>\n","protected":false},"excerpt":{"rendered":"<p>Le gouvernement uruguayen de Yamand\u00fa Orsi a officiellement interdit depuis mai 2025 la vente, l\u2019importation et l\u2019enregistrement par les entreprises des e-cigarettes jetables, et devrait rendre applicable le paquet neutre pour les produits du tabac, confortant le r\u00f4le de pionnier du pays en mati\u00e8re de sant\u00e9 publique dans la r\u00e9gion.<\/p>\n","protected":false},"featured_media":24316,"template":"","tags":[],"thematique":[491,474],"class_list":["post-24313","actualites","type-actualites","status-publish","has-post-thumbnail","hentry","thematique-politiques-publiques","thematique-sante"],"acf":[],"_links":{"self":[{"href":"https:\/\/www.generationsanstabac.org\/fr\/wp-json\/wp\/v2\/actualites\/24313","targetHints":{"allow":["GET"]}}],"collection":[{"href":"https:\/\/www.generationsanstabac.org\/fr\/wp-json\/wp\/v2\/actualites"}],"about":[{"href":"https:\/\/www.generationsanstabac.org\/fr\/wp-json\/wp\/v2\/types\/actualites"}],"version-history":[{"count":3,"href":"https:\/\/www.generationsanstabac.org\/fr\/wp-json\/wp\/v2\/actualites\/24313\/revisions"}],"predecessor-version":[{"id":24318,"href":"https:\/\/www.generationsanstabac.org\/fr\/wp-json\/wp\/v2\/actualites\/24313\/revisions\/24318"}],"wp:featuredmedia":[{"embeddable":true,"href":"https:\/\/www.generationsanstabac.org\/fr\/wp-json\/wp\/v2\/media\/24316"}],"wp:attachment":[{"href":"https:\/\/www.generationsanstabac.org\/fr\/wp-json\/wp\/v2\/media?parent=24313"}],"wp:term":[{"taxonomy":"post_tag","embeddable":true,"href":"https:\/\/www.generationsanstabac.org\/fr\/wp-json\/wp\/v2\/tags?post=24313"},{"taxonomy":"thematique","embeddable":true,"href":"https:\/\/www.generationsanstabac.org\/fr\/wp-json\/wp\/v2\/thematique?post=24313"}],"curies":[{"name":"wp","href":"https:\/\/api.w.org\/{rel}","templated":true}]}}